{"id":210,"date":"2011-12-05T10:17:40","date_gmt":"2011-12-05T09:17:40","guid":{"rendered":"http:\/\/blogasuncion.es\/?p=210"},"modified":"2014-10-12T19:56:24","modified_gmt":"2014-10-12T17:56:24","slug":"taller-del-hogar-realizado-por-4o-de-primaria","status":"publish","type":"post","link":"https:\/\/www.ceipmaestrorafaelbravomartin.es\/?p=210","title":{"rendered":"Taller del Hogar realizado por 4\u00ba de primaria"},"content":{"rendered":"<p>Al tener como uno de nuestros Programas el de Coeducaci\u00f3n, los cursos de  4\u00ba realizamos un taller del hogar en el que ense\u00f1amos a nuestros\/as  alumnos\/as como planchar, poner la mesa, barrer, fregar, limpiar  ventanas, etc. Todo esto con la intenci\u00f3n de hacer constar que tanto  ni\u00f1os como ni\u00f1as deben saber hacer las tareas del hogar, que estas no  son exclusivas del sexo femenino; as\u00ed como, recordarles que deben  colaborar en casa. Aqu\u00ed os ponemos una muestra de la realizaci\u00f3n de la  actividad. (Fotos del taller).<\/p>\n<p>Adem\u00e1s de lo anteriormente citado y expuesto,  el curso 4\u00baB motivado por la actividad realizada por el curso 6\u00baB  (Cuidados de un beb\u00e9) tambi\u00e9n hizo dicha actividad. Las fotos han sido  publicadas en el blog Guadalquivir-Asunci\u00f3n. Todo el alumnado realiz\u00f3  las actividades aprendiendo y disfrutando de ellas. Desde aqu\u00ed os  volvemos a invitar a visitar el <a target=\"_blank\" href=\"http:\/\/guadalquiviryasuncion1112.blogspot.com\/\">blog Guadalquivir-Asunci\u00f3n<\/a> para que  pod\u00e1is ver las fotos de la actividad anteriormente mencionada entre  otras much\u00edsimas cosas interesantes y realizadas por alumnado de Tercer  Ciclo de nuestro Centro y del C.E.I.P. Guadalquivir (La Rinconada).<\/p>\n<p>\u00a0<\/p>\n<p style=\"text-align: center;\">\u00a0<\/p>\n<div style=\"text-align: center;\">\n<object codebase=\"http:\/\/download.macromedia.com\/pub\/shockwave\/cabs\/flash\/swflash.cab#version=10,0,32,18\" classid=\"clsid:d27cdb6e-ae6d-11cf-96b8-444553540000\" type=\"application\/x-shockwave-flash\" height=\"420\" width=\"560\" style=\"display: block; margin-left: auto; margin-right: auto;\"><param name=\"wmode\" value=\"transparent\" \/><param name=\"allowFullScreen\" value=\"true\" \/><param name=\"src\" value=\"http:\/\/pf.kizoa.com\/sflite.swf?did=2101267&amp;k=5046276\" \/><\/object><br \/>\n<br \/><a href=\"http:\/\/www.kizoa.es\/diapositivas\/d2101267k5046276o2\/coeducacion-segundo-ciclo\"><b>Coeducaci\u00f3n Segundo Ciclo<\/b><\/a><i><a href=\"http:\/\/www.kizoa.es\"><\/a><\/i><\/div>\n","protected":false},"excerpt":{"rendered":"<p>Al tener como uno de nuestros Programas el de Coeducaci\u00f3n, los cursos de 4\u00ba realizamos un taller del hogar en el que ense\u00f1amos a nuestros\/as alumnos\/as como planchar, poner la mesa, barrer, fregar, limpiar ventanas, etc. Todo esto con la intenci\u00f3n de hacer constar que tanto ni\u00f1os como ni\u00f1as deben [&hellip;]<\/p>\n","protected":false},"author":4,"featured_media":0,"comment_status":"closed","ping_status":"open","sticky":false,"template":"","format":"standard","meta":{"jetpack_post_was_ever_published":false,"_jetpack_newsletter_access":"","_jetpack_dont_email_post_to_subs":false,"_jetpack_newsletter_tier_id":0,"_jetpack_memberships_contains_paywalled_content":false,"_jetpack_memberships_contains_paid_content":false,"footnotes":""},"categories":[47],"tags":[],"class_list":["post-210","post","type-post","status-publish","format-standard","hentry","category-segundo-ciclo-de-primaria"],"jetpack_featured_media_url":"","jetpack_sharing_enabled":true,"jetpack_shortlink":"https:\/\/wp.me\/p9VlHp-3o","jetpack-related-posts":[{"id":148,"url":"https:\/\/www.ceipmaestrorafaelbravomartin.es\/?p=148","url_meta":{"origin":210,"position":0},"title":"Semana Cultural: Nuestro Centro. Ayer y Hoy","author":"CEIP Maestro Rafael Bravo Mart\u00edn","date":"10 marzo, 2011","format":false,"excerpt":"Lema: Nuestro Centro. Ayer y Hoy. \u00a0 Durante la semana del 21 al 25 de marzo y durante un tiempo, cada curso con su tutor-a realizar\u00e1 una actividad relacionada con le lema de nuestra semana cultural.\u00a0 \u00a0 Actividades: - Limpieza del centro. - Decoraci\u00f3n del centro. - Conocimiento del centro.\u2026","rel":"","context":"En \u00abActividades extraescolares\u00bb","block_context":{"text":"Actividades extraescolares","link":"https:\/\/www.ceipmaestrorafaelbravomartin.es\/?cat=14"},"img":{"alt_text":"","src":"","width":0,"height":0},"classes":[]},{"id":140,"url":"https:\/\/www.ceipmaestrorafaelbravomartin.es\/?p=140","url_meta":{"origin":210,"position":1},"title":"Ntra Sra de la ASUNCI\u00d3N, una nueva etapa.","author":"CEIP Maestro Rafael Bravo Mart\u00edn","date":"8 febrero, 2011","format":false,"excerpt":"Si como qued\u00f3 reflejado en el art\u00edculo anterior, el nombre del Centro Nuestra Se\u00f1ora de la Asunci\u00f3n comenz\u00f3 en el curso 1960\/61se puede decir que en el curso 1981\/82 comienza una nueva etapa pues hasta ese momento todo el alumnado, y por tanto el profesorado, pertenec\u00eda al mismo Centro, Colegio\u2026","rel":"","context":"En \u00abHistoria\u00bb","block_context":{"text":"Historia","link":"https:\/\/www.ceipmaestrorafaelbravomartin.es\/?cat=43"},"img":{"alt_text":"","src":"","width":0,"height":0},"classes":[]},{"id":211,"url":"https:\/\/www.ceipmaestrorafaelbravomartin.es\/?p=211","url_meta":{"origin":210,"position":2},"title":"Halloween 2011","author":"CEIP Maestro Rafael Bravo Mart\u00edn","date":"3 diciembre, 2011","format":false,"excerpt":"Para celebrar la fiesta correspondiente al d\u00eda 31 de Octubre-1 de Noviembre y teniendo en cuenta que nuestro Centro es Biling\u00fce; todo el Centro se dispuso a trabajar el tema referente a Halloween (fiesta perteneciente a la cultura Norteamericana) y que se celebra en la fecha indicada. El alumnado decor\u00f3\u2026","rel":"","context":"En \u00abSegundo ciclo de Primaria\u00bb","block_context":{"text":"Segundo ciclo de Primaria","link":"https:\/\/www.ceipmaestrorafaelbravomartin.es\/?cat=47"},"img":{"alt_text":"","src":"","width":0,"height":0},"classes":[]},{"id":33,"url":"https:\/\/www.ceipmaestrorafaelbravomartin.es\/?p=33","url_meta":{"origin":210,"position":3},"title":"Centro TIC","author":"CEIP Maestro Rafael Bravo Mart\u00edn","date":"18 octubre, 2010","format":false,"excerpt":"Nuestra sociedad actual est\u00e1 caracterizada por cambios r\u00e1pidos y profundos, especialmente motivados por el desarrollo de las Nuevas Tecnolog\u00edas de la Informaci\u00f3n y el Conocimiento. La escuela no puede estar ajena a este fen\u00f3meno y tenemos la obligaci\u00f3n de preparar a nuestros alumnos y alumnas para esta sociedad, en la\u2026","rel":"","context":"En \u00abPlanes y programas\u00bb","block_context":{"text":"Planes y programas","link":"https:\/\/www.ceipmaestrorafaelbravomartin.es\/?cat=23"},"img":{"alt_text":"","src":"","width":0,"height":0},"classes":[]},{"id":232,"url":"https:\/\/www.ceipmaestrorafaelbravomartin.es\/?p=232","url_meta":{"origin":210,"position":4},"title":"\u00abRobin Hood\u00bb","author":"CEIP Maestro Rafael Bravo Mart\u00edn","date":"18 marzo, 2012","format":false,"excerpt":"El viernes d\u00eda 16 de Marzo, el alumnado de Segundo y Tercer Ciclo de Primaria asisti\u00f3 a la Casa de la Cultura para disfrutar de una estupenda obra de teatro en Ingl\u00e9s adaptada para ni\u00f1os y ni\u00f1as, en la que, como podr\u00e9is comprobar, alumnos y alumnas fueron seleccionados\/as al azar\u2026","rel":"","context":"En \u00abPlanes y programas\u00bb","block_context":{"text":"Planes y programas","link":"https:\/\/www.ceipmaestrorafaelbravomartin.es\/?cat=9"},"img":{"alt_text":"","src":"","width":0,"height":0},"classes":[]},{"id":225,"url":"https:\/\/www.ceipmaestrorafaelbravomartin.es\/?p=225","url_meta":{"origin":210,"position":5},"title":"1\u00aa tirada del peri\u00f3dico &#8211; Curso 2011-12","author":"CEIP Maestro Rafael Bravo Mart\u00edn","date":"7 febrero, 2012","format":false,"excerpt":"\u00a0 TALLER DE PERI\u00d3DICO \u00a0 Un a\u00f1o m\u00e1s, y ya van unos pocos, nos disponemos a sacar el peri\u00f3dico del colegio Asunci\u00f3n. Por lo tanto animamos a todo el alumnado, profesorado, padres y madres, a participar en esta edici\u00f3n de \u201c Ventana Escolar\u201d. \u00a0 Os recordamos la direcci\u00f3n de correo\u2026","rel":"","context":"En \u00abInformaci\u00f3n\u00bb","block_context":{"text":"Informaci\u00f3n","link":"https:\/\/www.ceipmaestrorafaelbravomartin.es\/?cat=17"},"img":{"alt_text":"","src":"","width":0,"height":0},"classes":[]}],"_links":{"self":[{"href":"https:\/\/www.ceipmaestrorafaelbravomartin.es\/index.php?rest_route=\/wp\/v2\/posts\/210","targetHints":{"allow":["GET"]}}],"collection":[{"href":"https:\/\/www.ceipmaestrorafaelbravomartin.es\/index.php?rest_route=\/wp\/v2\/posts"}],"about":[{"href":"https:\/\/www.ceipmaestrorafaelbravomartin.es\/index.php?rest_route=\/wp\/v2\/types\/post"}],"author":[{"embeddable":true,"href":"https:\/\/www.ceipmaestrorafaelbravomartin.es\/index.php?rest_route=\/wp\/v2\/users\/4"}],"replies":[{"embeddable":true,"href":"https:\/\/www.ceipmaestrorafaelbravomartin.es\/index.php?rest_route=%2Fwp%2Fv2%2Fcomments&post=210"}],"version-history":[{"count":1,"href":"https:\/\/www.ceipmaestrorafaelbravomartin.es\/index.php?rest_route=\/wp\/v2\/posts\/210\/revisions"}],"predecessor-version":[{"id":894,"href":"https:\/\/www.ceipmaestrorafaelbravomartin.es\/index.php?rest_route=\/wp\/v2\/posts\/210\/revisions\/894"}],"wp:attachment":[{"href":"https:\/\/www.ceipmaestrorafaelbravomartin.es\/index.php?rest_route=%2Fwp%2Fv2%2Fmedia&parent=210"}],"wp:term":[{"taxonomy":"category","embeddable":true,"href":"https:\/\/www.ceipmaestrorafaelbravomartin.es\/index.php?rest_route=%2Fwp%2Fv2%2Fcategories&post=210"},{"taxonomy":"post_tag","embeddable":true,"href":"https:\/\/www.ceipmaestrorafaelbravomartin.es\/index.php?rest_route=%2Fwp%2Fv2%2Ftags&post=210"}],"curies":[{"name":"wp","href":"https:\/\/api.w.org\/{rel}","templated":true}]}}