{"id":217,"date":"2011-12-13T19:24:47","date_gmt":"2011-12-13T18:24:47","guid":{"rendered":"http:\/\/blogasuncion.es\/?p=217"},"modified":"2014-10-12T19:55:51","modified_gmt":"2014-10-12T17:55:51","slug":"carmen-luna-nuestra-companera","status":"publish","type":"post","link":"https:\/\/www.ceipmaestrorafaelbravomartin.es\/?p=217","title":{"rendered":"Carmen Luna: Nuestra Compa\u00f1era"},"content":{"rendered":"<p style=\"text-align: center;\">\u00a0<\/p>\n<div style=\"text-align: center;\" align=\"center\"><img loading=\"lazy\" decoding=\"async\" class=\"mceitemrealmedia\" src=\"http:\/\/blogasuncion.es\/wp-content\/uploads\/2011\/12\/composicin.jpg\" alt=\"Carmen Luna\" title=\"Carmen L.\" height=\"354\" width=\"533\" border=\"0\" \/><\/div>\n<div style=\"text-align: center;\" align=\"center\"><\/div>\n<div align=\"center\">\n<pre><span style=\"white-space: normal; font-size: 12pt; font-family: arial,helvetica,sans-serif;\" class=\"Apple-style-span\"><a href=\"http:\/\/blogasuncion.es\/wp-content\/uploads\/2011\/12\/composicin.jpg\" title=\"Carmen L.\" rel=\"lightbox\">Ampliar<\/a><\/span> &nbsp;<br \/><\/pre>\n<\/div>\n<pre><span style=\"font-family: Arial,Helvetica,sans-serif; white-space: normal; font-size: 13.2px;\" class=\"Apple-style-span\">&nbsp;<\/span>&nbsp; <br \/><\/pre>\n<p style=\"text-align: left;\"><a href=\"http:\/\/blogasuncion.es\/wp-content\/uploads\/2011\/12\/composicin.jpg\"><br \/><\/a><\/p>\n<p><img loading=\"lazy\" decoding=\"async\" style=\"display: block; margin-left: auto; margin-right: auto;\" src=\"http:\/\/blogasuncion.es\/wp-content\/uploads\/2011\/12\/carmen.jpg\" alt=\"Texto para Carmen\" title=\"Texto\" height=\"358\" width=\"538\" \/><span style=\"font-family: arial,helvetica,sans-serif; font-size: 12pt;\"><a href=\"http:\/\/blogasuncion.es\/wp-content\/uploads\/2011\/12\/carmen.jpg\" title=\"Texto para Carmen\" rel=\"lightbox\">Ampliar<\/a><\/span><\/p>\n<p>{jcomments on}<\/p>\n","protected":false},"excerpt":{"rendered":"<p>\u00a0 Ampliar &nbsp; &nbsp;&nbsp; Ampliar {jcomments on}<\/p>\n","protected":false},"author":4,"featured_media":215,"comment_status":"closed","ping_status":"open","sticky":false,"template":"","format":"standard","meta":{"jetpack_post_was_ever_published":false,"_jetpack_newsletter_access":"","_jetpack_dont_email_post_to_subs":false,"_jetpack_newsletter_tier_id":0,"_jetpack_memberships_contains_paywalled_content":false,"_jetpack_memberships_contains_paid_content":false,"footnotes":""},"categories":[24],"tags":[],"class_list":["post-217","post","type-post","status-publish","format-standard","has-post-thumbnail","hentry","category-c59-dedicatorias"],"jetpack_featured_media_url":"https:\/\/www.ceipmaestrorafaelbravomartin.es\/wp-content\/uploads\/2011\/12\/composicin.jpg","jetpack_sharing_enabled":true,"jetpack_shortlink":"https:\/\/wp.me\/p9VlHp-3v","jetpack-related-posts":[{"id":1280,"url":"https:\/\/www.ceipmaestrorafaelbravomartin.es\/?p=1280","url_meta":{"origin":217,"position":0},"title":"En memoria de Mar\u00eda Jes\u00fas","author":"CEIP Maestro Rafael Bravo Mart\u00edn","date":"22 diciembre, 2015","format":false,"excerpt":"Desde nuestro Centro, queremos hacer llegar a toda la Comunidad Educativa, que el pr\u00f3ximo martes 22 de diciembre a las 19:00 h. se celebrar\u00e1 una misa en memoria de nuestra compa\u00f1era Mar\u00eda Jes\u00fas C\u00e1mara Dur\u00e1n en la Parroquia Ntra. Sra. de la Asunci\u00f3n de Alcal\u00e1 del R\u00edo. \u00a0","rel":"","context":"En \u00abDedicatorias\u00bb","block_context":{"text":"Dedicatorias","link":"https:\/\/www.ceipmaestrorafaelbravomartin.es\/?cat=24"},"img":{"alt_text":"IMG_3300","src":"https:\/\/i0.wp.com\/www.ceipmaestrorafaelbravomartin.es\/wp-content\/uploads\/2015\/12\/IMG_3300-651x1024.jpg?resize=350%2C200","width":350,"height":200,"srcset":"https:\/\/i0.wp.com\/www.ceipmaestrorafaelbravomartin.es\/wp-content\/uploads\/2015\/12\/IMG_3300-651x1024.jpg?resize=350%2C200 1x, https:\/\/i0.wp.com\/www.ceipmaestrorafaelbravomartin.es\/wp-content\/uploads\/2015\/12\/IMG_3300-651x1024.jpg?resize=525%2C300 1.5x"},"classes":[]},{"id":3321,"url":"https:\/\/www.ceipmaestrorafaelbravomartin.es\/?p=3321","url_meta":{"origin":217,"position":1},"title":"Rafael","author":"CEIP Maestro Rafael Bravo Mart\u00edn","date":"19 enero, 2023","format":false,"excerpt":"Hace ya diez a\u00f1os que no est\u00e1s, pero sigues en nuestra memoria. Todav\u00eda somos muchas y muchos los que seguimos record\u00e1ndote y que seguiremos haci\u00e9ndolo. Con cari\u00f1o, Aurora.","rel":"","context":"En \u00abDedicatorias\u00bb","block_context":{"text":"Dedicatorias","link":"https:\/\/www.ceipmaestrorafaelbravomartin.es\/?cat=24"},"img":{"alt_text":"","src":"https:\/\/i0.wp.com\/www.ceipmaestrorafaelbravomartin.es\/wp-content\/uploads\/2023\/01\/Rafaelrecortadabiselada.jpg?resize=350%2C200&ssl=1","width":350,"height":200,"srcset":"https:\/\/i0.wp.com\/www.ceipmaestrorafaelbravomartin.es\/wp-content\/uploads\/2023\/01\/Rafaelrecortadabiselada.jpg?resize=350%2C200&ssl=1 1x, https:\/\/i0.wp.com\/www.ceipmaestrorafaelbravomartin.es\/wp-content\/uploads\/2023\/01\/Rafaelrecortadabiselada.jpg?resize=525%2C300&ssl=1 1.5x, https:\/\/i0.wp.com\/www.ceipmaestrorafaelbravomartin.es\/wp-content\/uploads\/2023\/01\/Rafaelrecortadabiselada.jpg?resize=700%2C400&ssl=1 2x, https:\/\/i0.wp.com\/www.ceipmaestrorafaelbravomartin.es\/wp-content\/uploads\/2023\/01\/Rafaelrecortadabiselada.jpg?resize=1050%2C600&ssl=1 3x, https:\/\/i0.wp.com\/www.ceipmaestrorafaelbravomartin.es\/wp-content\/uploads\/2023\/01\/Rafaelrecortadabiselada.jpg?resize=1400%2C800&ssl=1 4x"},"classes":[]},{"id":3394,"url":"https:\/\/www.ceipmaestrorafaelbravomartin.es\/?p=3394","url_meta":{"origin":217,"position":2},"title":"Ocho a\u00f1os","author":"CEIP Maestro Rafael Bravo Mart\u00edn","date":"16 diciembre, 2023","format":false,"excerpt":"Hoy hace ocho a\u00f1os que no est\u00e1s con nosotros. Sigo acord\u00e1ndome de ti. Y como yo, tambi\u00e9n s\u00e9 que muchos compa\u00f1eros \/compa\u00f1eras, amigos \/ amigas y familiares. Estar\u00e1s en nuestra memoria siempre.","rel":"","context":"En \u00abDedicatorias\u00bb","block_context":{"text":"Dedicatorias","link":"https:\/\/www.ceipmaestrorafaelbravomartin.es\/?cat=24"},"img":{"alt_text":"","src":"","width":0,"height":0},"classes":[]},{"id":3207,"url":"https:\/\/www.ceipmaestrorafaelbravomartin.es\/?p=3207","url_meta":{"origin":217,"position":3},"title":"SEIS A\u00d1OS","author":"CEIP Maestro Rafael Bravo Mart\u00edn","date":"16 diciembre, 2021","format":false,"excerpt":"Aunque hayan pasado seis a\u00f1os que no est\u00e1s aqu\u00ed, mientras sigas estando en alg\u00fan rinc\u00f3n de la memoria de aquellas personas que compartimos contigo momentos de nuestra vida, no te habr\u00e1s ido del todo. Aurora","rel":"","context":"En \u00abDedicatorias\u00bb","block_context":{"text":"Dedicatorias","link":"https:\/\/www.ceipmaestrorafaelbravomartin.es\/?cat=24"},"img":{"alt_text":"","src":"https:\/\/i0.wp.com\/www.ceipmaestrorafaelbravomartin.es\/wp-content\/uploads\/2021\/12\/collage_2021-11-04_12-35-04.png?resize=350%2C200&ssl=1","width":350,"height":200,"srcset":"https:\/\/i0.wp.com\/www.ceipmaestrorafaelbravomartin.es\/wp-content\/uploads\/2021\/12\/collage_2021-11-04_12-35-04.png?resize=350%2C200&ssl=1 1x, https:\/\/i0.wp.com\/www.ceipmaestrorafaelbravomartin.es\/wp-content\/uploads\/2021\/12\/collage_2021-11-04_12-35-04.png?resize=525%2C300&ssl=1 1.5x, https:\/\/i0.wp.com\/www.ceipmaestrorafaelbravomartin.es\/wp-content\/uploads\/2021\/12\/collage_2021-11-04_12-35-04.png?resize=700%2C400&ssl=1 2x, https:\/\/i0.wp.com\/www.ceipmaestrorafaelbravomartin.es\/wp-content\/uploads\/2021\/12\/collage_2021-11-04_12-35-04.png?resize=1050%2C600&ssl=1 3x, https:\/\/i0.wp.com\/www.ceipmaestrorafaelbravomartin.es\/wp-content\/uploads\/2021\/12\/collage_2021-11-04_12-35-04.png?resize=1400%2C800&ssl=1 4x"},"classes":[]},{"id":50,"url":"https:\/\/www.ceipmaestrorafaelbravomartin.es\/?p=50","url_meta":{"origin":217,"position":4},"title":"MAESTR@S DE MAESTR@S","author":"CEIP Maestro Rafael Bravo Mart\u00edn","date":"22 octubre, 2010","format":false,"excerpt":"Ampliar \u00a0 \u00a0 Tenemos una deuda pendiente con algun@s compa\u00f1er@s, deuda que queremos saldar con este peque\u00f1o (aunque sentido) homenaje,","rel":"","context":"En \u00abDedicatorias\u00bb","block_context":{"text":"Dedicatorias","link":"https:\/\/www.ceipmaestrorafaelbravomartin.es\/?cat=24"},"img":{"alt_text":"compa\u00f1eros","src":"https:\/\/i0.wp.com\/www.ceipmaestrorafaelbravomartin.es\/wp-content\/uploads\/2010\/10\/composicion.jpg?resize=350%2C200&ssl=1","width":350,"height":200,"srcset":"https:\/\/i0.wp.com\/www.ceipmaestrorafaelbravomartin.es\/wp-content\/uploads\/2010\/10\/composicion.jpg?resize=350%2C200&ssl=1 1x, https:\/\/i0.wp.com\/www.ceipmaestrorafaelbravomartin.es\/wp-content\/uploads\/2010\/10\/composicion.jpg?resize=525%2C300&ssl=1 1.5x, https:\/\/i0.wp.com\/www.ceipmaestrorafaelbravomartin.es\/wp-content\/uploads\/2010\/10\/composicion.jpg?resize=700%2C400&ssl=1 2x, https:\/\/i0.wp.com\/www.ceipmaestrorafaelbravomartin.es\/wp-content\/uploads\/2010\/10\/composicion.jpg?resize=1050%2C600&ssl=1 3x"},"classes":[]},{"id":3399,"url":"https:\/\/www.ceipmaestrorafaelbravomartin.es\/?p=3399","url_meta":{"origin":217,"position":5},"title":"Rafael","author":"CEIP Maestro Rafael Bravo Mart\u00edn","date":"19 enero, 2024","format":false,"excerpt":"Hoy se cumplen once a\u00f1os, para m\u00ed parece que a\u00fan est\u00e9s aqu\u00ed. Siempre digo que estar\u00e1s en nuestra memoria y pienso que muchas y muchos compa\u00f1eras\/os est\u00e1n de acuerdo conmigo. Con todo mi cari\u00f1o para ti y tu familia. Aurora.","rel":"","context":"En \u00abDedicatorias\u00bb","block_context":{"text":"Dedicatorias","link":"https:\/\/www.ceipmaestrorafaelbravomartin.es\/?cat=24"},"img":{"alt_text":"","src":"https:\/\/i0.wp.com\/www.ceipmaestrorafaelbravomartin.es\/wp-content\/uploads\/2023\/01\/Rafaelrecortadabiselada.jpg?resize=350%2C200&ssl=1","width":350,"height":200,"srcset":"https:\/\/i0.wp.com\/www.ceipmaestrorafaelbravomartin.es\/wp-content\/uploads\/2023\/01\/Rafaelrecortadabiselada.jpg?resize=350%2C200&ssl=1 1x, https:\/\/i0.wp.com\/www.ceipmaestrorafaelbravomartin.es\/wp-content\/uploads\/2023\/01\/Rafaelrecortadabiselada.jpg?resize=525%2C300&ssl=1 1.5x, https:\/\/i0.wp.com\/www.ceipmaestrorafaelbravomartin.es\/wp-content\/uploads\/2023\/01\/Rafaelrecortadabiselada.jpg?resize=700%2C400&ssl=1 2x, https:\/\/i0.wp.com\/www.ceipmaestrorafaelbravomartin.es\/wp-content\/uploads\/2023\/01\/Rafaelrecortadabiselada.jpg?resize=1050%2C600&ssl=1 3x, https:\/\/i0.wp.com\/www.ceipmaestrorafaelbravomartin.es\/wp-content\/uploads\/2023\/01\/Rafaelrecortadabiselada.jpg?resize=1400%2C800&ssl=1 4x"},"classes":[]}],"_links":{"self":[{"href":"https:\/\/www.ceipmaestrorafaelbravomartin.es\/index.php?rest_route=\/wp\/v2\/posts\/217","targetHints":{"allow":["GET"]}}],"collection":[{"href":"https:\/\/www.ceipmaestrorafaelbravomartin.es\/index.php?rest_route=\/wp\/v2\/posts"}],"about":[{"href":"https:\/\/www.ceipmaestrorafaelbravomartin.es\/index.php?rest_route=\/wp\/v2\/types\/post"}],"author":[{"embeddable":true,"href":"https:\/\/www.ceipmaestrorafaelbravomartin.es\/index.php?rest_route=\/wp\/v2\/users\/4"}],"replies":[{"embeddable":true,"href":"https:\/\/www.ceipmaestrorafaelbravomartin.es\/index.php?rest_route=%2Fwp%2Fv2%2Fcomments&post=217"}],"version-history":[{"count":1,"href":"https:\/\/www.ceipmaestrorafaelbravomartin.es\/index.php?rest_route=\/wp\/v2\/posts\/217\/revisions"}],"predecessor-version":[{"id":891,"href":"https:\/\/www.ceipmaestrorafaelbravomartin.es\/index.php?rest_route=\/wp\/v2\/posts\/217\/revisions\/891"}],"wp:featuredmedia":[{"embeddable":true,"href":"https:\/\/www.ceipmaestrorafaelbravomartin.es\/index.php?rest_route=\/wp\/v2\/media\/215"}],"wp:attachment":[{"href":"https:\/\/www.ceipmaestrorafaelbravomartin.es\/index.php?rest_route=%2Fwp%2Fv2%2Fmedia&parent=217"}],"wp:term":[{"taxonomy":"category","embeddable":true,"href":"https:\/\/www.ceipmaestrorafaelbravomartin.es\/index.php?rest_route=%2Fwp%2Fv2%2Fcategories&post=217"},{"taxonomy":"post_tag","embeddable":true,"href":"https:\/\/www.ceipmaestrorafaelbravomartin.es\/index.php?rest_route=%2Fwp%2Fv2%2Ftags&post=217"}],"curies":[{"name":"wp","href":"https:\/\/api.w.org\/{rel}","templated":true}]}}