{"id":221,"date":"2012-01-09T10:15:47","date_gmt":"2012-01-09T09:15:47","guid":{"rendered":"http:\/\/blogasuncion.es\/?p=221"},"modified":"2014-10-12T19:55:19","modified_gmt":"2014-10-12T17:55:19","slug":"celebracion-de-la-navidad","status":"publish","type":"post","link":"https:\/\/www.ceipmaestrorafaelbravomartin.es\/?p=221","title":{"rendered":"Celebraci\u00f3n de la Navidad"},"content":{"rendered":"<p>Con motivo de la Navidad se han llevado a cabo en el Centro varias  actividades, algunas de las cuales queremos compartir con toda la  Comunidad Educativa. Para comenzar, os dejamos el Certamen de Villancicos que el primer  ciclo de Primaria realiz\u00f3 en el sal\u00f3n de actos del Centro.<\/p>\n<p style=\"text-align: center;\">\u00a0<\/p>\n<p style=\"text-align: center;\">\n<object codebase=\"http:\/\/download.macromedia.com\/pub\/shockwave\/cabs\/flash\/swflash.cab#version=10,0,32,18\" classid=\"clsid:d27cdb6e-ae6d-11cf-96b8-444553540000\" type=\"application\/x-shockwave-flash\" height=\"360\" width=\"480\"><param name=\"allowFullScreen\" value=\"true\" \/><param name=\"allowscriptaccess\" value=\"always\" \/><param name=\"src\" value=\"http:\/\/www.youtube.com\/v\/RUXc_Ha2OQ4?version=3&amp;hl=es_ES\" \/>&nbsp;<\/embed>&nbsp;<\/object><br \/>\n&nbsp;<\/p>\n<p>\u00a0<\/p>\n<p>A continuaci\u00f3n, una montaje con fotograf\u00edas del Certamen de Villancicos, el desayuno navide\u00f1o que se realiz\u00f3 con la colaboraci\u00f3n de los padres y madres del alumnado del primer ciclo y la llegada de los Reyes Magos de Oriente organizada por el AMPA.<\/p>\n<p>\u00a0<\/p>\n<div>\n<object codebase=\"http:\/\/download.macromedia.com\/pub\/shockwave\/cabs\/flash\/swflash.cab#version=10,0,32,18\" classid=\"clsid:d27cdb6e-ae6d-11cf-96b8-444553540000\" type=\"application\/x-shockwave-flash\" height=\"420\" width=\"560\" style=\"display: block; margin-left: auto; margin-right: auto;\"><param name=\"wmode\" value=\"transparent\" \/><param name=\"allowFullScreen\" value=\"true\" \/><param name=\"src\" value=\"http:\/\/pf.kizoa.com\/sflite.swf?did=2154591&amp;k=P150803582\" \/>&nbsp;<\/object><br \/>\n&nbsp;  &nbsp;          &nbsp;          &nbsp;          &nbsp;          &nbsp;          &nbsp;  &nbsp;  &nbsp;          &nbsp;          &nbsp;  &nbsp;<\/div>\n<div>Por \u00faltimo, compartimos un collage donde podemos ver im\u00e1genes del Taller de Cocina que llev\u00f3 a cabo D\u00f1a. Purificaci\u00f3n Garc\u00eda con el alumnado de distintos niveles de Primaria, en la que elaboraron una receta de cocina: bolitas de chocolate.<\/div>\n<div><\/div>\n<p style=\"text-align: center;\">\u00a0<\/p>\n<div style=\"text-align: center;\" align=\"center\"><img loading=\"lazy\" decoding=\"async\" class=\"mceitemrealmedia\" src=\"http:\/\/blogasuncion.es\/wp-content\/uploads\/2012\/01\/collage.jpg\" alt=\"Taller cocina\" title=\"Taller cocina\" height=\"354\" width=\"533\" border=\"0\" \/><\/div>\n<div style=\"text-align: center;\" align=\"center\"><\/div>\n<div align=\"center\">\n<pre><span style=\"white-space: normal; font-size: 12pt; font-family: arial,helvetica,sans-serif;\" class=\"Apple-style-span\"><a href=\"http:\/\/blogasuncion.es\/wp-content\/uploads\/2012\/01\/collage.jpg\" title=\"Taller cocina\" rel=\"lightbox\">Ampliar<\/a><\/span> &nbsp;<br \/><\/pre>\n<\/div>\n","protected":false},"excerpt":{"rendered":"<p>Con motivo de la Navidad se han llevado a cabo en el Centro varias actividades, algunas de las cuales queremos compartir con toda la Comunidad Educativa. Para comenzar, os dejamos el Certamen de Villancicos que el primer ciclo de Primaria realiz\u00f3 en el sal\u00f3n de actos del Centro. \u00a0 &nbsp;&nbsp; [&hellip;]<\/p>\n","protected":false},"author":4,"featured_media":220,"comment_status":"closed","ping_status":"open","sticky":false,"template":"","format":"standard","meta":{"jetpack_post_was_ever_published":false,"_jetpack_newsletter_access":"","_jetpack_dont_email_post_to_subs":false,"_jetpack_newsletter_tier_id":0,"_jetpack_memberships_contains_paywalled_content":false,"_jetpack_memberships_contains_paid_content":false,"footnotes":""},"categories":[45],"tags":[],"class_list":["post-221","post","type-post","status-publish","format-standard","has-post-thumbnail","hentry","category-curso-201112"],"jetpack_featured_media_url":"https:\/\/www.ceipmaestrorafaelbravomartin.es\/wp-content\/uploads\/2012\/01\/collage.jpg","jetpack_sharing_enabled":true,"jetpack_shortlink":"https:\/\/wp.me\/p9VlHp-3z","jetpack-related-posts":[{"id":279,"url":"https:\/\/www.ceipmaestrorafaelbravomartin.es\/?p=279","url_meta":{"origin":221,"position":0},"title":"NAVIDAD PRIMER CICLO","author":"CEIP Maestro Rafael Bravo Mart\u00edn","date":"7 diciembre, 2012","format":false,"excerpt":"\u00a0 Se acercan las esperadas fiestas de Navidad y en el colegio nos vamos llenando de ambiente navide\u00f1o. Primer ciclo ya est\u00e1 preparando el certamen de villancicos de este a\u00f1o y para que puedan practicar en casa os dejamos las dos canciones que interpretar\u00e1n el \u00faltimo d\u00eda de clase. \u00a0\u2026","rel":"","context":"En \u00abActividades extraescolares\u00bb","block_context":{"text":"Actividades extraescolares","link":"https:\/\/www.ceipmaestrorafaelbravomartin.es\/?cat=14"},"img":{"alt_text":"","src":"","width":0,"height":0},"classes":[]},{"id":123,"url":"https:\/\/www.ceipmaestrorafaelbravomartin.es\/?p=123","url_meta":{"origin":221,"position":1},"title":"Certamen de Villancicos del Primer Ciclo de Primaria.","author":"CEIP Maestro Rafael Bravo Mart\u00edn","date":"27 diciembre, 2010","format":false,"excerpt":"A continuaci\u00f3n pod\u00e9is disfrutar de los villancicos que el alumnado del 1er ciclo de primaria interpret\u00f3 en el Certamen celebrado el pasado mi\u00e9rcoles 22 de diciembre.","rel":"","context":"En \u00abCurso 2010\/11\u00bb","block_context":{"text":"Curso 2010\/11","link":"https:\/\/www.ceipmaestrorafaelbravomartin.es\/?cat=40"},"img":{"alt_text":"","src":"","width":0,"height":0},"classes":[]},{"id":108,"url":"https:\/\/www.ceipmaestrorafaelbravomartin.es\/?p=108","url_meta":{"origin":221,"position":2},"title":"Certamen de Villancicos.","author":"CEIP Maestro Rafael Bravo Mart\u00edn","date":"15 diciembre, 2010","format":false,"excerpt":"Se informa a todos los padres, madres y familiares del alumnado del 1er ciclo de primaria de la actuaci\u00f3n que el pr\u00f3ximo mi\u00e9rcoles d\u00eda 22 de diciembre tendr\u00e1 lugar en el sal\u00f3n de actos del colegio alas 9:30 horas. El acto consisitir\u00e1 en un certamen de villancicos interpretados por cada\u2026","rel":"","context":"En \u00abSecretar\u00eda\u00bb","block_context":{"text":"Secretar\u00eda","link":"https:\/\/www.ceipmaestrorafaelbravomartin.es\/?cat=16"},"img":{"alt_text":"","src":"https:\/\/i0.wp.com\/blogasuncion.es\/wp-content\/uploads\/2010\/12\/certamen%20villancicos.gif?resize=350%2C200","width":350,"height":200},"classes":[]},{"id":1628,"url":"https:\/\/www.ceipmaestrorafaelbravomartin.es\/?p=1628","url_meta":{"origin":221,"position":3},"title":"Actuaci\u00f3n del coro Los Zambombe\u00f1os.","author":"CEIP Maestro Rafael Bravo Mart\u00edn","date":"21 diciembre, 2016","format":false,"excerpt":"Es tradicional por estas fechas, que en nuestro colegio, contemos con la participaci\u00f3n del coro local Los Zambombe\u00f1os. Estos nos regalaron varios pases con villancicos tradicionales, que hicieron las delicias de todo el alumnado. Gracias por todo y \u00a1Felices Fiestas! https:\/\/youtu.be\/FXo7gNU9xW8 \u00a0 \u00a0","rel":"","context":"En \u00abEl centro\u00bb","block_context":{"text":"El centro","link":"https:\/\/www.ceipmaestrorafaelbravomartin.es\/?cat=10"},"img":{"alt_text":"","src":"https:\/\/i0.wp.com\/img.youtube.com\/vi\/FXo7gNU9xW8\/0.jpg?resize=350%2C200","width":350,"height":200},"classes":[]},{"id":122,"url":"https:\/\/www.ceipmaestrorafaelbravomartin.es\/?p=122","url_meta":{"origin":221,"position":4},"title":"Celebraci\u00f3n de la navidad en el cole","author":"CEIP Maestro Rafael Bravo Mart\u00edn","date":"27 diciembre, 2010","format":false,"excerpt":"Aqu\u00ed les dejamos una presentaci\u00f3n de im\u00e1genes a modo resumen de las actividades realizadas en nuestro Centro durante la Navidad.\u00a0 Navidad en el Primer Ciclo - diapositivas","rel":"","context":"En \u00abCurso 2010\/11\u00bb","block_context":{"text":"Curso 2010\/11","link":"https:\/\/www.ceipmaestrorafaelbravomartin.es\/?cat=40"},"img":{"alt_text":"","src":"","width":0,"height":0},"classes":[]},{"id":1793,"url":"https:\/\/www.ceipmaestrorafaelbravomartin.es\/?p=1793","url_meta":{"origin":221,"position":5},"title":"TARJETAS NAVIDE\u00d1AS","author":"CEIP Maestro Rafael Bravo Mart\u00edn","date":"7 diciembre, 2017","format":false,"excerpt":"En la semana del 17 al 22 de diciembre, el alumnado de SEXTO, tiene prevista la visita a la Residencia de Ancianos de Alcal\u00e1 del R\u00edo. Quieren llevar a nuestros mayores un poquito de alegr\u00eda en estas fechas pr\u00f3ximas a la Navidad. Cantar\u00e1n para ellos y con ellos, algunos villancicos\u2026","rel":"","context":"En \u00abActividades extraescolares\u00bb","block_context":{"text":"Actividades extraescolares","link":"https:\/\/www.ceipmaestrorafaelbravomartin.es\/?cat=14"},"img":{"alt_text":"","src":"","width":0,"height":0},"classes":[]}],"_links":{"self":[{"href":"https:\/\/www.ceipmaestrorafaelbravomartin.es\/index.php?rest_route=\/wp\/v2\/posts\/221","targetHints":{"allow":["GET"]}}],"collection":[{"href":"https:\/\/www.ceipmaestrorafaelbravomartin.es\/index.php?rest_route=\/wp\/v2\/posts"}],"about":[{"href":"https:\/\/www.ceipmaestrorafaelbravomartin.es\/index.php?rest_route=\/wp\/v2\/types\/post"}],"author":[{"embeddable":true,"href":"https:\/\/www.ceipmaestrorafaelbravomartin.es\/index.php?rest_route=\/wp\/v2\/users\/4"}],"replies":[{"embeddable":true,"href":"https:\/\/www.ceipmaestrorafaelbravomartin.es\/index.php?rest_route=%2Fwp%2Fv2%2Fcomments&post=221"}],"version-history":[{"count":1,"href":"https:\/\/www.ceipmaestrorafaelbravomartin.es\/index.php?rest_route=\/wp\/v2\/posts\/221\/revisions"}],"predecessor-version":[{"id":888,"href":"https:\/\/www.ceipmaestrorafaelbravomartin.es\/index.php?rest_route=\/wp\/v2\/posts\/221\/revisions\/888"}],"wp:featuredmedia":[{"embeddable":true,"href":"https:\/\/www.ceipmaestrorafaelbravomartin.es\/index.php?rest_route=\/wp\/v2\/media\/220"}],"wp:attachment":[{"href":"https:\/\/www.ceipmaestrorafaelbravomartin.es\/index.php?rest_route=%2Fwp%2Fv2%2Fmedia&parent=221"}],"wp:term":[{"taxonomy":"category","embeddable":true,"href":"https:\/\/www.ceipmaestrorafaelbravomartin.es\/index.php?rest_route=%2Fwp%2Fv2%2Fcategories&post=221"},{"taxonomy":"post_tag","embeddable":true,"href":"https:\/\/www.ceipmaestrorafaelbravomartin.es\/index.php?rest_route=%2Fwp%2Fv2%2Ftags&post=221"}],"curies":[{"name":"wp","href":"https:\/\/api.w.org\/{rel}","templated":true}]}}