{"id":2228,"date":"2020-03-19T14:24:57","date_gmt":"2020-03-19T13:24:57","guid":{"rendered":"http:\/\/www.ceipmaestrorafaelbravomartin.es\/?p=2228"},"modified":"2020-03-25T11:55:53","modified_gmt":"2020-03-25T10:55:53","slug":"consejos-psicologicos","status":"publish","type":"post","link":"https:\/\/www.ceipmaestrorafaelbravomartin.es\/?p=2228","title":{"rendered":"CONSEJOS PSICOL\u00d3GICOS"},"content":{"rendered":"\n<p>Debido a la imperiosa necesidad de mantenernos en casa debido al estado de alarma provocado por el covid-19; os pedimos comprensi\u00f3n, tranquilidad y sobre todo responsabilidad. Os adjuntamos unos consejos a seguir para poder sobrellevar mejor esta situaci\u00f3n. Un fuerte abrazo a toda nuestra Comunidad Educativa y en especial a nuestro querido alumnado.<\/p>\n\n\n\n<div class=\"wp-block-file\"><a href=\"http:\/\/www.ceipmaestrorafaelbravomartin.es\/wp-content\/uploads\/2020\/03\/Consejos-Psicologicos-para-largos-periodos-dentro-de-casa.pdf\">Consejos Psicol\u00f3gicos para largos periodos dentro de casa<\/a><a href=\"http:\/\/www.ceipmaestrorafaelbravomartin.es\/wp-content\/uploads\/2020\/03\/Consejos-Psicologicos-para-largos-periodos-dentro-de-casa.pdf\" class=\"wp-block-file__button\" download>Descarga<\/a><\/div>\n","protected":false},"excerpt":{"rendered":"<p>Debido a la imperiosa necesidad de mantenernos en casa debido al estado de alarma provocado por el covid-19; os pedimos comprensi\u00f3n, tranquilidad y sobre todo responsabilidad. Os adjuntamos unos consejos a seguir para poder sobrellevar mejor esta situaci\u00f3n. Un fuerte abrazo a toda nuestra Comunidad Educativa y en especial a [&hellip;]<\/p>\n","protected":false},"author":4,"featured_media":0,"comment_status":"closed","ping_status":"closed","sticky":false,"template":"","format":"standard","meta":{"jetpack_post_was_ever_published":false,"_jetpack_newsletter_access":"","_jetpack_dont_email_post_to_subs":false,"_jetpack_newsletter_tier_id":0,"_jetpack_memberships_contains_paywalled_content":false,"_jetpack_memberships_contains_paid_content":false,"footnotes":""},"categories":[122],"tags":[],"class_list":["post-2228","post","type-post","status-publish","format-standard","hentry","category-estado-de-alarma"],"jetpack_featured_media_url":"","jetpack_sharing_enabled":true,"jetpack_shortlink":"https:\/\/wp.me\/p9VlHp-zW","jetpack-related-posts":[{"id":2092,"url":"https:\/\/www.ceipmaestrorafaelbravomartin.es\/?p=2092","url_meta":{"origin":2228,"position":0},"title":"RECOMENDACIONES PARA EL D\u00cdA A D\u00cdA","author":"CEIP Maestro Rafael Bravo Mart\u00edn","date":"16 marzo, 2020","format":false,"excerpt":"Teniendo en cuenta las instrucciones recibidas por parte de la Consejer\u00eda y el Real Decreto 463\/2020 de 14 de marzo, por el que se declara el estado de alarma para la gesti\u00f3n de la situaci\u00f3n de crisis sanitaria ocasionada por el COVID-19; hacemos las siguientes recomendaciones generales para el d\u00eda\u2026","rel":"","context":"En \u00abEstado de alarma\u00bb","block_context":{"text":"Estado de alarma","link":"https:\/\/www.ceipmaestrorafaelbravomartin.es\/?cat=122"},"img":{"alt_text":"","src":"","width":0,"height":0},"classes":[]},{"id":2212,"url":"https:\/\/www.ceipmaestrorafaelbravomartin.es\/?p=2212","url_meta":{"origin":2228,"position":1},"title":"Interrupci\u00f3n de procedimientos","author":"CEIP Maestro Rafael Bravo Mart\u00edn","date":"18 marzo, 2020","format":false,"excerpt":"De acuerdo con lo establecido en la Disposici\u00f3n adicional tercera del Real Decreto 463\/2020, de 14 de marzo, por el que se declara el estado de alarma para la gesti\u00f3n de la situaci\u00f3n de crisis sanitaria ocasionada por el COVID-19, se suspenden t\u00e9rminos y se interrumpen los plazos para la\u2026","rel":"","context":"En \u00abEstado de alarma\u00bb","block_context":{"text":"Estado de alarma","link":"https:\/\/www.ceipmaestrorafaelbravomartin.es\/?cat=122"},"img":{"alt_text":"","src":"","width":0,"height":0},"classes":[]},{"id":2084,"url":"https:\/\/www.ceipmaestrorafaelbravomartin.es\/?p=2084","url_meta":{"origin":2228,"position":2},"title":"Instrucciones de la consejer\u00eda de educaci\u00f3n","author":"CEIP Maestro Rafael Bravo Mart\u00edn","date":"16 marzo, 2020","format":false,"excerpt":"COMUNICADO A LAS FAMILIAS Estimadas familias, ante la publicaci\u00f3n del Real Decreto por el que se declara el estado de alarma para la gesti\u00f3n de la situaci\u00f3n de crisis sanitaria ocasionada por el COVID-19, en la que entre otras consideraciones, adem\u00e1s de la suspensi\u00f3n de la actividad educativa presencial, se\u2026","rel":"","context":"En \u00abEstado de alarma\u00bb","block_context":{"text":"Estado de alarma","link":"https:\/\/www.ceipmaestrorafaelbravomartin.es\/?cat=122"},"img":{"alt_text":"","src":"","width":0,"height":0},"classes":[]},{"id":2226,"url":"https:\/\/www.ceipmaestrorafaelbravomartin.es\/?p=2226","url_meta":{"origin":2228,"position":3},"title":"Herramienta educativas EduClan","author":"CEIP Maestro Rafael Bravo Mart\u00edn","date":"19 marzo, 2020","format":false,"excerpt":"Os enlazamos un material muy interesante para trabajar con nuestros ni\u00f1os\/as desde casa. https:\/\/www.rtve.es\/educlan\/","rel":"","context":"En \u00abEstado de alarma\u00bb","block_context":{"text":"Estado de alarma","link":"https:\/\/www.ceipmaestrorafaelbravomartin.es\/?cat=122"},"img":{"alt_text":"","src":"","width":0,"height":0},"classes":[]},{"id":2439,"url":"https:\/\/www.ceipmaestrorafaelbravomartin.es\/?p=2439","url_meta":{"origin":2228,"position":4},"title":"Todo ir\u00e1 bien","author":"CEIP Maestro Rafael Bravo Mart\u00edn","date":"12 abril, 2020","format":false,"excerpt":"En estos momentos dif\u00edciles queremos mandarle un mensaje de \u00e1nimo a TODOS nuestros alumnos\/as, para que sigan siendo tan fuertes como hasta ahora y nos volvamos a juntar muy pronto. https:\/\/youtu.be\/nv_86qu5sG4","rel":"","context":"En \u00abEstado de alarma\u00bb","block_context":{"text":"Estado de alarma","link":"https:\/\/www.ceipmaestrorafaelbravomartin.es\/?cat=122"},"img":{"alt_text":"","src":"https:\/\/i0.wp.com\/img.youtube.com\/vi\/nv_86qu5sG4\/0.jpg?resize=350%2C200","width":350,"height":200},"classes":[]},{"id":92,"url":"https:\/\/www.ceipmaestrorafaelbravomartin.es\/?p=92","url_meta":{"origin":2228,"position":5},"title":"Para el buen uso de los ultraport\u00e1tiles","author":"CEIP Maestro Rafael Bravo Mart\u00edn","date":"19 noviembre, 2010","format":false,"excerpt":"Como ya sabr\u00e9is el pr\u00f3ximo lunes se repartir\u00e1n los ultraport\u00e1tiles\u00a0del Plan Escuela TIC 2.0.\u00a0al alumnado de 5\u00ba de primaria . Por este motivo creemos conveniente recordar algunas normas y consejos. Para ello os dejo una presentaci\u00f3n realizada por un compa\u00f1era, coordinadora TIC del CEIP \"ENR\u00cdQUEZ BARRIOS\" de C\u00f3rdoba sobre orientaciones\u2026","rel":"","context":"En \u00abEscuela TIC 2.0\u00bb","block_context":{"text":"Escuela TIC 2.0","link":"https:\/\/www.ceipmaestrorafaelbravomartin.es\/?cat=41"},"img":{"alt_text":"","src":"","width":0,"height":0},"classes":[]}],"_links":{"self":[{"href":"https:\/\/www.ceipmaestrorafaelbravomartin.es\/index.php?rest_route=\/wp\/v2\/posts\/2228","targetHints":{"allow":["GET"]}}],"collection":[{"href":"https:\/\/www.ceipmaestrorafaelbravomartin.es\/index.php?rest_route=\/wp\/v2\/posts"}],"about":[{"href":"https:\/\/www.ceipmaestrorafaelbravomartin.es\/index.php?rest_route=\/wp\/v2\/types\/post"}],"author":[{"embeddable":true,"href":"https:\/\/www.ceipmaestrorafaelbravomartin.es\/index.php?rest_route=\/wp\/v2\/users\/4"}],"replies":[{"embeddable":true,"href":"https:\/\/www.ceipmaestrorafaelbravomartin.es\/index.php?rest_route=%2Fwp%2Fv2%2Fcomments&post=2228"}],"version-history":[{"count":5,"href":"https:\/\/www.ceipmaestrorafaelbravomartin.es\/index.php?rest_route=\/wp\/v2\/posts\/2228\/revisions"}],"predecessor-version":[{"id":2263,"href":"https:\/\/www.ceipmaestrorafaelbravomartin.es\/index.php?rest_route=\/wp\/v2\/posts\/2228\/revisions\/2263"}],"wp:attachment":[{"href":"https:\/\/www.ceipmaestrorafaelbravomartin.es\/index.php?rest_route=%2Fwp%2Fv2%2Fmedia&parent=2228"}],"wp:term":[{"taxonomy":"category","embeddable":true,"href":"https:\/\/www.ceipmaestrorafaelbravomartin.es\/index.php?rest_route=%2Fwp%2Fv2%2Fcategories&post=2228"},{"taxonomy":"post_tag","embeddable":true,"href":"https:\/\/www.ceipmaestrorafaelbravomartin.es\/index.php?rest_route=%2Fwp%2Fv2%2Ftags&post=2228"}],"curies":[{"name":"wp","href":"https:\/\/api.w.org\/{rel}","templated":true}]}}