{"id":224,"date":"2012-02-03T08:43:07","date_gmt":"2012-02-03T07:43:07","guid":{"rendered":"http:\/\/blogasuncion.es\/?p=224"},"modified":"2014-10-12T19:54:49","modified_gmt":"2014-10-12T17:54:49","slug":"ihasta-pronto","status":"publish","type":"post","link":"https:\/\/www.ceipmaestrorafaelbravomartin.es\/?p=224","title":{"rendered":"\u00a1Hasta pronto!"},"content":{"rendered":"<p style=\"text-align: center;\">\u00a1\u00a1Ay, ay, con la de cosas que tengo que decir, y ahora no s\u00e9 por d\u00f3nde empezar!!<\/p>\n<p style=\"text-align: center;\">\u00a0<\/p>\n<p style=\"text-align: center;\">A mis ni\u00f1os y ni\u00f1as, deciros que siempre formar\u00e9is parte de mi coraz\u00f3n, que por mucho tiempo que pase, no voy a olvidaros, llevar\u00e9 conmigo vuestros besos, vuestros abrazos, todas las cosas bonitas que me dec\u00eds todas las ma\u00f1anas y tantos momentos en los que me he reido hasta que me dol\u00eda la tripa. Tengo claro que suena a lo de siempre, pero sin duda sois los m\u00e1s inteligentes, divertidos, preciosos y preciosas, os adoro \u00abratones de campo\u00bb.<\/p>\n<p style=\"text-align: center;\">\u00a0<\/p>\n<p style=\"text-align: center;\">A las mamis y papis, GRACIAS, por ser tan competentes, por ofrecerme vuestra ayuda, por implicaros en la tarea de educar a vuestros hijos e hijas y sobre todo, por confiarnos lo m\u00e1s preciado que ten\u00e9is, sois una gente maravillosa, suerte que os voy a seguir viendo por Alcal\u00e1.<\/p>\n<p style=\"text-align: center;\">\u00a0<\/p>\n<p style=\"text-align: center;\">Y por \u00faltimo a mis compis&#8230; ya s\u00e9 que se dice que el \u00faltimo colegio en el que has estado es el mejor, pero vosotros y vosotras le dais otro sentido a la palabra \u00abtrabajar\u00bb. Quiero que sep\u00e1is que me siento muy apreciada y que he estado tan a gusto&#8230; va a ser dif\u00edcil superarlo&#8230; por eso&#8230; VOLVER\u00c9, es una amenaza en firme.<\/p>\n<p style=\"text-align: center;\">\u00a0<\/p>\n<p style=\"text-align: center;\">Especialmente quer\u00eda darle las gracias a Lola, Marta, Trini y Angustias, sois grandes profesionales y sobre todo grandes personas, os quiero.<\/p>\n<p style=\"text-align: center;\">\u00a0<\/p>\n<p style=\"text-align: center;\">Belency{jcomments on}<\/p>\n<p style=\"text-align: center;\">\u00a0<\/p>\n<p><object codebase=\"http:\/\/download.macromedia.com\/pub\/shockwave\/cabs\/flash\/swflash.cab#version=10,0,32,18\" classid=\"clsid:d27cdb6e-ae6d-11cf-96b8-444553540000\" type=\"application\/x-shockwave-flash\" height=\"315\" width=\"560\" style=\"display: block; margin-left: auto; margin-right: auto;\"><param name=\"allowFullScreen\" value=\"true\" \/><param name=\"allowscriptaccess\" value=\"always\" \/><param name=\"src\" value=\"http:\/\/www.youtube.com\/v\/K4K803Ay33o?version=3&amp;hl=es_ES&amp;rel=0\" \/>&nbsp;<\/embed>&nbsp;<\/object><\/p>\n","protected":false},"excerpt":{"rendered":"<p>\u00a1\u00a1Ay, ay, con la de cosas que tengo que decir, y ahora no s\u00e9 por d\u00f3nde empezar!! \u00a0 A mis ni\u00f1os y ni\u00f1as, deciros que siempre formar\u00e9is parte de mi coraz\u00f3n, que por mucho tiempo que pase, no voy a olvidaros, llevar\u00e9 conmigo vuestros besos, vuestros abrazos, todas las cosas [&hellip;]<\/p>\n","protected":false},"author":4,"featured_media":0,"comment_status":"closed","ping_status":"open","sticky":false,"template":"","format":"standard","meta":{"jetpack_post_was_ever_published":false,"_jetpack_newsletter_access":"","_jetpack_dont_email_post_to_subs":false,"_jetpack_newsletter_tier_id":0,"_jetpack_memberships_contains_paywalled_content":false,"_jetpack_memberships_contains_paid_content":false,"footnotes":""},"categories":[24],"tags":[],"class_list":["post-224","post","type-post","status-publish","format-standard","hentry","category-c59-dedicatorias"],"jetpack_featured_media_url":"","jetpack_sharing_enabled":true,"jetpack_shortlink":"https:\/\/wp.me\/p9VlHp-3C","jetpack-related-posts":[{"id":39,"url":"https:\/\/www.ceipmaestrorafaelbravomartin.es\/?p=39","url_meta":{"origin":224,"position":0},"title":"Carta y recuerdo para 6\u00ba B del curso 2009\/10","author":"CEIP Maestro Rafael Bravo Mart\u00edn","date":"18 octubre, 2010","format":false,"excerpt":"Mis queridos ni\u00f1os y ni\u00f1as de 6\u00ba B: \u00a1Parece mentira! \u00a1Os hab\u00e9is hecho mayores ya! Hab\u00e9is terminado la Primaria y muy pronto iniciar\u00e9is una nueva etapa; ante vosotros se abre un mundo diferente con muchas cosas nuevas e interesantes; no tem\u00e1is a nada poque todo ser\u00e1 distinto, divertido y emocionante.\u2026","rel":"","context":"En \u00abDedicatorias\u00bb","block_context":{"text":"Dedicatorias","link":"https:\/\/www.ceipmaestrorafaelbravomartin.es\/?cat=24"},"img":{"alt_text":"","src":"","width":0,"height":0},"classes":[]},{"id":1731,"url":"https:\/\/www.ceipmaestrorafaelbravomartin.es\/?p=1731","url_meta":{"origin":224,"position":1},"title":"BIENVENIDA CURSO 2017-2018","author":"CEIP Maestro Rafael Bravo Mart\u00edn","date":"14 septiembre, 2017","format":false,"excerpt":"BIENVENIDA Todo el claustro de profesores\/as os damos la bienvenida a este nuevo curso y a vuestro colegio. Como todo lo que comienza genera nuevas expectativas, ilusiones y posibilidades de mejorar aquello que sea necesario. El esp\u00edritu cr\u00edtico constructivo, emprendedor, el gusto por descubrir, aprender, colaborar, cooperar, respetar a todo\u2026","rel":"","context":"En \u00abDirecci\u00f3n\u00bb","block_context":{"text":"Direcci\u00f3n","link":"https:\/\/www.ceipmaestrorafaelbravomartin.es\/?cat=46"},"img":{"alt_text":"Principito","src":"https:\/\/i0.wp.com\/www.ceipmaestrorafaelbravomartin.es\/wp-content\/uploads\/2017\/09\/Principito-292x300.png?resize=350%2C200","width":350,"height":200},"classes":[]},{"id":205,"url":"https:\/\/www.ceipmaestrorafaelbravomartin.es\/?p=205","url_meta":{"origin":224,"position":2},"title":"REUNI\u00d3N CON LA FAMILIA el 15 de noviembre","author":"CEIP Maestro Rafael Bravo Mart\u00edn","date":"18 noviembre, 2011","format":false,"excerpt":"\u00a0 El martes 15 de noviembre, las clases de 4 a\u00f1os tuvimos una reuni\u00f3n por la tarde con la familia. En ella tratamos entre otros los siguientes puntos:","rel":"","context":"En \u00abEducaci\u00f3n Infantil\u00bb","block_context":{"text":"Educaci\u00f3n Infantil","link":"https:\/\/www.ceipmaestrorafaelbravomartin.es\/?cat=26"},"img":{"alt_text":"","src":"","width":0,"height":0},"classes":[]},{"id":97,"url":"https:\/\/www.ceipmaestrorafaelbravomartin.es\/?p=97","url_meta":{"origin":224,"position":3},"title":"\u00a1Cuidado, tenemos visitantes no deseados!","author":"CEIP Maestro Rafael Bravo Mart\u00edn","date":"1 diciembre, 2010","format":false,"excerpt":"Por el motivo ya se\u00f1alado os dejo varios recursos para que est\u00e9is informados de como prevenir y actuar en caso de que vuestros hijos e hijas reciban a estos molestos visitantes.\u00a0","rel":"","context":"En \u00abSecretar\u00eda\u00bb","block_context":{"text":"Secretar\u00eda","link":"https:\/\/www.ceipmaestrorafaelbravomartin.es\/?cat=16"},"img":{"alt_text":"","src":"","width":0,"height":0},"classes":[]},{"id":156,"url":"https:\/\/www.ceipmaestrorafaelbravomartin.es\/?p=156","url_meta":{"origin":224,"position":4},"title":"Estrenamos el Aula TIC Musical","author":"CEIP Maestro Rafael Bravo Mart\u00edn","date":"29 abril, 2011","format":false,"excerpt":"Tengo el placer de informarles de la inauguraci\u00f3n de un nuevo espacio virtual para el \u00e1rea de m\u00fasica, en el marco del Plan Escuela TIC 2.0. \u00a0 Se trata de un aula virtual dise\u00f1ada con la plataforma Moodle y que est\u00e1 dirigida al alumnado del 3er ciclo de primaria. Los\u2026","rel":"","context":"En \u00abNoticias TIC\u00bb","block_context":{"text":"Noticias TIC","link":"https:\/\/www.ceipmaestrorafaelbravomartin.es\/?cat=19"},"img":{"alt_text":"","src":"https:\/\/i0.wp.com\/www.ceipmaestrorafaelbravomartin.es\/wp-content\/uploads\/2011\/04\/aulavirtual.jpg?resize=350%2C200&ssl=1","width":350,"height":200,"srcset":"https:\/\/i0.wp.com\/www.ceipmaestrorafaelbravomartin.es\/wp-content\/uploads\/2011\/04\/aulavirtual.jpg?resize=350%2C200&ssl=1 1x, https:\/\/i0.wp.com\/www.ceipmaestrorafaelbravomartin.es\/wp-content\/uploads\/2011\/04\/aulavirtual.jpg?resize=525%2C300&ssl=1 1.5x, https:\/\/i0.wp.com\/www.ceipmaestrorafaelbravomartin.es\/wp-content\/uploads\/2011\/04\/aulavirtual.jpg?resize=700%2C400&ssl=1 2x, https:\/\/i0.wp.com\/www.ceipmaestrorafaelbravomartin.es\/wp-content\/uploads\/2011\/04\/aulavirtual.jpg?resize=1050%2C600&ssl=1 3x, https:\/\/i0.wp.com\/www.ceipmaestrorafaelbravomartin.es\/wp-content\/uploads\/2011\/04\/aulavirtual.jpg?resize=1400%2C800&ssl=1 4x"},"classes":[]},{"id":162,"url":"https:\/\/www.ceipmaestrorafaelbravomartin.es\/?p=162","url_meta":{"origin":224,"position":5},"title":"LA BICICLETA , UN MARAVILLOSO Y SALUDABLE MEDIO DE TRANSPORTE.","author":"CEIP Maestro Rafael Bravo Mart\u00edn","date":"17 junio, 2011","format":false,"excerpt":"Durante esto a\u00f1os,\u00a0 han sido muchos los ni\u00f1os\/as que han sacado su carnet de conducir bicicletas. El maestro Pepe Palma, junto con la maestra Puri llevan muchos a\u00f1os dedicando un d\u00eda a esta actividad tan maravillosa con los m\u00e1s peque\u00f1os\/as ( al finalizar su segundo curso de Educaci\u00f3n Primaria). \u00a0\u2026","rel":"","context":"En \u00abEd. F\u00edsica\u00bb","block_context":{"text":"Ed. F\u00edsica","link":"https:\/\/www.ceipmaestrorafaelbravomartin.es\/?cat=28"},"img":{"alt_text":"","src":"","width":0,"height":0},"classes":[]}],"_links":{"self":[{"href":"https:\/\/www.ceipmaestrorafaelbravomartin.es\/index.php?rest_route=\/wp\/v2\/posts\/224","targetHints":{"allow":["GET"]}}],"collection":[{"href":"https:\/\/www.ceipmaestrorafaelbravomartin.es\/index.php?rest_route=\/wp\/v2\/posts"}],"about":[{"href":"https:\/\/www.ceipmaestrorafaelbravomartin.es\/index.php?rest_route=\/wp\/v2\/types\/post"}],"author":[{"embeddable":true,"href":"https:\/\/www.ceipmaestrorafaelbravomartin.es\/index.php?rest_route=\/wp\/v2\/users\/4"}],"replies":[{"embeddable":true,"href":"https:\/\/www.ceipmaestrorafaelbravomartin.es\/index.php?rest_route=%2Fwp%2Fv2%2Fcomments&post=224"}],"version-history":[{"count":1,"href":"https:\/\/www.ceipmaestrorafaelbravomartin.es\/index.php?rest_route=\/wp\/v2\/posts\/224\/revisions"}],"predecessor-version":[{"id":885,"href":"https:\/\/www.ceipmaestrorafaelbravomartin.es\/index.php?rest_route=\/wp\/v2\/posts\/224\/revisions\/885"}],"wp:attachment":[{"href":"https:\/\/www.ceipmaestrorafaelbravomartin.es\/index.php?rest_route=%2Fwp%2Fv2%2Fmedia&parent=224"}],"wp:term":[{"taxonomy":"category","embeddable":true,"href":"https:\/\/www.ceipmaestrorafaelbravomartin.es\/index.php?rest_route=%2Fwp%2Fv2%2Fcategories&post=224"},{"taxonomy":"post_tag","embeddable":true,"href":"https:\/\/www.ceipmaestrorafaelbravomartin.es\/index.php?rest_route=%2Fwp%2Fv2%2Ftags&post=224"}],"curies":[{"name":"wp","href":"https:\/\/api.w.org\/{rel}","templated":true}]}}