{"id":225,"date":"2012-02-07T15:09:06","date_gmt":"2012-02-07T14:09:06","guid":{"rendered":"http:\/\/blogasuncion.es\/?p=225"},"modified":"2014-10-12T19:54:42","modified_gmt":"2014-10-12T17:54:42","slug":"1o-tirada-del-periodico-curso-2011-12","status":"publish","type":"post","link":"https:\/\/www.ceipmaestrorafaelbravomartin.es\/?p=225","title":{"rendered":"1\u00aa tirada del peri\u00f3dico &#8211; Curso 2011-12"},"content":{"rendered":"<\/p>\n<p style=\"margin-bottom: 0cm; font-style: normal; font-weight: normal; text-decoration: none;\" align=\"LEFT\">Las <span style=\"text-decoration: underline;\"><b>secciones<\/b><\/span> del peri\u00f3dico son las siguientes:<\/p>\n<p style=\"margin-bottom: 0cm; font-style: normal; font-weight: normal; text-decoration: none;\" align=\"LEFT\">\u00a0<\/p>\n<ul>\n<li>\n<ul>\n<li>\n<p style=\"margin-bottom: 0cm; font-style: normal; font-weight: normal; text-decoration: none;\" align=\"LEFT\">CARTAS DE LOS LECTORES Y LECTORAS<\/p>\n<p style=\"margin-bottom: 0cm; font-style: normal; font-weight: normal; text-decoration: none;\" align=\"LEFT\">Expresar opini\u00f3n sobre cualquier tema<\/p>\n<\/li>\n<li>\n<p style=\"margin-bottom: 0cm; font-style: normal; font-weight: normal; text-decoration: none;\" align=\"LEFT\">NOTICIAS INTERNAS ( Halloween, d\u00eda contra la \t\tviolencia de g\u00e9nero, casta\u00f1ero,reyes magos, Navidad, excursiones, \t\td\u00eda de la paz, carnavales, etc.)<\/p>\n<\/li>\n<li>\n<p style=\"margin-bottom: 0cm; font-style: normal; font-weight: normal; text-decoration: none;\" align=\"LEFT\">NOTICIAS EXTERNAS<\/p>\n<p style=\"margin-bottom: 0cm; font-style: normal; font-weight: normal; text-decoration: none;\" align=\"LEFT\">de la provincia, del pueblo, de Andaluc\u00eda, de Espa\u00f1a, \t\tdel mundo<\/p>\n<\/li>\n<li>\n<p style=\"margin-bottom: 0cm; font-style: normal; font-weight: normal; text-decoration: none;\" align=\"LEFT\">MIS LIBROS Y PEL\u00cdCULAS PREFERIDOS<\/p>\n<p style=\"margin-bottom: 0cm; font-style: normal; font-weight: normal; text-decoration: none;\" align=\"LEFT\">comentar alg\u00fan libro,pel\u00edcula, serie, que les haya \t\tgustado mucho<\/p>\n<\/li>\n<li>\n<p style=\"margin-bottom: 0cm; font-style: normal; font-weight: normal; text-decoration: none;\" align=\"LEFT\">RECOMENDACIONES DE P\u00c1GINAS WEBS<\/p>\n<\/li>\n<li>\n<p style=\"margin-bottom: 0cm; font-style: normal; font-weight: normal; text-decoration: none;\" align=\"LEFT\">DEPORTES<\/p>\n<p style=\"margin-bottom: 0cm; font-style: normal; font-weight: normal; text-decoration: none;\" align=\"LEFT\">comentarios de actos deportivos dentro o fuera del \t\tcolegio<\/p>\n<\/li>\n<li>\n<p style=\"margin-bottom: 0cm; font-style: normal; font-weight: normal; text-decoration: none;\" align=\"LEFT\">PASATIEMPOS<\/p>\n<p style=\"margin-bottom: 0cm; font-style: normal; font-weight: normal; text-decoration: none;\" align=\"LEFT\">chistes, adivinanzas, sopa de letras, etc.<\/p>\n<\/li>\n<li>\n<p style=\"margin-bottom: 0cm; font-style: normal; font-weight: normal; text-decoration: none;\" align=\"LEFT\">RECETAS<\/p>\n<\/li>\n<li>\n<p style=\"margin-bottom: 0cm; font-style: normal; font-weight: normal; text-decoration: none;\" align=\"LEFT\">CREACI\u00d3N LITERARIA<\/p>\n<p style=\"margin-bottom: 0cm; font-style: normal; font-weight: normal; text-decoration: none;\" align=\"LEFT\">cuentos, poemas, c\u00f3mics; todos inventados y no \t\tcopiados<\/p>\n<\/li>\n<\/ul>\n<p>\u00a0<\/p>\n<p style=\"margin-bottom: 0cm; font-style: normal; font-weight: normal; text-decoration: none;\" align=\"CENTER\">\u00a0<\/p>\n<p style=\"margin-bottom: 0cm; font-style: normal;\" align=\"CENTER\"><span style=\"text-decoration: underline;\"><b>RECOMENDACIONES<\/b><\/span><\/p>\n<p style=\"margin-bottom: 0cm; font-style: normal;\" align=\"CENTER\">\u00a0<\/p>\n<p style=\"margin-bottom: 0cm; font-style: normal;\" align=\"CENTER\">\u00a0<\/p>\n<ul>\n<li>\n<p style=\"margin-bottom: 0cm; font-style: normal; font-weight: normal; text-decoration: none;\" align=\"LEFT\">El <b>dibujo<\/b> de la<b> portada<\/b> se har\u00e1 en un \tfolio, como siempre sin colorear, respetando los m\u00e1rgenes, y se \tpasar\u00e1 a boli negro o azul.<\/p>\n<\/li>\n<li>\n<p style=\"margin-bottom: 0cm; font-style: normal; font-weight: normal; text-decoration: none;\" align=\"LEFT\">Los <b>trabajos escritos<\/b> deben respetar los \tm\u00e1rgenes que se se\u00f1alan en las plantillas (\u00e9stas deben usarse \tpara ponerlas debajo o escribir por detr\u00e1s, nunca escribir sobre \tlos renglones que llevan se\u00f1alados).<\/p>\n<\/li>\n<li>\n<p style=\"margin-bottom: 0cm; font-style: normal; font-weight: normal; text-decoration: none;\" align=\"LEFT\">Los <b>trabajos de ordenador<\/b> pueden usar cualquier \ttipo de letra entendible y color de fuente el negro. Tambi\u00e9n pueden \tadjuntar archivos.<\/p>\n<\/li>\n<li>\n<p style=\"margin-bottom: 0cm; font-style: normal; font-weight: normal; text-decoration: none;\" align=\"LEFT\">Los tutores-as deben <b>seleccionar<\/b> los trabajos \tdel alumnado de su clase y mandarlos ya <b>corregidos,<\/b> tanto si \test\u00e1n hechos a mano como si es con ordenador.<\/p>\n<\/li>\n<li>\n<p style=\"margin-bottom: 0cm; font-style: normal; font-weight: normal; text-decoration: none;\" align=\"LEFT\">Una vez seleccionados, corregidos y pasados a limpio \tcon boli negro o azul, se pueden <b>entregar<\/b> en la clase de 6\u00ba \tB (Aurora) o en la biblioteca (Puri).<\/p>\n<\/li>\n<\/ul>\n<p style=\"margin-bottom: 0cm; font-style: normal; font-weight: normal; text-decoration: none;\" align=\"LEFT\">\u00a0<\/p>\n<p style=\"margin-bottom: 0cm; font-style: normal; font-weight: normal; text-decoration: none;\" align=\"LEFT\">\u00a0<\/p>\n<ul>\n<li>{jcomments on}{jcomments off}<\/li>\n<\/ul>\n<\/li>\n<\/ul>\n","protected":false},"excerpt":{"rendered":"<p>\u00a0<\/p>\n<p style=\"margin-bottom: 0cm;\" align=\"CENTER\"><i><span style=\"text-decoration: underline;\"><b>TALLER DE PERI\u00d3DICO <\/b><\/span><\/i><\/p>\n<p style=\"margin-bottom: 0cm;\" align=\"CENTER\">\u00a0<\/p>\n<p style=\"margin-bottom: 0cm; font-style: normal; font-weight: normal; text-decoration: none;\" align=\"LEFT\">Un a\u00f1o m\u00e1s, y ya van unos pocos, nos disponemos a sacar el peri\u00f3dico del colegio Asunci\u00f3n. Por lo tanto animamos a todo el alumnado, profesorado, padres y madres, a participar en esta edici\u00f3n de \u201c Ventana Escolar\u201d.<\/p>\n<p style=\"margin-bottom: 0cm; font-style: normal; font-weight: normal; text-decoration: none;\" align=\"LEFT\">\u00a0<\/p>\n<ul>\n<li>\n<p style=\"margin-bottom: 0cm; font-style: normal; font-weight: normal; text-decoration: none;\" align=\"LEFT\">Os recordamos la direcci\u00f3n de correo electr\u00f3nico<\/p>\n<p style=\"margin-bottom: 0cm;\" align=\"LEFT\"><b><a href=\"mailto:periodicoasuncion@gmail.com\"><span style=\"font-style: normal;\"><span style=\"text-decoration: none;\">periodicoasuncion@gmail.com<\/span><\/span><\/a><\/b><\/p>\n<p style=\"margin-bottom: 0cm; font-style: normal; text-decoration: none;\" align=\"LEFT\">\u00a0<\/p>\n<\/li>\n<li>\n<p style=\"margin-bottom: 0cm; font-style: normal; font-weight: normal; text-decoration: none;\" align=\"LEFT\">Se admitir\u00e1n trabajos tanto a mano como con ordenador.<\/p>\n<\/li>\n<li>\n<p style=\"margin-bottom: 0cm; font-style: normal; font-weight: normal; text-decoration: none;\" align=\"LEFT\">Los trabajos se entregar\u00e1n a los profesores-as o se \tenviar\u00e1n por e-mail.<\/p>\n<\/li>\n<li>\n<p style=\"margin-bottom: 0cm; font-style: normal; font-weight: normal; text-decoration: none;\" align=\"LEFT\">Deben cumplir las recomendaciones propias del Taller de \tperi\u00f3dico. De lo contrario, no ser\u00e1n admitidos en la selecci\u00f3n \tdefinitiva.<\/p>\n<\/li>\n<li>\n<p style=\"margin-bottom: 0cm; font-style: normal; font-weight: normal; text-decoration: none;\" align=\"LEFT\">Temporalizaci\u00f3n: saldr\u00e1 en la 1\u00aa quincena de Marzo.<\/p>\n<\/li>\n<li>\n<p style=\"margin-bottom: 0cm; font-style: normal; font-weight: normal; text-decoration: none;\" align=\"LEFT\">Dibujo de la portada: Juegos populares<\/p>\n<\/li>\n<li>\n<p style=\"margin-bottom: 0cm; font-style: normal; font-weight: normal; text-decoration: none;\" align=\"LEFT\">Entrega de trabajos: <span style=\"text-decoration: underline;\"><b>lunes, 20 de febrero.<\/b><\/span><\/p>\n<\/li>\n<\/ul>\n<p style=\"margin-bottom: 0cm; font-style: normal; font-weight: normal; text-decoration: none;\" align=\"LEFT\">\n","protected":false},"author":4,"featured_media":0,"comment_status":"closed","ping_status":"open","sticky":false,"template":"","format":"standard","meta":{"jetpack_post_was_ever_published":false,"_jetpack_newsletter_access":"","_jetpack_dont_email_post_to_subs":false,"_jetpack_newsletter_tier_id":0,"_jetpack_memberships_contains_paywalled_content":false,"_jetpack_memberships_contains_paid_content":false,"footnotes":""},"categories":[17],"tags":[],"class_list":["post-225","post","type-post","status-publish","format-standard","hentry","category-c45-periodico"],"jetpack_featured_media_url":"","jetpack_sharing_enabled":true,"jetpack_shortlink":"https:\/\/wp.me\/p9VlHp-3D","jetpack-related-posts":[{"id":283,"url":"https:\/\/www.ceipmaestrorafaelbravomartin.es\/?p=283","url_meta":{"origin":225,"position":0},"title":"1\u00aa tirada del peri\u00f3dico &#8211;  2012-13","author":"CEIP Maestro Rafael Bravo Mart\u00edn","date":"15 enero, 2013","format":false,"excerpt":"TALLER DE PERI\u00d3DICO Otro a\u00f1o mas nos disponemos a sacar el peri\u00f3dico del colegio Asunci\u00f3n. Por lo tanto animamos a todo el alumnado, profesorado, padres y madres, a participar en esta edici\u00f3n de \u201c Ventana Escolar\u201d. Os recordamos la direcci\u00f3n de correo electr\u00f3nico: periodicoasuncion@gmail.com -Se admitir\u00e1n trabajos tanto a mano\u2026","rel":"","context":"En \u00abInformaci\u00f3n\u00bb","block_context":{"text":"Informaci\u00f3n","link":"https:\/\/www.ceipmaestrorafaelbravomartin.es\/?cat=17"},"img":{"alt_text":"","src":"","width":0,"height":0},"classes":[]},{"id":27,"url":"https:\/\/www.ceipmaestrorafaelbravomartin.es\/?p=27","url_meta":{"origin":225,"position":1},"title":"Peri\u00f3dico Escolar","author":"CEIP Maestro Rafael Bravo Mart\u00edn","date":"15 octubre, 2010","format":false,"excerpt":"Responsables D\u00f1a Pilar Criado Rodr\u00edguez D\u00f1a.Margarita Mu\u00f1oz Guti\u00e9rrez D\u00f1a. Matilde Mart\u00edn Ma\u00f1ero D\u00f1a. Mar\u00eda Luisa Henry Ben\u00edtez D\u00f1a. Mar\u00eda del Carmen Mart\u00edn Mostaza D\u00f1a. Aurora Mart\u00edn \u00c1lvarez D\u00f1a. Purificaci\u00f3n Garc\u00eda Cano Objetivos 1.Servir como medio de expresi\u00f3n y comunicaci\u00f3n de y entre los distintos miembros de la comunidad educativa. 2.Aprovechar\u2026","rel":"","context":"En \u00abPlanes y programas\u00bb","block_context":{"text":"Planes y programas","link":"https:\/\/www.ceipmaestrorafaelbravomartin.es\/?cat=23"},"img":{"alt_text":"","src":"","width":0,"height":0},"classes":[]},{"id":157,"url":"https:\/\/www.ceipmaestrorafaelbravomartin.es\/?p=157","url_meta":{"origin":225,"position":2},"title":"2\u00aa  edici\u00f3n de la \u00abVentana Escolar\u00bb","author":"CEIP Maestro Rafael Bravo Mart\u00edn","date":"16 mayo, 2011","format":false,"excerpt":"\u00a0A todos los ni\u00f1os y ni\u00f1as, maestros y maestras que deseen colaborar. Tambi\u00e9n a los padres, madres\u00a0 y antiguos alumnos\/as: estamos preparando la 2\u00aa edici\u00f3n de \"Ventana Escolar\". Por eso deb\u00e9is saber:","rel":"","context":"En \u00abInformaci\u00f3n\u00bb","block_context":{"text":"Informaci\u00f3n","link":"https:\/\/www.ceipmaestrorafaelbravomartin.es\/?cat=17"},"img":{"alt_text":"","src":"https:\/\/i0.wp.com\/www.ceipmaestrorafaelbravomartin.es\/wp-content\/uploads\/2010\/11\/ventana.png?resize=350%2C200&ssl=1","width":350,"height":200},"classes":[]},{"id":91,"url":"https:\/\/www.ceipmaestrorafaelbravomartin.es\/?p=91","url_meta":{"origin":225,"position":3},"title":"1\u00aa  edici\u00f3n de la \u00abVentana Escolar\u00bb","author":"CEIP Maestro Rafael Bravo Mart\u00edn","date":"17 noviembre, 2010","format":false,"excerpt":"\u00a0A todos los ni\u00f1os y ni\u00f1as, maestros y maestras que deseen colaborar. Tambi\u00e9n a los padres, madres\u00a0 y antiguos alumnos\/as: estamos preparando la 1\u00aa edici\u00f3n de \"Ventana Escolar\". Por eso deb\u00e9is saber:","rel":"","context":"En \u00abInformaci\u00f3n\u00bb","block_context":{"text":"Informaci\u00f3n","link":"https:\/\/www.ceipmaestrorafaelbravomartin.es\/?cat=17"},"img":{"alt_text":"","src":"https:\/\/i0.wp.com\/www.ceipmaestrorafaelbravomartin.es\/wp-content\/uploads\/2010\/11\/ventana.png?resize=350%2C200&ssl=1","width":350,"height":200},"classes":[]},{"id":669,"url":"https:\/\/www.ceipmaestrorafaelbravomartin.es\/?p=669","url_meta":{"origin":225,"position":4},"title":"Pr\u00f3xima edici\u00f3n de \u00abPeri\u00f3dico Escolar\u00bb","author":"CEIP Maestro Rafael Bravo Mart\u00edn","date":"25 febrero, 2014","format":false,"excerpt":"\u00a1Hola a toda la comunidad educativa! Nos disponemos a sacar un nuevo n\u00famero de nuestro peri\u00f3dico.En \u00e9l pueden participar el alumnado, profesorado, padres, madres, antiguos alumnos y alumnas, etc. Esperamos, como siempre, una buena acogida y contamos con vuestra participaci\u00f3n. Saldr\u00e1 antes de Semana Santa y el d\u00eda tope para\u2026","rel":"","context":"En \u00abPeri\u00f3dico Escolar\u00bb","block_context":{"text":"Peri\u00f3dico Escolar","link":"https:\/\/www.ceipmaestrorafaelbravomartin.es\/?cat=6"},"img":{"alt_text":"","src":"","width":0,"height":0},"classes":[]},{"id":75,"url":"https:\/\/www.ceipmaestrorafaelbravomartin.es\/?p=75","url_meta":{"origin":225,"position":5},"title":"\u00a1Queremos escribir!","author":"CEIP Maestro Rafael Bravo Mart\u00edn","date":"27 octubre, 2010","format":false,"excerpt":"\u00a1 Hola a tod@s!\u00a0 Este fin de semana cambiaremos la hora en los relojes, con lo cual va a anochecer una hora antes que hoy y que ma\u00f1ana. Pronto empezar\u00e1 a hacer fr\u00edo y nos gustar\u00e1 quedarnos en casa calentitos y haciendo cosas que nos gusten.\u00bfPara qu\u00e9 digo esto?\u00a0","rel":"","context":"En \u00abInformaci\u00f3n\u00bb","block_context":{"text":"Informaci\u00f3n","link":"https:\/\/www.ceipmaestrorafaelbravomartin.es\/?cat=17"},"img":{"alt_text":"","src":"","width":0,"height":0},"classes":[]}],"_links":{"self":[{"href":"https:\/\/www.ceipmaestrorafaelbravomartin.es\/index.php?rest_route=\/wp\/v2\/posts\/225","targetHints":{"allow":["GET"]}}],"collection":[{"href":"https:\/\/www.ceipmaestrorafaelbravomartin.es\/index.php?rest_route=\/wp\/v2\/posts"}],"about":[{"href":"https:\/\/www.ceipmaestrorafaelbravomartin.es\/index.php?rest_route=\/wp\/v2\/types\/post"}],"author":[{"embeddable":true,"href":"https:\/\/www.ceipmaestrorafaelbravomartin.es\/index.php?rest_route=\/wp\/v2\/users\/4"}],"replies":[{"embeddable":true,"href":"https:\/\/www.ceipmaestrorafaelbravomartin.es\/index.php?rest_route=%2Fwp%2Fv2%2Fcomments&post=225"}],"version-history":[{"count":1,"href":"https:\/\/www.ceipmaestrorafaelbravomartin.es\/index.php?rest_route=\/wp\/v2\/posts\/225\/revisions"}],"predecessor-version":[{"id":884,"href":"https:\/\/www.ceipmaestrorafaelbravomartin.es\/index.php?rest_route=\/wp\/v2\/posts\/225\/revisions\/884"}],"wp:attachment":[{"href":"https:\/\/www.ceipmaestrorafaelbravomartin.es\/index.php?rest_route=%2Fwp%2Fv2%2Fmedia&parent=225"}],"wp:term":[{"taxonomy":"category","embeddable":true,"href":"https:\/\/www.ceipmaestrorafaelbravomartin.es\/index.php?rest_route=%2Fwp%2Fv2%2Fcategories&post=225"},{"taxonomy":"post_tag","embeddable":true,"href":"https:\/\/www.ceipmaestrorafaelbravomartin.es\/index.php?rest_route=%2Fwp%2Fv2%2Ftags&post=225"}],"curies":[{"name":"wp","href":"https:\/\/api.w.org\/{rel}","templated":true}]}}