{"id":226,"date":"2012-02-14T08:09:52","date_gmt":"2012-02-14T08:09:52","guid":{"rendered":"http:\/\/blogasuncion.es\/?p=226"},"modified":"2012-02-14T08:09:52","modified_gmt":"2012-02-14T08:09:52","slug":"una-clase-de-educacion-fisica-en-nuestro-gimnasio","status":"publish","type":"post","link":"https:\/\/www.ceipmaestrorafaelbravomartin.es\/?p=226","title":{"rendered":"UNA CLASE DE EDUCACI\u00d3N F\u00cdSICA EN NUESTRO GIMNASIO"},"content":{"rendered":"<div>&nbsp;&nbsp;&nbsp; Aqu\u00ed  ten\u00e9is un v\u00eddeo donde pod\u00e9is ver 15 minutos de una clase de Educaci\u00f3n  F\u00edsica en nuestro colegio, el viernes 10 de febrero.<\/div>\n<div><\/div>\n<div>&nbsp;&nbsp; La sesi\u00f3n se  desarrolla en el gimnasio del centro y los protagonistas son los ni\u00f1os y  ni\u00f1as de 4\u00ba B.<\/div>\n<div>&nbsp;&nbsp; Con este  v\u00eddeo queremos acercar la Educaci\u00f3n F\u00edsica al resto de la Comunidad  Educativa y a la vez mostrar nuestras instalaciones.<\/p>\n<div>&nbsp;&nbsp; Los alumnos\/as  realizan un circuito de estaciones, con el objetivo de mejorar los  saltos, cada una de estas estaciones finaliza con un lanzamiento a  canasta.Son muchos los materiales que hemos utilizado ({jcomments on}bancos suecos,  aros, picas, conos, escalera de agilidad, colchonetas, balones, etc).<\/div>\n<div>&nbsp;&nbsp; La sesi\u00f3n  la dirige Manuel Alejandro Guerra, alumno en pr\u00e1cticas de la Universidad  de Sevilla, en la especialidad de Educaci\u00f3n F\u00edsica.<\/div>\n<div>&nbsp;&nbsp; No quiero  terminar sin agradecer a nuestra compa\u00f1era Aurora el montaje de este  v\u00eddeo.<\/div>\n<div><\/div>\n<div><\/div>\n<div><\/div>\n<div><\/div>\n<div style=\"text-align: right;\">\u00c1rea de Educaci\u00f3n F\u00edsica<\/div>\n<div style=\"text-align: right;\">Mois\u00e9s  &nbsp;Olmedo<\/div>\n<div style=\"text-align: right;\"><\/div>\n<div style=\"text-align: right;\"><\/div>\n<div style=\"text-align: center;\"><\/div>\n<\/div>\n<p><object codebase=\"http:\/\/download.macromedia.com\/pub\/shockwave\/cabs\/flash\/swflash.cab#version=10,0,32,18\" classid=\"clsid:d27cdb6e-ae6d-11cf-96b8-444553540000\" type=\"application\/x-shockwave-flash\" height=\"315\" width=\"560\" style=\"display: block; margin-left: auto; margin-right: auto;\"><param name=\"allowFullScreen\" value=\"true\" \/><param name=\"allowscriptaccess\" value=\"always\" \/><param name=\"src\" value=\"http:\/\/www.youtube.com\/v\/3gE8XnZfRaU?version=3&amp;hl=es_ES&amp;rel=0\" \/>&nbsp;<\/embed>&nbsp;<\/object><\/p>\n","protected":false},"excerpt":{"rendered":"<p>&nbsp;&nbsp;&nbsp; Aqu\u00ed ten\u00e9is un v\u00eddeo donde pod\u00e9is ver 15 minutos de una clase de Educaci\u00f3n F\u00edsica en nuestro colegio, el viernes 10 de febrero. &nbsp;&nbsp; La sesi\u00f3n se desarrolla en el gimnasio del centro y los protagonistas son los ni\u00f1os y ni\u00f1as de 4\u00ba B. &nbsp;&nbsp; Con este v\u00eddeo queremos [&hellip;]<\/p>\n","protected":false},"author":4,"featured_media":0,"comment_status":"open","ping_status":"open","sticky":false,"template":"","format":"standard","meta":{"jetpack_post_was_ever_published":false,"_jetpack_newsletter_access":"","_jetpack_dont_email_post_to_subs":false,"_jetpack_newsletter_tier_id":0,"_jetpack_memberships_contains_paywalled_content":false,"_jetpack_memberships_contains_paid_content":false,"footnotes":""},"categories":[28],"tags":[],"class_list":["post-226","post","type-post","status-publish","format-standard","hentry","category-ef"],"jetpack_featured_media_url":"","jetpack_sharing_enabled":true,"jetpack_shortlink":"https:\/\/wp.me\/p9VlHp-3E","jetpack-related-posts":[{"id":158,"url":"https:\/\/www.ceipmaestrorafaelbravomartin.es\/?p=158","url_meta":{"origin":226,"position":0},"title":"EL TROMPO, UN MUNDO DE AMIGOS","author":"CEIP Maestro Rafael Bravo Mart\u00edn","date":"24 mayo, 2011","format":false,"excerpt":"Desde el \u00e1rea de Educaci\u00f3n F\u00edsica fomentamos la pr\u00e1ctica de Juegos Populares y Tradicionales, esos que conocemos como \" Los juegos de toda la vida\". Uno de ellos es el trompo o peonza. Llevamos varios a\u00f1os realizando un concurso de decoraci\u00f3n, donde los alumnos\/as pintan y decoran sus trompos. Un\u2026","rel":"","context":"En \u00abEd. F\u00edsica\u00bb","block_context":{"text":"Ed. F\u00edsica","link":"https:\/\/www.ceipmaestrorafaelbravomartin.es\/?cat=28"},"img":{"alt_text":"","src":"","width":0,"height":0},"classes":[]},{"id":255,"url":"https:\/\/www.ceipmaestrorafaelbravomartin.es\/?p=255","url_meta":{"origin":226,"position":1},"title":"EL C.E.I.P. NTRA. SRA. DE LA ASUNCI\u00d3N CON LA SELECCI\u00d3N ESPA\u00d1OLA","author":"CEIP Maestro Rafael Bravo Mart\u00edn","date":"14 junio, 2012","format":false,"excerpt":"Hace unos d\u00edas que ha comenzado la Eurocopa de f\u00fatbol \u201cPolon\u00eda \u2013Ucrania 2012 \u201c. Desde este centro queremos hacer participes a todos los ni\u00f1os\/as, aportando nuestro granito de arena para hacer llegar a Polon\u00eda\u00a0 y Ucrania toda nuestra ilusi\u00f3n. Durante estos d\u00edas hemos pedido a todos los alumnos\/as, que el\u2026","rel":"","context":"En \u00abEd. F\u00edsica\u00bb","block_context":{"text":"Ed. F\u00edsica","link":"https:\/\/www.ceipmaestrorafaelbravomartin.es\/?cat=28"},"img":{"alt_text":"","src":"","width":0,"height":0},"classes":[]},{"id":1201,"url":"https:\/\/www.ceipmaestrorafaelbravomartin.es\/?p=1201","url_meta":{"origin":226,"position":2},"title":"Organigrama curso 2015\/2016.","author":"CEIP Maestro Rafael Bravo Mart\u00edn","date":"1 octubre, 2015","format":false,"excerpt":"Como todos los a\u00f1os, comenzamos un nuevo curso escolar con muchas ganas e ilusi\u00f3n por nuestro trabajo. En esta ocasi\u00f3n el equipo humano encargado de realizar la labor de ense\u00f1ar a los ni\u00f1os\/as de nuestro\u00a0colegio es el siguiente: Educaci\u00f3n Infantil. Beatriz Ayll\u00f3n. Rosario Duarte. Mar\u00eda Trinidad Fern\u00e1ndez. Mar\u00eda del Valme\u2026","rel":"","context":"En \u00abEl centro\u00bb","block_context":{"text":"El centro","link":"https:\/\/www.ceipmaestrorafaelbravomartin.es\/?cat=10"},"img":{"alt_text":"","src":"","width":0,"height":0},"classes":[]},{"id":138,"url":"https:\/\/www.ceipmaestrorafaelbravomartin.es\/?p=138","url_meta":{"origin":226,"position":3},"title":"Nombre de nuestro Centro, por qu\u00e9 y desde cu\u00e1ndo.","author":"CEIP Maestro Rafael Bravo Mart\u00edn","date":"28 enero, 2011","format":false,"excerpt":"\u00a0\u00a0\u00a0 Para cualquier alcalare\u00f1o\/a no es extra\u00f1o el nombre de nuestro Centro, pues as\u00ed se llama la Patrona de Alcal\u00e1 del R\u00edo, no obstante la respuesta a las dos cuestiones planteadas las podemos encontrar en un Acta de Pleno del Ayuntamieno que resumida dice:\u00a0\u00a0 Sesi\u00f3n de Pleno del Ayuntamiento celebrada\u2026","rel":"","context":"En \u00abHistoria\u00bb","block_context":{"text":"Historia","link":"https:\/\/www.ceipmaestrorafaelbravomartin.es\/?cat=43"},"img":{"alt_text":"","src":"","width":0,"height":0},"classes":[]},{"id":136,"url":"https:\/\/www.ceipmaestrorafaelbravomartin.es\/?p=136","url_meta":{"origin":226,"position":4},"title":"Convocator\u00eda de Reuni\u00f3n Informativa a las familias sobre PASEN","author":"CEIP Maestro Rafael Bravo Mart\u00edn","date":"24 enero, 2011","format":false,"excerpt":"Se convoca a los tutores legales del alumnado del Centro a la reuni\u00f3n informativa que tendr\u00e1 lugar el pr\u00f3ximo martes d\u00eda 1 de febrero en el Sal\u00f3n de Usos M\u00faltiples del Centro. El motivo es dar a conocer la plataforma educativa PASEN que durante el presente curso escolar vamos a\u2026","rel":"","context":"En \u00abNoticias TIC\u00bb","block_context":{"text":"Noticias TIC","link":"https:\/\/www.ceipmaestrorafaelbravomartin.es\/?cat=19"},"img":{"alt_text":"","src":"","width":0,"height":0},"classes":[]},{"id":2960,"url":"https:\/\/www.ceipmaestrorafaelbravomartin.es\/?p=2960","url_meta":{"origin":226,"position":5},"title":"D\u00eda de la Paz y la No Violencia","author":"CEIP Maestro Rafael Bravo Mart\u00edn","date":"4 febrero, 2021","format":false,"excerpt":"El mensaje b\u00e1sico de este d\u00eda es: \u201cAmor universal, No-violencia y Paz\u201d. El Amor universal es mejor que el ego\u00edsmo, la No-violencia es mejor que la violencia y la Paz es mejor que la guerra\u2019. La educaci\u00f3n en y para la tolerancia, la solidaridad, la concordia, el respeto a los\u2026","rel":"","context":"En \u00abD\u00eda de la Paz\u00bb","block_context":{"text":"D\u00eda de la Paz","link":"https:\/\/www.ceipmaestrorafaelbravomartin.es\/?cat=134"},"img":{"alt_text":"","src":"https:\/\/i0.wp.com\/img.youtube.com\/vi\/7xkvB33-Gis\/0.jpg?resize=350%2C200","width":350,"height":200},"classes":[]}],"_links":{"self":[{"href":"https:\/\/www.ceipmaestrorafaelbravomartin.es\/index.php?rest_route=\/wp\/v2\/posts\/226","targetHints":{"allow":["GET"]}}],"collection":[{"href":"https:\/\/www.ceipmaestrorafaelbravomartin.es\/index.php?rest_route=\/wp\/v2\/posts"}],"about":[{"href":"https:\/\/www.ceipmaestrorafaelbravomartin.es\/index.php?rest_route=\/wp\/v2\/types\/post"}],"author":[{"embeddable":true,"href":"https:\/\/www.ceipmaestrorafaelbravomartin.es\/index.php?rest_route=\/wp\/v2\/users\/4"}],"replies":[{"embeddable":true,"href":"https:\/\/www.ceipmaestrorafaelbravomartin.es\/index.php?rest_route=%2Fwp%2Fv2%2Fcomments&post=226"}],"version-history":[{"count":0,"href":"https:\/\/www.ceipmaestrorafaelbravomartin.es\/index.php?rest_route=\/wp\/v2\/posts\/226\/revisions"}],"wp:attachment":[{"href":"https:\/\/www.ceipmaestrorafaelbravomartin.es\/index.php?rest_route=%2Fwp%2Fv2%2Fmedia&parent=226"}],"wp:term":[{"taxonomy":"category","embeddable":true,"href":"https:\/\/www.ceipmaestrorafaelbravomartin.es\/index.php?rest_route=%2Fwp%2Fv2%2Fcategories&post=226"},{"taxonomy":"post_tag","embeddable":true,"href":"https:\/\/www.ceipmaestrorafaelbravomartin.es\/index.php?rest_route=%2Fwp%2Fv2%2Ftags&post=226"}],"curies":[{"name":"wp","href":"https:\/\/api.w.org\/{rel}","templated":true}]}}