{"id":228,"date":"2012-02-28T10:50:26","date_gmt":"2012-02-28T09:50:26","guid":{"rendered":"http:\/\/blogasuncion.es\/?p=228"},"modified":"2013-07-05T12:55:38","modified_gmt":"2013-07-05T10:55:38","slug":"proyecto-recrelimpio","status":"publish","type":"post","link":"https:\/\/www.ceipmaestrorafaelbravomartin.es\/?p=228","title":{"rendered":"Proyecto RECRELIMPIO"},"content":{"rendered":"<div style=\"text-align: center;\">Todos los d\u00edas podemos observar al finalizar el recreo la cantidad de basura que se tira al suelo.  Cada a\u00f1o hacemos diferentes campa\u00f1as para mejorar la limpieza de nuestro patio.  Este proyecto nace con una utilidad muy clara: \u00abUTILIZAR LAS PAPELERAS\u00bb Para que todas y todos podamos disfrutar de un espacio limpio y sin basura.<\/div>\n<div style=\"text-align: center;\"><\/div>\n<div style=\"text-align: center;\"><\/div>\n<div style=\"text-align: center;\">\n<div>\n<object codebase=\"http:\/\/download.macromedia.com\/pub\/shockwave\/cabs\/flash\/swflash.cab#version=10,0,32,18\" classid=\"clsid:d27cdb6e-ae6d-11cf-96b8-444553540000\" type=\"application\/x-shockwave-flash\" height=\"358\" width=\"506\"><param name=\"allowfullscreen\" value=\"true\" \/><param name=\"menu\" value=\"false\" \/><param name=\"src\" value=\"http:\/\/static.issuu.com\/webembed\/viewers\/style1\/v1\/IssuuViewer.swf?mode=embed&amp;layout=http%3A%2F%2Fskin.issuu.com%2Fv%2Fgrass%2Flayout.xml&amp;showFlipBtn=true&amp;documentId=120225082134-1a1b30665a7f442b88d9274fc0d56710&amp;docName=proyecto_recrelimpio3&amp;username=asunquivir&amp;loadingInfoText=Proyecto%20Recrelimpio&amp;et=1330425028194&amp;er=53\" \/><\/object><\/p>\n<div style=\"width: 420px; text-align: left;\"><a href=\"http:\/\/issuu.com\/asunquivir\/docs\/proyecto_recrelimpio3?mode=embed&amp;layout=http%3A%2F%2Fskin.issuu.com%2Fv%2Fgrass%2Flayout.xml&amp;showFlipBtn=true\" target=\"_blank\"><\/a><\/div>\n<\/div>\n<\/div>\n<p>{jcomments on}<\/p>\n","protected":false},"excerpt":{"rendered":"<p>Todos los d\u00edas podemos observar al finalizar el recreo la cantidad de basura que se tira al suelo. Cada a\u00f1o hacemos diferentes campa\u00f1as para mejorar la limpieza de nuestro patio. Este proyecto nace con una utilidad muy clara: \u00abUTILIZAR LAS PAPELERAS\u00bb Para que todas y todos podamos disfrutar de un [&hellip;]<\/p>\n","protected":false},"author":4,"featured_media":0,"comment_status":"closed","ping_status":"open","sticky":false,"template":"","format":"standard","meta":{"jetpack_post_was_ever_published":false,"_jetpack_newsletter_access":"","_jetpack_dont_email_post_to_subs":false,"_jetpack_newsletter_tier_id":0,"_jetpack_memberships_contains_paywalled_content":false,"_jetpack_memberships_contains_paid_content":false,"footnotes":""},"categories":[28],"tags":[],"class_list":["post-228","post","type-post","status-publish","format-standard","hentry","category-ef"],"jetpack_featured_media_url":"","jetpack_sharing_enabled":true,"jetpack_shortlink":"https:\/\/wp.me\/p9VlHp-3G","jetpack-related-posts":[{"id":36,"url":"https:\/\/www.ceipmaestrorafaelbravomartin.es\/?p=36","url_meta":{"origin":228,"position":0},"title":"Plan biling\u00fce","author":"CEIP Maestro Rafael Bravo Mart\u00edn","date":"18 octubre, 2010","format":false,"excerpt":"\u00bfPOR QU\u00c9 SOMOS CENTRO BILING\u00dcE?La sociedad actual demanda la formaci\u00f3n pluriling\u00fce y multicultural, es decir, dominio de varios idiomas y conocimiento de distintas culturas. Esto no s\u00f3lo enriquece a nivel personal sino que favorece la\u00a0 inserci\u00f3n en la vida laboral y facilita la convivencia de distintas culturas en un mismo\u2026","rel":"","context":"En \u00abPlanes y programas\u00bb","block_context":{"text":"Planes y programas","link":"https:\/\/www.ceipmaestrorafaelbravomartin.es\/?cat=23"},"img":{"alt_text":"","src":"","width":0,"height":0},"classes":[]},{"id":58,"url":"https:\/\/www.ceipmaestrorafaelbravomartin.es\/?p=58","url_meta":{"origin":228,"position":1},"title":"Excursi\u00f3n de 5\u00ba de primaria a la Mancomunidad de Servicios La Vega.","author":"CEIP Maestro Rafael Bravo Mart\u00edn","date":"4 mayo, 2010","format":false,"excerpt":"El d\u00eda 4 de mayo, los\/as alumnos\/as de 5\u00ba curso fuimos a la planta de recogida de residuos de la \"Mancomunidad de servicios de la Vega\", que se encarga de la recogida de residuos org\u00e1nicos (los de los contenedores tradicionales) y envases de pl\u00e1sticos, tetra-brick y latas (contenedores amarillos) de\u2026","rel":"","context":"En \u00abCurso 2009\/10\u00bb","block_context":{"text":"Curso 2009\/10","link":"https:\/\/www.ceipmaestrorafaelbravomartin.es\/?cat=27"},"img":{"alt_text":"","src":"","width":0,"height":0},"classes":[]},{"id":1790,"url":"https:\/\/www.ceipmaestrorafaelbravomartin.es\/?p=1790","url_meta":{"origin":228,"position":2},"title":"Christmas Card Exchange Project","author":"CEIP Maestro Rafael Bravo Mart\u00edn","date":"3 diciembre, 2017","format":false,"excerpt":"Durante este curso, el alumnado y el profesorado de Tercer Ciclo participamos en un proyecto de intercambio de Christmas con ni\u00f1os y ni\u00f1as de diferentes pa\u00edses del mundo. Esta iniciativa, \"Christmas Card Exchange Project\", nos ha brindado la oportunidad de tener contacto con personas de EEUU (Iowa y Ohio) y\u2026","rel":"","context":"En \u00abBiling\u00fcismo\u00bb","block_context":{"text":"Biling\u00fcismo","link":"https:\/\/www.ceipmaestrorafaelbravomartin.es\/?cat=109"},"img":{"alt_text":"","src":"","width":0,"height":0},"classes":[]},{"id":198,"url":"https:\/\/www.ceipmaestrorafaelbravomartin.es\/?p=198","url_meta":{"origin":228,"position":3},"title":"Informaci\u00f3n Plan biling\u00fce curso 2011\/12","author":"CEIP Maestro Rafael Bravo Mart\u00edn","date":"4 noviembre, 2011","format":false,"excerpt":"PRESENTACI\u00d3N Atendiendo a las caracter\u00edsticas de nuestro Centro, de los recursos con los que contamos tanto personales como materiales, as\u00ed como de las caracter\u00edsticas propias de nuestro alumnado; procedemos a dar respuesta a la formaci\u00f3n que se requiere para la inclusi\u00f3n de los ni\u00f1os y las ni\u00f1as de nuestro colegio\u2026","rel":"","context":"En \u00abPlanes y programas\u00bb","block_context":{"text":"Planes y programas","link":"https:\/\/www.ceipmaestrorafaelbravomartin.es\/?cat=23"},"img":{"alt_text":"","src":"","width":0,"height":0},"classes":[]},{"id":2022,"url":"https:\/\/www.ceipmaestrorafaelbravomartin.es\/?p=2022","url_meta":{"origin":228,"position":4},"title":"Plan de cosumo de frutas","author":"CEIP Maestro Rafael Bravo Mart\u00edn","date":"6 febrero, 2020","format":false,"excerpt":"Comer saludable es fundamental para crecer sanos y fuertes, por eso, desde el proyecto de escuela saludable, nos adherimos al Plan de consumo de frutas y hortalizas que pone en marcha la Consejer\u00eda de Educaci\u00f3n. Tenemos que agradecer la colaboraci\u00f3n desinteresada de las familias y del profesorado, ya que sin\u2026","rel":"","context":"En \u00abPlanes y programas\u00bb","block_context":{"text":"Planes y programas","link":"https:\/\/www.ceipmaestrorafaelbravomartin.es\/?cat=23"},"img":{"alt_text":"","src":"https:\/\/i0.wp.com\/www.ceipmaestrorafaelbravomartin.es\/wp-content\/uploads\/2020\/02\/WhatsApp-Image-2020-02-06-at-10.33.22-150x150.jpeg?resize=350%2C200&ssl=1","width":350,"height":200,"srcset":"https:\/\/i0.wp.com\/www.ceipmaestrorafaelbravomartin.es\/wp-content\/uploads\/2020\/02\/WhatsApp-Image-2020-02-06-at-10.33.22-150x150.jpeg?resize=350%2C200&ssl=1 1x, https:\/\/i0.wp.com\/www.ceipmaestrorafaelbravomartin.es\/wp-content\/uploads\/2020\/02\/WhatsApp-Image-2020-02-06-at-10.33.22-150x150.jpeg?resize=525%2C300&ssl=1 1.5x, https:\/\/i0.wp.com\/www.ceipmaestrorafaelbravomartin.es\/wp-content\/uploads\/2020\/02\/WhatsApp-Image-2020-02-06-at-10.33.22-150x150.jpeg?resize=700%2C400&ssl=1 2x"},"classes":[]},{"id":33,"url":"https:\/\/www.ceipmaestrorafaelbravomartin.es\/?p=33","url_meta":{"origin":228,"position":5},"title":"Centro TIC","author":"CEIP Maestro Rafael Bravo Mart\u00edn","date":"18 octubre, 2010","format":false,"excerpt":"Nuestra sociedad actual est\u00e1 caracterizada por cambios r\u00e1pidos y profundos, especialmente motivados por el desarrollo de las Nuevas Tecnolog\u00edas de la Informaci\u00f3n y el Conocimiento. La escuela no puede estar ajena a este fen\u00f3meno y tenemos la obligaci\u00f3n de preparar a nuestros alumnos y alumnas para esta sociedad, en la\u2026","rel":"","context":"En \u00abPlanes y programas\u00bb","block_context":{"text":"Planes y programas","link":"https:\/\/www.ceipmaestrorafaelbravomartin.es\/?cat=23"},"img":{"alt_text":"","src":"","width":0,"height":0},"classes":[]}],"_links":{"self":[{"href":"https:\/\/www.ceipmaestrorafaelbravomartin.es\/index.php?rest_route=\/wp\/v2\/posts\/228","targetHints":{"allow":["GET"]}}],"collection":[{"href":"https:\/\/www.ceipmaestrorafaelbravomartin.es\/index.php?rest_route=\/wp\/v2\/posts"}],"about":[{"href":"https:\/\/www.ceipmaestrorafaelbravomartin.es\/index.php?rest_route=\/wp\/v2\/types\/post"}],"author":[{"embeddable":true,"href":"https:\/\/www.ceipmaestrorafaelbravomartin.es\/index.php?rest_route=\/wp\/v2\/users\/4"}],"replies":[{"embeddable":true,"href":"https:\/\/www.ceipmaestrorafaelbravomartin.es\/index.php?rest_route=%2Fwp%2Fv2%2Fcomments&post=228"}],"version-history":[{"count":1,"href":"https:\/\/www.ceipmaestrorafaelbravomartin.es\/index.php?rest_route=\/wp\/v2\/posts\/228\/revisions"}],"predecessor-version":[{"id":416,"href":"https:\/\/www.ceipmaestrorafaelbravomartin.es\/index.php?rest_route=\/wp\/v2\/posts\/228\/revisions\/416"}],"wp:attachment":[{"href":"https:\/\/www.ceipmaestrorafaelbravomartin.es\/index.php?rest_route=%2Fwp%2Fv2%2Fmedia&parent=228"}],"wp:term":[{"taxonomy":"category","embeddable":true,"href":"https:\/\/www.ceipmaestrorafaelbravomartin.es\/index.php?rest_route=%2Fwp%2Fv2%2Fcategories&post=228"},{"taxonomy":"post_tag","embeddable":true,"href":"https:\/\/www.ceipmaestrorafaelbravomartin.es\/index.php?rest_route=%2Fwp%2Fv2%2Ftags&post=228"}],"curies":[{"name":"wp","href":"https:\/\/api.w.org\/{rel}","templated":true}]}}