{"id":2292,"date":"2020-03-26T13:51:14","date_gmt":"2020-03-26T12:51:14","guid":{"rendered":"http:\/\/www.ceipmaestrorafaelbravomartin.es\/?p=2292"},"modified":"2020-03-31T11:22:54","modified_gmt":"2020-03-31T09:22:54","slug":"nuestros-ratitos-cientificos-en-el-cole","status":"publish","type":"post","link":"https:\/\/www.ceipmaestrorafaelbravomartin.es\/?p=2292","title":{"rendered":"Nuestros ratitos ci\u00e9ntificos en el Cole"},"content":{"rendered":"\n<p>   A lo largo de los meses de febrero y marzo se han llevado a cabo charlas de mujeres cient\u00edficas de nuestro entorno.<\/p>\n\n\n\n<p>   Estas charlas forman parte de la <strong>\u00abIniciativa 11 de febrero\u00bb<\/strong> que conmemora el <strong>D\u00eda Internacional de la Mujer y la Ni\u00f1a en la Ciencia<\/strong> y que pretende visibilizar el trabajo de las cient\u00edficas, crear roles femeninos en los \u00e1mbitos de la ciencia y la tecnolog\u00eda y promover pr\u00e1cticas que favorezcan la igualdad de g\u00e9nero en el \u00e1mbito cient\u00edfico-tecnol\u00f3gico.<\/p>\n\n\n\n<p>   Este ha sido el primer a\u00f1o que la hemos llevado a cabo en nuestro centro, y hemos de decir que la participaci\u00f3n ha sido todo un \u00e9xito y que al alumnado le ha encantado ver a familiares, y no familiares, explicando en el centro temas tan interesantes.<\/p>\n\n\n\n<p>   A continuaci\u00f3n a\u00f1adimos un v\u00eddeo con un resumen de las charlas realizadas hasta el momento, a la espera de continuar con ellas a la vuelta de esta situaci\u00f3n especial en la que nos encontramos.<\/p>\n\n\n\n<figure class=\"wp-block-embed-youtube wp-block-embed is-type-video is-provider-youtube wp-embed-aspect-16-9 wp-has-aspect-ratio\"><div class=\"wp-block-embed__wrapper\">\n<span class=\"embed-youtube\" style=\"text-align:center; display: block;\"><iframe loading=\"lazy\" class=\"youtube-player\" width=\"750\" height=\"422\" src=\"https:\/\/www.youtube.com\/embed\/MFGgtR0Aako?version=3&#038;rel=1&#038;showsearch=0&#038;showinfo=1&#038;iv_load_policy=1&#038;fs=1&#038;hl=es-ES&#038;autohide=2&#038;wmode=transparent\" allowfullscreen=\"true\" style=\"border:0;\" sandbox=\"allow-scripts allow-same-origin allow-popups allow-presentation allow-popups-to-escape-sandbox\"><\/iframe><\/span>\n<\/div><\/figure>\n\n\n\n<p>   Por \u00faltimo agradecer la participaci\u00f3n a todas estas mujeres, que tan gustosamente han colaborado.<\/p>\n\n\n\n<p class=\"has-text-align-right\">              M\u00aa Trinidad Fern\u00e1ndez Garc\u00eda<\/p>\n\n\n\n<p class=\"has-text-align-right\">Coordinadora del Plan de Igualdad<\/p>\n","protected":false},"excerpt":{"rendered":"<p>A lo largo de los meses de febrero y marzo se han llevado a cabo charlas de mujeres cient\u00edficas de nuestro entorno. Estas charlas forman parte de la \u00abIniciativa 11 de febrero\u00bb que conmemora el D\u00eda Internacional de la Mujer y la Ni\u00f1a en la Ciencia y que pretende visibilizar [&hellip;]<\/p>\n","protected":false},"author":4,"featured_media":0,"comment_status":"open","ping_status":"closed","sticky":false,"template":"","format":"standard","meta":{"jetpack_post_was_ever_published":false,"_jetpack_newsletter_access":"","_jetpack_dont_email_post_to_subs":false,"_jetpack_newsletter_tier_id":0,"_jetpack_memberships_contains_paywalled_content":false,"_jetpack_memberships_contains_paid_content":false,"footnotes":""},"categories":[123,9],"tags":[],"class_list":["post-2292","post","type-post","status-publish","format-standard","hentry","category-plan-de-igualdad","category-c35-planes"],"jetpack_featured_media_url":"","jetpack_sharing_enabled":true,"jetpack_shortlink":"https:\/\/wp.me\/p9VlHp-AY","jetpack-related-posts":[{"id":2035,"url":"https:\/\/www.ceipmaestrorafaelbravomartin.es\/?p=2035","url_meta":{"origin":2292,"position":0},"title":"D\u00cdA INTERNACIONAL DE LA MUJER Y LA NI\u00d1A EN LA CIENCIA","author":"CEIP Maestro Rafael Bravo Mart\u00edn","date":"8 febrero, 2020","format":false,"excerpt":"En la actualidad, las mujeres y ni\u00f1as encuentran barreras de muchos tipos, a veces muy sutiles, que dificultan su presencia en la ciencia. El 15 de diciembre de 2015 la Asamblea General de las Naciones Unidas proclam\u00f3 el 11 de febrero\u00a0D\u00eda Internacional de la Mujer y la Ni\u00f1a en la\u2026","rel":"","context":"En \u00abCoeducaci\u00f3n\u00bb","block_context":{"text":"Coeducaci\u00f3n","link":"https:\/\/www.ceipmaestrorafaelbravomartin.es\/?cat=114"},"img":{"alt_text":"","src":"https:\/\/i0.wp.com\/www.ceipmaestrorafaelbravomartin.es\/wp-content\/uploads\/2020\/02\/Cartel-Isabel-Fern%C3%A1ndez.jpg?resize=350%2C200&ssl=1","width":350,"height":200,"srcset":"https:\/\/i0.wp.com\/www.ceipmaestrorafaelbravomartin.es\/wp-content\/uploads\/2020\/02\/Cartel-Isabel-Fern%C3%A1ndez.jpg?resize=350%2C200&ssl=1 1x, https:\/\/i0.wp.com\/www.ceipmaestrorafaelbravomartin.es\/wp-content\/uploads\/2020\/02\/Cartel-Isabel-Fern%C3%A1ndez.jpg?resize=525%2C300&ssl=1 1.5x, https:\/\/i0.wp.com\/www.ceipmaestrorafaelbravomartin.es\/wp-content\/uploads\/2020\/02\/Cartel-Isabel-Fern%C3%A1ndez.jpg?resize=700%2C400&ssl=1 2x, https:\/\/i0.wp.com\/www.ceipmaestrorafaelbravomartin.es\/wp-content\/uploads\/2020\/02\/Cartel-Isabel-Fern%C3%A1ndez.jpg?resize=1050%2C600&ssl=1 3x, https:\/\/i0.wp.com\/www.ceipmaestrorafaelbravomartin.es\/wp-content\/uploads\/2020\/02\/Cartel-Isabel-Fern%C3%A1ndez.jpg?resize=1400%2C800&ssl=1 4x"},"classes":[]},{"id":3002,"url":"https:\/\/www.ceipmaestrorafaelbravomartin.es\/?p=3002","url_meta":{"origin":2292,"position":1},"title":"Cient\u00edficas antes que yo","author":"CEIP Maestro Rafael Bravo Mart\u00edn","date":"8 marzo, 2021","format":false,"excerpt":"Para la celebraci\u00f3n del 11 de febrero \u201cD\u00eda de la mujer y la ni\u00f1a en la ciencia\u201d desde el Plan de Igualdad, hemos propuesto trabajar en las clases a diferentes mujeres cient\u00edficas con el objetivo de visibilizar su labor. En Educaci\u00f3n Infantil y 1\u00ba de Educaci\u00f3n Primaria hemos contado la\u2026","rel":"","context":"En \u00abCoeducaci\u00f3n\u00bb","block_context":{"text":"Coeducaci\u00f3n","link":"https:\/\/www.ceipmaestrorafaelbravomartin.es\/?cat=114"},"img":{"alt_text":"","src":"https:\/\/i0.wp.com\/img.youtube.com\/vi\/1GBH0k42VmY\/0.jpg?resize=350%2C200","width":350,"height":200},"classes":[]},{"id":657,"url":"https:\/\/www.ceipmaestrorafaelbravomartin.es\/?p=657","url_meta":{"origin":2292,"position":2},"title":"C\u00e1ritas","author":"CEIP Maestro Rafael Bravo Mart\u00edn","date":"8 febrero, 2014","format":false,"excerpt":"Hoy, 7 de febrero, se ha realizado la charla-coloquio anteriormente anunciada a cargo de tres representantes de C\u00c1RITAS. Han explicado la necesidad y la importancia de su labor y nos han mostrado su agradecimiento por nuestro apoyo y colaboraci\u00f3n. Destacamos el inter\u00e9s y entusiasmo de todos los asistententes a la\u2026","rel":"","context":"En \u00abEl centro\u00bb","block_context":{"text":"El centro","link":"https:\/\/www.ceipmaestrorafaelbravomartin.es\/?cat=10"},"img":{"alt_text":"","src":"","width":0,"height":0},"classes":[]},{"id":2048,"url":"https:\/\/www.ceipmaestrorafaelbravomartin.es\/?p=2048","url_meta":{"origin":2292,"position":3},"title":"Las ni\u00f1as ya no quieren ser (s\u00f3lo) princesas","author":"CEIP Maestro Rafael Bravo Mart\u00edn","date":"11 febrero, 2020","format":false,"excerpt":"Desde el Plan de Coeducaci\u00f3n, se van a llevar a cabo durante esta semana diversas charlas al alumnado por parte de mujeres cient\u00edficas relacionadas de una u otra manera con nuestro Centro. El objetivo de las mismas, es hacer llegar al alumnado que la Ciencia est\u00e1 tambi\u00e9n al alcance de\u2026","rel":"","context":"En \u00abCoeducaci\u00f3n\u00bb","block_context":{"text":"Coeducaci\u00f3n","link":"https:\/\/www.ceipmaestrorafaelbravomartin.es\/?cat=114"},"img":{"alt_text":"","src":"https:\/\/i0.wp.com\/www.ceipmaestrorafaelbravomartin.es\/wp-content\/uploads\/2020\/02\/WhatsApp-Image-2020-02-11-at-09.13.17.jpeg?resize=350%2C200&ssl=1","width":350,"height":200,"srcset":"https:\/\/i0.wp.com\/www.ceipmaestrorafaelbravomartin.es\/wp-content\/uploads\/2020\/02\/WhatsApp-Image-2020-02-11-at-09.13.17.jpeg?resize=350%2C200&ssl=1 1x, https:\/\/i0.wp.com\/www.ceipmaestrorafaelbravomartin.es\/wp-content\/uploads\/2020\/02\/WhatsApp-Image-2020-02-11-at-09.13.17.jpeg?resize=525%2C300&ssl=1 1.5x, https:\/\/i0.wp.com\/www.ceipmaestrorafaelbravomartin.es\/wp-content\/uploads\/2020\/02\/WhatsApp-Image-2020-02-11-at-09.13.17.jpeg?resize=700%2C400&ssl=1 2x, https:\/\/i0.wp.com\/www.ceipmaestrorafaelbravomartin.es\/wp-content\/uploads\/2020\/02\/WhatsApp-Image-2020-02-11-at-09.13.17.jpeg?resize=1050%2C600&ssl=1 3x"},"classes":[]},{"id":3031,"url":"https:\/\/www.ceipmaestrorafaelbravomartin.es\/?p=3031","url_meta":{"origin":2292,"position":4},"title":"D\u00eda Internacional de la Mujer","author":"CEIP Maestro Rafael Bravo Mart\u00edn","date":"7 abril, 2021","format":false,"excerpt":"El d\u00eda 8 de marzo se conmemora la lucha de la mujer por su participaci\u00f3n en la sociedad y su desarrollo \u00edntegro como persona, en pos de la igualdad con el hombre. La sociedad no deja de avanzar, seguimos obteniendo derechos yreconocimientos y la lucha cada vez es m\u00e1s generalizada.\u2026","rel":"","context":"En \u00abCoeducaci\u00f3n\u00bb","block_context":{"text":"Coeducaci\u00f3n","link":"https:\/\/www.ceipmaestrorafaelbravomartin.es\/?cat=114"},"img":{"alt_text":"","src":"https:\/\/i0.wp.com\/www.ceipmaestrorafaelbravomartin.es\/wp-content\/uploads\/2021\/04\/WhatsApp-Image-2021-03-10-at-21.19.53-150x150.jpeg?resize=350%2C200&ssl=1","width":350,"height":200,"srcset":"https:\/\/i0.wp.com\/www.ceipmaestrorafaelbravomartin.es\/wp-content\/uploads\/2021\/04\/WhatsApp-Image-2021-03-10-at-21.19.53-150x150.jpeg?resize=350%2C200&ssl=1 1x, https:\/\/i0.wp.com\/www.ceipmaestrorafaelbravomartin.es\/wp-content\/uploads\/2021\/04\/WhatsApp-Image-2021-03-10-at-21.19.53-150x150.jpeg?resize=525%2C300&ssl=1 1.5x, https:\/\/i0.wp.com\/www.ceipmaestrorafaelbravomartin.es\/wp-content\/uploads\/2021\/04\/WhatsApp-Image-2021-03-10-at-21.19.53-150x150.jpeg?resize=700%2C400&ssl=1 2x, https:\/\/i0.wp.com\/www.ceipmaestrorafaelbravomartin.es\/wp-content\/uploads\/2021\/04\/WhatsApp-Image-2021-03-10-at-21.19.53-150x150.jpeg?resize=1050%2C600&ssl=1 3x, https:\/\/i0.wp.com\/www.ceipmaestrorafaelbravomartin.es\/wp-content\/uploads\/2021\/04\/WhatsApp-Image-2021-03-10-at-21.19.53-150x150.jpeg?resize=1400%2C800&ssl=1 4x"},"classes":[]},{"id":678,"url":"https:\/\/www.ceipmaestrorafaelbravomartin.es\/?p=678","url_meta":{"origin":2292,"position":5},"title":"Premios VIVE ALCAL\u00c1 DEL R\u00cdO","author":"CEIP Maestro Rafael Bravo Mart\u00edn","date":"1 marzo, 2014","format":false,"excerpt":"Se ha celebrado la tercera edici\u00f3n de la Gala de los Premios Vive. Una iniciativa que persigue reconocer el trabajo, labor y dedicaci\u00f3n de vecinos del municipio en diferentes \u00e1reas, como la cultura, la educaci\u00f3n, el deporte, bienestar social, etc . \"Un evento que nos re\u00fane cada 28 de Febrero\u2026","rel":"","context":"En \u00abDedicatorias\u00bb","block_context":{"text":"Dedicatorias","link":"https:\/\/www.ceipmaestrorafaelbravomartin.es\/?cat=24"},"img":{"alt_text":"028_CARTEL_PREMIOS_VIVE_2014.jpg_824362120","src":"https:\/\/i0.wp.com\/blogasuncion.es\/wp-content\/uploads\/2014\/03\/028_CARTEL_PREMIOS_VIVE_2014.jpg_824362120-211x300.jpg?resize=350%2C200","width":350,"height":200},"classes":[]}],"_links":{"self":[{"href":"https:\/\/www.ceipmaestrorafaelbravomartin.es\/index.php?rest_route=\/wp\/v2\/posts\/2292","targetHints":{"allow":["GET"]}}],"collection":[{"href":"https:\/\/www.ceipmaestrorafaelbravomartin.es\/index.php?rest_route=\/wp\/v2\/posts"}],"about":[{"href":"https:\/\/www.ceipmaestrorafaelbravomartin.es\/index.php?rest_route=\/wp\/v2\/types\/post"}],"author":[{"embeddable":true,"href":"https:\/\/www.ceipmaestrorafaelbravomartin.es\/index.php?rest_route=\/wp\/v2\/users\/4"}],"replies":[{"embeddable":true,"href":"https:\/\/www.ceipmaestrorafaelbravomartin.es\/index.php?rest_route=%2Fwp%2Fv2%2Fcomments&post=2292"}],"version-history":[{"count":4,"href":"https:\/\/www.ceipmaestrorafaelbravomartin.es\/index.php?rest_route=\/wp\/v2\/posts\/2292\/revisions"}],"predecessor-version":[{"id":2296,"href":"https:\/\/www.ceipmaestrorafaelbravomartin.es\/index.php?rest_route=\/wp\/v2\/posts\/2292\/revisions\/2296"}],"wp:attachment":[{"href":"https:\/\/www.ceipmaestrorafaelbravomartin.es\/index.php?rest_route=%2Fwp%2Fv2%2Fmedia&parent=2292"}],"wp:term":[{"taxonomy":"category","embeddable":true,"href":"https:\/\/www.ceipmaestrorafaelbravomartin.es\/index.php?rest_route=%2Fwp%2Fv2%2Fcategories&post=2292"},{"taxonomy":"post_tag","embeddable":true,"href":"https:\/\/www.ceipmaestrorafaelbravomartin.es\/index.php?rest_route=%2Fwp%2Fv2%2Ftags&post=2292"}],"curies":[{"name":"wp","href":"https:\/\/api.w.org\/{rel}","templated":true}]}}