{"id":231,"date":"2012-03-09T16:25:18","date_gmt":"2012-03-09T15:25:18","guid":{"rendered":"http:\/\/blogasuncion.es\/?p=231"},"modified":"2014-08-24T14:14:56","modified_gmt":"2014-08-24T12:14:56","slug":"la-juliana-centro-de-interpretacion-de-la-naturaleza","status":"publish","type":"post","link":"https:\/\/www.ceipmaestrorafaelbravomartin.es\/?p=231","title":{"rendered":"\u201cLA JULIANA\u201d: Centro de Interpretaci\u00f3n de la Naturaleza"},"content":{"rendered":"<p style=\"text-align: justify;\">Hola amigos\/as. Aqu\u00ed os dejamos algunas fotos y v\u00eddeos de los alumnos\/as de quinto curso que el d\u00eda 5 de marzo estuvimos en el Centro de Interpretaci\u00f3n de la Naturaleza <b>\u201cLA JULIANA\u201d<\/b>, En Bollulos de la Mitaci\u00f3n.<\/p>\n<p style=\"text-align: justify;\">\u00a0<\/p>\n<p style=\"text-align: justify;\">Tienen un fabuloso <b>Bosque Suspendido<\/b> que da un poco de \u201cyuyu\u201d al principio, pero despu\u00e9s, es muy divertido. Tambi\u00e9n escalamos en un <b>Pin\u00f3dromo<\/b> de m\u00e1s de 12 metros de altura e hicimos <b>competiciones de tiro con arco.<\/b><\/p>\n<p style=\"text-align: justify;\"><b><br \/><\/b><\/p>\n<p style=\"text-align: justify;\">Nos lo pasamos en grande y el d\u00eda fue estupendo, por eso, queremos recomendaros a todos\/as esta excursi\u00f3n, que es de las mejores que recordamos.<\/p>\n<p style=\"text-align: justify;\">Saludos a todos\/as.<\/p>\n<p style=\"text-align: justify;\">\u00a0<\/p>\n<p style=\"text-align: right;\">Fernando Alguacil (tutor 5\u00baB)<\/p>\n<p style=\"text-align: right;\">\u00a0<\/p>\n<p style=\"text-align: center;\">\u00a0<\/p>\n<p>\n<object codebase=\"http:\/\/download.macromedia.com\/pub\/shockwave\/cabs\/flash\/swflash.cab#version=10,0,32,18\" classid=\"clsid:d27cdb6e-ae6d-11cf-96b8-444553540000\" type=\"application\/x-shockwave-flash\" height=\"360\" width=\"480\" style=\"display: block; margin-left: auto; margin-right: auto;\"><param name=\"allowFullScreen\" value=\"true\" \/><param name=\"allowscriptaccess\" value=\"always\" \/><param name=\"src\" value=\"http:\/\/www.youtube.com\/v\/qq-KzUo6qNM?version=3&amp;hl=es_ES&amp;rel=0\" \/>&nbsp;<\/embed><\/object><br \/>\n{jcomments on}<\/p>\n","protected":false},"excerpt":{"rendered":"<p>Hola amigos\/as. Aqu\u00ed os dejamos algunas fotos y v\u00eddeos de los alumnos\/as de quinto curso que el d\u00eda 5 de marzo estuvimos en el Centro de Interpretaci\u00f3n de la Naturaleza \u201cLA JULIANA\u201d, En Bollulos de la Mitaci\u00f3n. \u00a0 Tienen un fabuloso Bosque Suspendido que da un poco de \u201cyuyu\u201d al [&hellip;]<\/p>\n","protected":false},"author":4,"featured_media":0,"comment_status":"closed","ping_status":"closed","sticky":false,"template":"","format":"standard","meta":{"jetpack_post_was_ever_published":false,"_jetpack_newsletter_access":"","_jetpack_dont_email_post_to_subs":false,"_jetpack_newsletter_tier_id":0,"_jetpack_memberships_contains_paywalled_content":false,"_jetpack_memberships_contains_paid_content":false,"footnotes":""},"categories":[14],"tags":[],"class_list":["post-231","post","type-post","status-publish","format-standard","hentry","category-estraexcolares"],"jetpack_featured_media_url":"","jetpack_sharing_enabled":true,"jetpack_shortlink":"https:\/\/wp.me\/p9VlHp-3J","jetpack-related-posts":[{"id":148,"url":"https:\/\/www.ceipmaestrorafaelbravomartin.es\/?p=148","url_meta":{"origin":231,"position":0},"title":"Semana Cultural: Nuestro Centro. Ayer y Hoy","author":"CEIP Maestro Rafael Bravo Mart\u00edn","date":"10 marzo, 2011","format":false,"excerpt":"Lema: Nuestro Centro. Ayer y Hoy. \u00a0 Durante la semana del 21 al 25 de marzo y durante un tiempo, cada curso con su tutor-a realizar\u00e1 una actividad relacionada con le lema de nuestra semana cultural.\u00a0 \u00a0 Actividades: - Limpieza del centro. - Decoraci\u00f3n del centro. - Conocimiento del centro.\u2026","rel":"","context":"En \u00abActividades extraescolares\u00bb","block_context":{"text":"Actividades extraescolares","link":"https:\/\/www.ceipmaestrorafaelbravomartin.es\/?cat=14"},"img":{"alt_text":"","src":"","width":0,"height":0},"classes":[]},{"id":70,"url":"https:\/\/www.ceipmaestrorafaelbravomartin.es\/?p=70","url_meta":{"origin":231,"position":1},"title":"RECICLAR ES TAREA DE TODOS Y TODAS.","author":"CEIP Maestro Rafael Bravo Mart\u00edn","date":"27 octubre, 2010","format":false,"excerpt":"El martes d\u00eda 19, fuimos a la parte trasera del instituto para realizar una visita a un autob\u00fas de reciclaje. All\u00ed hab\u00eda un castillo hinchable y unos monitores.\u00a0","rel":"","context":"En \u00abNoticias Internas\u00bb","block_context":{"text":"Noticias Internas","link":"https:\/\/www.ceipmaestrorafaelbravomartin.es\/?cat=29"},"img":{"alt_text":"","src":"","width":0,"height":0},"classes":[]},{"id":2960,"url":"https:\/\/www.ceipmaestrorafaelbravomartin.es\/?p=2960","url_meta":{"origin":231,"position":2},"title":"D\u00eda de la Paz y la No Violencia","author":"CEIP Maestro Rafael Bravo Mart\u00edn","date":"4 febrero, 2021","format":false,"excerpt":"El mensaje b\u00e1sico de este d\u00eda es: \u201cAmor universal, No-violencia y Paz\u201d. El Amor universal es mejor que el ego\u00edsmo, la No-violencia es mejor que la violencia y la Paz es mejor que la guerra\u2019. La educaci\u00f3n en y para la tolerancia, la solidaridad, la concordia, el respeto a los\u2026","rel":"","context":"En \u00abD\u00eda de la Paz\u00bb","block_context":{"text":"D\u00eda de la Paz","link":"https:\/\/www.ceipmaestrorafaelbravomartin.es\/?cat=134"},"img":{"alt_text":"","src":"https:\/\/i0.wp.com\/img.youtube.com\/vi\/7xkvB33-Gis\/0.jpg?resize=350%2C200","width":350,"height":200},"classes":[]},{"id":1787,"url":"https:\/\/www.ceipmaestrorafaelbravomartin.es\/?p=1787","url_meta":{"origin":231,"position":3},"title":"20 de noviembre: D\u00eda Universal del Ni\u00f1o","author":"CEIP Maestro Rafael Bravo Mart\u00edn","date":"17 noviembre, 2017","format":false,"excerpt":"El\u00a0D\u00eda Universal del Ni\u00f1o, que se celebra todos los a\u00f1os el 20 de noviembre, es un d\u00eda dedicado a todos los ni\u00f1os y ni\u00f1as del mundo. Es un d\u00eda de celebraci\u00f3n por los avances conseguidos, pero sobre todo es un d\u00eda para llamar la atenci\u00f3n sobre la situaci\u00f3n de los\u2026","rel":"","context":"En \u00abEl centro\u00bb","block_context":{"text":"El centro","link":"https:\/\/www.ceipmaestrorafaelbravomartin.es\/?cat=10"},"img":{"alt_text":"","src":"","width":0,"height":0},"classes":[]},{"id":1659,"url":"https:\/\/www.ceipmaestrorafaelbravomartin.es\/?p=1659","url_meta":{"origin":231,"position":4},"title":"Celebraci\u00f3n del D\u00eda de la Paz.","author":"CEIP Maestro Rafael Bravo Mart\u00edn","date":"20 febrero, 2017","format":false,"excerpt":"El pasado 31 de enero, celebramos en el colegio el D\u00eda de la Paz interpretando una adaptaci\u00f3n de la canci\u00f3n: \"C\u00f3mo te atreves a volver\" de Morat, pidiendo la paz para Siria. Deseamos que os guste nuestra interpretaci\u00f3n. \u00a0 https:\/\/youtu.be\/8vVnbqDlb8s \u00a0","rel":"","context":"En \u00abEl centro\u00bb","block_context":{"text":"El centro","link":"https:\/\/www.ceipmaestrorafaelbravomartin.es\/?cat=10"},"img":{"alt_text":"","src":"https:\/\/i0.wp.com\/img.youtube.com\/vi\/8vVnbqDlb8s\/0.jpg?resize=350%2C200","width":350,"height":200},"classes":[]},{"id":83,"url":"https:\/\/www.ceipmaestrorafaelbravomartin.es\/?p=83","url_meta":{"origin":231,"position":5},"title":"Inauguramos nueva secci\u00f3n de foros","author":"CEIP Maestro Rafael Bravo Mart\u00edn","date":"14 noviembre, 2010","format":false,"excerpt":"Con la intenci\u00f3n de promover la participaci\u00f3n de toda la comunidad educativa y el intercambio de ideas y opiniones, tengo el placer de informaros de la inauguraci\u00f3n de una nueva secci\u00f3n en la que todos y todas pod\u00e9is participar. Pod\u00e9is encontrarla en el men\u00fa superior horizontal con el nombre de\u2026","rel":"","context":"En \u00abNoticias TIC\u00bb","block_context":{"text":"Noticias TIC","link":"https:\/\/www.ceipmaestrorafaelbravomartin.es\/?cat=19"},"img":{"alt_text":"","src":"","width":0,"height":0},"classes":[]}],"_links":{"self":[{"href":"https:\/\/www.ceipmaestrorafaelbravomartin.es\/index.php?rest_route=\/wp\/v2\/posts\/231","targetHints":{"allow":["GET"]}}],"collection":[{"href":"https:\/\/www.ceipmaestrorafaelbravomartin.es\/index.php?rest_route=\/wp\/v2\/posts"}],"about":[{"href":"https:\/\/www.ceipmaestrorafaelbravomartin.es\/index.php?rest_route=\/wp\/v2\/types\/post"}],"author":[{"embeddable":true,"href":"https:\/\/www.ceipmaestrorafaelbravomartin.es\/index.php?rest_route=\/wp\/v2\/users\/4"}],"replies":[{"embeddable":true,"href":"https:\/\/www.ceipmaestrorafaelbravomartin.es\/index.php?rest_route=%2Fwp%2Fv2%2Fcomments&post=231"}],"version-history":[{"count":1,"href":"https:\/\/www.ceipmaestrorafaelbravomartin.es\/index.php?rest_route=\/wp\/v2\/posts\/231\/revisions"}],"predecessor-version":[{"id":784,"href":"https:\/\/www.ceipmaestrorafaelbravomartin.es\/index.php?rest_route=\/wp\/v2\/posts\/231\/revisions\/784"}],"wp:attachment":[{"href":"https:\/\/www.ceipmaestrorafaelbravomartin.es\/index.php?rest_route=%2Fwp%2Fv2%2Fmedia&parent=231"}],"wp:term":[{"taxonomy":"category","embeddable":true,"href":"https:\/\/www.ceipmaestrorafaelbravomartin.es\/index.php?rest_route=%2Fwp%2Fv2%2Fcategories&post=231"},{"taxonomy":"post_tag","embeddable":true,"href":"https:\/\/www.ceipmaestrorafaelbravomartin.es\/index.php?rest_route=%2Fwp%2Fv2%2Ftags&post=231"}],"curies":[{"name":"wp","href":"https:\/\/api.w.org\/{rel}","templated":true}]}}