{"id":239,"date":"2012-03-26T18:27:59","date_gmt":"2012-03-26T16:27:59","guid":{"rendered":"http:\/\/blogasuncion.es\/?p=239"},"modified":"2014-10-12T19:52:44","modified_gmt":"2014-10-12T17:52:44","slug":"ventana-escolar-curso-201112-2","status":"publish","type":"post","link":"https:\/\/www.ceipmaestrorafaelbravomartin.es\/?p=239","title":{"rendered":"Ventana Escolar: curso 2011\/12"},"content":{"rendered":"<p style=\"text-align: center;\">Publicamos, a pocos d\u00edas de Semana Santa, nuestro peri\u00f3dico escolar del curso 2011\/12.<\/p>\n<p style=\"text-align: center;\">\u00a0<\/p>\n<p style=\"text-align: center;\">Se  ha conseguido gracias a todo el alumnado, que ha realizado los  distintos art\u00edculos, y al trabajo del profesorado encargado de la  coordinaci\u00f3n del mismo.<\/p>\n<p style=\"text-align: center;\">\u00a0<\/p>\n<div>\n<object codebase=\"http:\/\/download.macromedia.com\/pub\/shockwave\/cabs\/flash\/swflash.cab#version=10,0,32,18\" classid=\"clsid:d27cdb6e-ae6d-11cf-96b8-444553540000\" type=\"application\/x-shockwave-flash\" height=\"335\" width=\"474\" style=\"display: block; margin-left: auto; margin-right: auto;\"><param name=\"allowfullscreen\" value=\"true\" \/><param name=\"menu\" value=\"false\" \/><param name=\"src\" value=\"http:\/\/static.issuu.com\/webembed\/viewers\/style1\/v1\/IssuuViewer.swf?mode=embed&amp;layout=http%3A%2F%2Fskin.issuu.com%2Fv%2Fgrass%2Flayout.xml&amp;showFlipBtn=true&amp;documentId=120326144800-fa29a577af914407add8878c1a802f4b&amp;docName=peri_dico&amp;username=asunquivir&amp;loadingInfoText=Ventana%20Escolar%2C%20marzo%202012&amp;et=1332786030548&amp;er=97\" \/><\/object><br \/>\n{jcomments on}<\/p>\n<div style=\"width: 420px; text-align: left;\"><a href=\"http:\/\/issuu.com\/asunquivir\/docs\/peri_dico?mode=embed&amp;layout=http%3A%2F%2Fskin.issuu.com%2Fv%2Fgrass%2Flayout.xml&amp;showFlipBtn=true\" target=\"_blank\">Open publication<\/a> &#8211; Free <a href=\"http:\/\/issuu.com\" target=\"_blank\">publishing<\/a> &#8211; <a href=\"http:\/\/issuu.com\/search?q=escolar\" target=\"_blank\">More escolar<\/a><\/div>\n<\/div>\n","protected":false},"excerpt":{"rendered":"<p>Publicamos, a pocos d\u00edas de Semana Santa, nuestro peri\u00f3dico escolar del curso 2011\/12. \u00a0 Se ha conseguido gracias a todo el alumnado, que ha realizado los distintos art\u00edculos, y al trabajo del profesorado encargado de la coordinaci\u00f3n del mismo. \u00a0 {jcomments on} Open publication &#8211; Free publishing &#8211; More escolar<\/p>\n","protected":false},"author":4,"featured_media":0,"comment_status":"closed","ping_status":"open","sticky":false,"template":"","format":"standard","meta":{"jetpack_post_was_ever_published":false,"_jetpack_newsletter_access":"","_jetpack_dont_email_post_to_subs":false,"_jetpack_newsletter_tier_id":0,"_jetpack_memberships_contains_paywalled_content":false,"_jetpack_memberships_contains_paid_content":false,"footnotes":""},"categories":[39],"tags":[],"class_list":["post-239","post","type-post","status-publish","format-standard","hentry","category-publicaciones"],"jetpack_featured_media_url":"","jetpack_sharing_enabled":true,"jetpack_shortlink":"https:\/\/wp.me\/p9VlHp-3R","jetpack-related-posts":[{"id":238,"url":"https:\/\/www.ceipmaestrorafaelbravomartin.es\/?p=238","url_meta":{"origin":239,"position":0},"title":"Ventana Escolar: curso 2011\/12","author":"CEIP Maestro Rafael Bravo Mart\u00edn","date":"26 marzo, 2012","format":false,"excerpt":"Publicamos, a pocos d\u00edas de Semana Santa, nuestro peri\u00f3dico escolar del curso 2011\/12. \u00a0 Se ha conseguido gracias a todo el alumnado, que ha realizado los distintos art\u00edculos, y al trabajo del profesorado encargado de la coordinaci\u00f3n del mismo. \u00a0 {jcomments on} Open publication - Free publishing - More escolar","rel":"","context":"En \u00abSin categor\u00eda\u00bb","block_context":{"text":"Sin categor\u00eda","link":"https:\/\/www.ceipmaestrorafaelbravomartin.es\/?cat=1"},"img":{"alt_text":"","src":"","width":0,"height":0},"classes":[]},{"id":308,"url":"https:\/\/www.ceipmaestrorafaelbravomartin.es\/?p=308","url_meta":{"origin":239,"position":1},"title":"Ventana Escolar 2012\/13","author":"CEIP Maestro Rafael Bravo Mart\u00edn","date":"10 marzo, 2013","format":false,"excerpt":"Publicamos, a pocos d\u00edas de Semana Santa (como ya viene siendo habitual), nuestro peri\u00f3dico escolar del curso 2012\/13. Se ha conseguido gracias a todo el alumnado, que ha realizado los distintos art\u00edculos, y al trabajo del profesorado encargado de la coordinaci\u00f3n del mismo.","rel":"","context":"En \u00abPeri\u00f3dico Escolar\u00bb","block_context":{"text":"Peri\u00f3dico Escolar","link":"https:\/\/www.ceipmaestrorafaelbravomartin.es\/?cat=6"},"img":{"alt_text":"","src":"","width":0,"height":0},"classes":[]},{"id":719,"url":"https:\/\/www.ceipmaestrorafaelbravomartin.es\/?p=719","url_meta":{"origin":239,"position":2},"title":"Ventana Escolar (abril 2014)","author":"CEIP Maestro Rafael Bravo Mart\u00edn","date":"9 abril, 2014","format":false,"excerpt":"Publicamos, a s\u00f3lo dos d\u00edas de Semana Santa (como ya viene siendo m\u00e1s que habitual), nuestro peri\u00f3dico escolar del curso 2013\/14. Se ha conseguido gracias a todo el alumnado, que ha realizado los distintos art\u00edculos, y al trabajo del profesorado encargado de la coordinaci\u00f3n del mismo. \u00a0 VENTANA ESCOLAR ABRIL\u2026","rel":"","context":"En \u00abPeri\u00f3dico Escolar\u00bb","block_context":{"text":"Peri\u00f3dico Escolar","link":"https:\/\/www.ceipmaestrorafaelbravomartin.es\/?cat=6"},"img":{"alt_text":"","src":"","width":0,"height":0},"classes":[]},{"id":87,"url":"https:\/\/www.ceipmaestrorafaelbravomartin.es\/?p=87","url_meta":{"origin":239,"position":3},"title":"Peri\u00f3dico: La ventana Escolar","author":"CEIP Maestro Rafael Bravo Mart\u00edn","date":"13 noviembre, 2010","format":false,"excerpt":"Se informa\u00a0 que ya ten\u00e9is de nuevo a vuestra disposici\u00f3n las dos tiradas del peri\u00f3dico \"La Ventana Escolar\" que fueron publicadas el curso anterior en la antigua web del Centro. Pod\u00e9is acceder a ellas desde la columna de la derecha en la secci\u00f3n peri\u00f3dico escolar \"Publicaciones Ventana Escolar\" o haciendo\u2026","rel":"","context":"En \u00abInformaci\u00f3n\u00bb","block_context":{"text":"Informaci\u00f3n","link":"https:\/\/www.ceipmaestrorafaelbravomartin.es\/?cat=17"},"img":{"alt_text":"","src":"https:\/\/i0.wp.com\/www.ceipmaestrorafaelbravomartin.es\/wp-content\/uploads\/2010\/11\/ventana.png?resize=350%2C200&ssl=1","width":350,"height":200},"classes":[]},{"id":160,"url":"https:\/\/www.ceipmaestrorafaelbravomartin.es\/?p=160","url_meta":{"origin":239,"position":4},"title":"Ventana Escolar 2\u00aa tirada. Curso 2010-2011","author":"CEIP Maestro Rafael Bravo Mart\u00edn","date":"14 junio, 2011","format":false,"excerpt":"\u00a1Ya se acaba este curso! \u00a0 Con mucho esfuerzo y entusiasmo, hemos intentado y conseguido{jcomments on} publicar el segundo ejemplar de \"Ventana Escolar\", y como ya viene siendo costumbre tambi\u00e9n queremos mostrarlo en nuestra web. \u00a0 Desde el Taller de Peri\u00f3dico, queremos agradecer la colaboraci\u00f3n y el trabajo aportado por\u2026","rel":"","context":"En \u00abPublicaciones Ventana Escolar\u00bb","block_context":{"text":"Publicaciones Ventana Escolar","link":"https:\/\/www.ceipmaestrorafaelbravomartin.es\/?cat=39"},"img":{"alt_text":"","src":"","width":0,"height":0},"classes":[]},{"id":320,"url":"https:\/\/www.ceipmaestrorafaelbravomartin.es\/?p=320","url_meta":{"origin":239,"position":5},"title":"Ventana Escolar (junio de 2013)","author":"CEIP Maestro Rafael Bravo Mart\u00edn","date":"15 junio, 2013","format":false,"excerpt":"Con un poco de premura, y publicando ahora algunos de los art\u00edculos que fueron seleccionados en la primera tirada de este curso, lanzamos la segunda. Solamente se publicar\u00e1 el peri\u00f3dico completo en la versi\u00f3n digital. Se intentar\u00e1, en los d\u00edas que quedan de clase imprimir y repatir una versi\u00f3n reducida\u2026","rel":"","context":"En \u00abPeri\u00f3dico Escolar\u00bb","block_context":{"text":"Peri\u00f3dico Escolar","link":"https:\/\/www.ceipmaestrorafaelbravomartin.es\/?cat=6"},"img":{"alt_text":"","src":"https:\/\/i0.wp.com\/2.bp.blogspot.com\/-q1EcQRBaVWw\/Uby2_GXaCAI\/AAAAAAAADPQ\/9BL7O8gK0I8\/s400\/peri%C3%B3dico.jpg?resize=350%2C200","width":350,"height":200},"classes":[]}],"_links":{"self":[{"href":"https:\/\/www.ceipmaestrorafaelbravomartin.es\/index.php?rest_route=\/wp\/v2\/posts\/239","targetHints":{"allow":["GET"]}}],"collection":[{"href":"https:\/\/www.ceipmaestrorafaelbravomartin.es\/index.php?rest_route=\/wp\/v2\/posts"}],"about":[{"href":"https:\/\/www.ceipmaestrorafaelbravomartin.es\/index.php?rest_route=\/wp\/v2\/types\/post"}],"author":[{"embeddable":true,"href":"https:\/\/www.ceipmaestrorafaelbravomartin.es\/index.php?rest_route=\/wp\/v2\/users\/4"}],"replies":[{"embeddable":true,"href":"https:\/\/www.ceipmaestrorafaelbravomartin.es\/index.php?rest_route=%2Fwp%2Fv2%2Fcomments&post=239"}],"version-history":[{"count":1,"href":"https:\/\/www.ceipmaestrorafaelbravomartin.es\/index.php?rest_route=\/wp\/v2\/posts\/239\/revisions"}],"predecessor-version":[{"id":877,"href":"https:\/\/www.ceipmaestrorafaelbravomartin.es\/index.php?rest_route=\/wp\/v2\/posts\/239\/revisions\/877"}],"wp:attachment":[{"href":"https:\/\/www.ceipmaestrorafaelbravomartin.es\/index.php?rest_route=%2Fwp%2Fv2%2Fmedia&parent=239"}],"wp:term":[{"taxonomy":"category","embeddable":true,"href":"https:\/\/www.ceipmaestrorafaelbravomartin.es\/index.php?rest_route=%2Fwp%2Fv2%2Fcategories&post=239"},{"taxonomy":"post_tag","embeddable":true,"href":"https:\/\/www.ceipmaestrorafaelbravomartin.es\/index.php?rest_route=%2Fwp%2Fv2%2Ftags&post=239"}],"curies":[{"name":"wp","href":"https:\/\/api.w.org\/{rel}","templated":true}]}}