{"id":24,"date":"2010-10-13T14:11:14","date_gmt":"2010-10-13T12:11:14","guid":{"rendered":"http:\/\/blogasuncion.es\/?p=24"},"modified":"2013-07-05T13:41:23","modified_gmt":"2013-07-05T11:41:23","slug":"calendario","status":"publish","type":"post","link":"https:\/\/www.ceipmaestrorafaelbravomartin.es\/?p=24","title":{"rendered":"Calendario Escolar curso 2010\/11"},"content":{"rendered":"<p><span style=\"font-size: 15.6px; border-collapse: collapse\" class=\"Apple-style-span\"><\/p>\n<p style=\"margin: 0.5em 0px; font-family: Arial,Helvetica,sans-serif; font-style: normal; font-weight: normal; font-size: 13px; text-align: justify\"><a href=\"http:\/\/www.ceipasuncion.es\/wp-content\/uploads\/calendario-2010_11.jpg\"><\/p>\n<div style=\"text-align: center\"><img loading=\"lazy\" decoding=\"async\" class=\"aligncenter size-medium wp-image-1594\" src=\"http:\/\/www.ceipasuncion.es\/wp-content\/uploads\/calendario-2010_11-284x300.jpg\" border=\"0\" title=\"calendario 2010_11\" width=\"454\" height=\"479\" \/><\/div>\n<p><\/a><\/p>\n<p style=\"margin: 0.5em 0px; font-family: Arial,Helvetica,sans-serif; font-style: normal; font-weight: normal; font-size: 13px; text-align: justify\">Resoluci\u00f3n de 27 de mayo de 2010 de la Delegaci\u00f3n Provincial de Educaci\u00f3n de Sevilla por la que se dictan las normas que han de regir el Calendario Escolar para el curso 2010\/2011 en todos los centros docentes, a excepci\u00f3n de los universitarios.<\/p>\n<p style=\"margin: 0.5em 0px; font-family: Arial,Helvetica,sans-serif; font-style: normal; font-weight: normal; font-size: 13px; text-align: center\"><a href=\"http:\/\/blogasuncion.es\/wp-content\/uploads\/2010\/10\/1275394311177_calendario1.pdf\">Descarga de normativa completa<\/a><\/p>\n<p style=\"margin: 0.5em 0px; font-family: Arial,Helvetica,sans-serif; font-style: normal; font-weight: normal; font-size: 13px; text-align: left\"><strong>NOTA ACLARATORIA.\u00a0<\/strong>Este calendario no incluye todav\u00eda los 3 d\u00edas festivos de libre disposici\u00f3n, los cuales ser\u00e1n incluidos una vez sean aprobados.<\/p>\n<p><\/span><\/p>\n","protected":false},"excerpt":{"rendered":"<p><span style=\"font-size: 15.6px; border-collapse: collapse\" class=\"Apple-style-span\"><\/p>\n<p style=\"margin: 0.5em 0px; font-family: Arial,Helvetica,sans-serif; font-style: normal; font-weight: normal; font-size: 13px; text-align: justify\">Calendario escolar aprobado para el curso escolara 2010\/11:<\/p>\n<p style=\"margin: 0.5em 0px; font-family: Arial,Helvetica,sans-serif; font-style: normal; font-weight: normal; font-size: 13px; text-align: justify\">&nbsp;<\/p>\n<p><\/span><\/p>\n","protected":false},"author":4,"featured_media":0,"comment_status":"closed","ping_status":"open","sticky":false,"template":"","format":"standard","meta":{"jetpack_post_was_ever_published":false,"_jetpack_newsletter_access":"","_jetpack_dont_email_post_to_subs":false,"_jetpack_newsletter_tier_id":0,"_jetpack_memberships_contains_paywalled_content":false,"_jetpack_memberships_contains_paid_content":false,"footnotes":""},"categories":[10],"tags":[],"class_list":["post-24","post","type-post","status-publish","format-standard","hentry","category-centro"],"jetpack_featured_media_url":"","jetpack_sharing_enabled":true,"jetpack_shortlink":"https:\/\/wp.me\/p9VlHp-o","jetpack-related-posts":[{"id":174,"url":"https:\/\/www.ceipmaestrorafaelbravomartin.es\/?p=174","url_meta":{"origin":24,"position":0},"title":"Calendario Curso Escolar 2011\/12","author":"CEIP Maestro Rafael Bravo Mart\u00edn","date":"5 septiembre, 2011","format":false,"excerpt":"Resoluci\u00f3n de 31 de mayo de 2011 de la Delegaci\u00f3n Provincial de Educaci\u00f3n en Sevilla por la que se dictan las normas que han de regir el calendario escolar para el curso 2011\/2012 en todos los centros docentes, a excepci\u00f3n de los universitarios.","rel":"","context":"En \u00abSecretar\u00eda\u00bb","block_context":{"text":"Secretar\u00eda","link":"https:\/\/www.ceipmaestrorafaelbravomartin.es\/?cat=16"},"img":{"alt_text":"","src":"","width":0,"height":0},"classes":[]},{"id":1176,"url":"https:\/\/www.ceipmaestrorafaelbravomartin.es\/?p=1176","url_meta":{"origin":24,"position":1},"title":"Calendario Escolar curso 2015\/2016","author":"CEIP Maestro Rafael Bravo Mart\u00edn","date":"26 junio, 2015","format":false,"excerpt":"Este es el calendario escolar vigente para el presente curso escolar en la provincia de Sevilla. En nuestra localidad tambi\u00e9n son festivos: viernes 18 de marzo, viernes 15 de abril y lunes 16 de mayo. Calendario escolar 2015\/2016","rel":"","context":"En \u00abEl centro\u00bb","block_context":{"text":"El centro","link":"https:\/\/www.ceipmaestrorafaelbravomartin.es\/?cat=10"},"img":{"alt_text":"","src":"","width":0,"height":0},"classes":[]},{"id":765,"url":"https:\/\/www.ceipmaestrorafaelbravomartin.es\/?p=765","url_meta":{"origin":24,"position":2},"title":"CALENDARIO CURSO 2014-2015","author":"CEIP Maestro Rafael Bravo Mart\u00edn","date":"30 junio, 2014","format":false,"excerpt":"Enlace al calendario escolar del curso 2014-2015 Faltan por determinar en Consejo Escolar Municipal los d\u00edas de libre disposici\u00f3n.","rel":"","context":"En \u00abEl centro\u00bb","block_context":{"text":"El centro","link":"https:\/\/www.ceipmaestrorafaelbravomartin.es\/?cat=10"},"img":{"alt_text":"Pantallazo","src":"https:\/\/i0.wp.com\/blogasuncion.es\/wp-content\/uploads\/2014\/06\/Pantallazo.jpg?resize=350%2C200","width":350,"height":200,"srcset":"https:\/\/i0.wp.com\/blogasuncion.es\/wp-content\/uploads\/2014\/06\/Pantallazo.jpg?resize=350%2C200 1x, https:\/\/i0.wp.com\/blogasuncion.es\/wp-content\/uploads\/2014\/06\/Pantallazo.jpg?resize=525%2C300 1.5x"},"classes":[]},{"id":20,"url":"https:\/\/www.ceipmaestrorafaelbravomartin.es\/?p=20","url_meta":{"origin":24,"position":3},"title":"Presentaci\u00f3n del curso 2010\/11","author":"CEIP Maestro Rafael Bravo Mart\u00edn","date":"13 septiembre, 2010","format":false,"excerpt":"En el d\u00eda de hoy, viernes 10 de septiembre de 2010, ha tenido lugar en nuestro Centro la \u00a0presentaci\u00f3n oficial de curso 2010\/11. El equipo directivo, encabezado por el Director del Centro D\u00ba. \u00a0Rafael Bravo Mart\u00edn, se dirigi\u00f3 a todos los asistentes al evento y explic\u00f3 algunas de las novedades\u2026","rel":"","context":"En \u00abPlanes y programas\u00bb","block_context":{"text":"Planes y programas","link":"https:\/\/www.ceipmaestrorafaelbravomartin.es\/?cat=9"},"img":{"alt_text":"","src":"","width":0,"height":0},"classes":[]},{"id":728,"url":"https:\/\/www.ceipmaestrorafaelbravomartin.es\/?p=728","url_meta":{"origin":24,"position":4},"title":"1 y 2 de MAYO","author":"CEIP Maestro Rafael Bravo Mart\u00edn","date":"29 abril, 2014","format":false,"excerpt":"Desde la direcci\u00f3n de nuestro Centro, os comunicamos que los pr\u00f3ximos d\u00edas 1 y 2 de mayo no habr\u00e1 clases, por ser puente oficial establecido desde la Delegaci\u00f3n de Educaci\u00f3n, como se ve reflejado en el calendario escolar curso 2013-2014.","rel":"","context":"En \u00abEl centro\u00bb","block_context":{"text":"El centro","link":"https:\/\/www.ceipmaestrorafaelbravomartin.es\/?cat=10"},"img":{"alt_text":"","src":"","width":0,"height":0},"classes":[]},{"id":31,"url":"https:\/\/www.ceipmaestrorafaelbravomartin.es\/?p=31","url_meta":{"origin":24,"position":5},"title":"Consejos Escolares 2010\/11","author":"CEIP Maestro Rafael Bravo Mart\u00edn","date":"18 octubre, 2010","format":false,"excerpt":"Las elecciones a Consejos Escolares se celebrar\u00e1n en Andaluc\u00eda los pr\u00f3ximos d\u00edas 16, 17 y 18 de noviembre para los distintos sectores de la Comunidad Educativa, en todos los centros docentes sostenidos con fondos p\u00fablicos de la comunidad aut\u00f3noma de Andaluc\u00eda, a excepci\u00f3n de los centros espec\u00edficos de educaci\u00f3n permanente\u2026","rel":"","context":"En \u00abConsejo escolar\u00bb","block_context":{"text":"Consejo escolar","link":"https:\/\/www.ceipmaestrorafaelbravomartin.es\/?cat=12"},"img":{"alt_text":"","src":"","width":0,"height":0},"classes":[]}],"_links":{"self":[{"href":"https:\/\/www.ceipmaestrorafaelbravomartin.es\/index.php?rest_route=\/wp\/v2\/posts\/24","targetHints":{"allow":["GET"]}}],"collection":[{"href":"https:\/\/www.ceipmaestrorafaelbravomartin.es\/index.php?rest_route=\/wp\/v2\/posts"}],"about":[{"href":"https:\/\/www.ceipmaestrorafaelbravomartin.es\/index.php?rest_route=\/wp\/v2\/types\/post"}],"author":[{"embeddable":true,"href":"https:\/\/www.ceipmaestrorafaelbravomartin.es\/index.php?rest_route=\/wp\/v2\/users\/4"}],"replies":[{"embeddable":true,"href":"https:\/\/www.ceipmaestrorafaelbravomartin.es\/index.php?rest_route=%2Fwp%2Fv2%2Fcomments&post=24"}],"version-history":[{"count":1,"href":"https:\/\/www.ceipmaestrorafaelbravomartin.es\/index.php?rest_route=\/wp\/v2\/posts\/24\/revisions"}],"predecessor-version":[{"id":469,"href":"https:\/\/www.ceipmaestrorafaelbravomartin.es\/index.php?rest_route=\/wp\/v2\/posts\/24\/revisions\/469"}],"wp:attachment":[{"href":"https:\/\/www.ceipmaestrorafaelbravomartin.es\/index.php?rest_route=%2Fwp%2Fv2%2Fmedia&parent=24"}],"wp:term":[{"taxonomy":"category","embeddable":true,"href":"https:\/\/www.ceipmaestrorafaelbravomartin.es\/index.php?rest_route=%2Fwp%2Fv2%2Fcategories&post=24"},{"taxonomy":"post_tag","embeddable":true,"href":"https:\/\/www.ceipmaestrorafaelbravomartin.es\/index.php?rest_route=%2Fwp%2Fv2%2Ftags&post=24"}],"curies":[{"name":"wp","href":"https:\/\/api.w.org\/{rel}","templated":true}]}}