{"id":240,"date":"2012-03-27T08:57:28","date_gmt":"2012-03-27T06:57:28","guid":{"rendered":"http:\/\/blogasuncion.es\/?p=240"},"modified":"2014-10-12T19:52:33","modified_gmt":"2014-10-12T17:52:33","slug":"tocando-la-flauta","status":"publish","type":"post","link":"https:\/\/www.ceipmaestrorafaelbravomartin.es\/?p=240","title":{"rendered":"Tocando la flauta"},"content":{"rendered":"<p style=\"text-align: center;\">Os dejamos un v\u00eddeo de los alumnos y alumnas de segundo y tercer ciclo, interpretando con la flauta algunas de las canciones que hemos aprendido este segundo trimestre.<\/p>\n<p style=\"text-align: center;\">\u00a0<\/p>\n<p style=\"text-align: right;\">\u00c1ngela Castillo (M\u00fasica)<\/p>\n<p style=\"text-align: center;\">\u00a0<\/p>\n<p style=\"text-align: center;\"><strong>\u00a1ESPERAMOS QUE OS GUSTE!<\/strong><\/p>\n<p style=\"text-align: center;\">\u00a0<\/p>\n<p><object codebase=\"http:\/\/download.macromedia.com\/pub\/shockwave\/cabs\/flash\/swflash.cab#version=10,0,32,18\" classid=\"clsid:d27cdb6e-ae6d-11cf-96b8-444553540000\" type=\"application\/x-shockwave-flash\" height=\"360\" width=\"480\" style=\"display: block; margin-left: auto; margin-right: auto;\"><param name=\"allowFullScreen\" value=\"true\" \/><param name=\"allowscriptaccess\" value=\"always\" \/><param name=\"src\" value=\"http:\/\/www.youtube.com\/v\/d12H_V9evV8?version=3&amp;hl=es_ES&amp;rel=0\" \/><\/object><br \/>\n{jcomments on}<\/p>\n","protected":false},"excerpt":{"rendered":"<p>Os dejamos un v\u00eddeo de los alumnos y alumnas de segundo y tercer ciclo, interpretando con la flauta algunas de las canciones que hemos aprendido este segundo trimestre. \u00a0 \u00c1ngela Castillo (M\u00fasica) \u00a0 \u00a1ESPERAMOS QUE OS GUSTE! \u00a0 {jcomments on}<\/p>\n","protected":false},"author":4,"featured_media":0,"comment_status":"closed","ping_status":"open","sticky":false,"template":"","format":"standard","meta":{"jetpack_post_was_ever_published":false,"_jetpack_newsletter_access":"","_jetpack_dont_email_post_to_subs":false,"_jetpack_newsletter_tier_id":0,"_jetpack_memberships_contains_paywalled_content":false,"_jetpack_memberships_contains_paid_content":false,"footnotes":""},"categories":[47],"tags":[],"class_list":["post-240","post","type-post","status-publish","format-standard","hentry","category-segundo-ciclo-de-primaria"],"jetpack_featured_media_url":"","jetpack_sharing_enabled":true,"jetpack_shortlink":"https:\/\/wp.me\/p9VlHp-3S","jetpack-related-posts":[{"id":1772,"url":"https:\/\/www.ceipmaestrorafaelbravomartin.es\/?p=1772","url_meta":{"origin":240,"position":0},"title":"31 de Octubre: HALLOWEEN","author":"CEIP Maestro Rafael Bravo Mart\u00edn","date":"31 octubre, 2017","format":false,"excerpt":"Durante estos d\u00edas se han preparado muchas actividades culturales alrededor de la festividad de Halloween, que ayer y hoy se han mostrado al resto de compa\u00f1eros y compa\u00f1eras en el SUM. Como muestra hemos grabado tres de ellas para que pod\u00e1is disfrutarlas. Se trata de: Winnie the Witch ( teatro\u2026","rel":"","context":"En \u00abEventos\u00bb","block_context":{"text":"Eventos","link":"https:\/\/www.ceipmaestrorafaelbravomartin.es\/?cat=103"},"img":{"alt_text":"","src":"","width":0,"height":0},"classes":[]},{"id":210,"url":"https:\/\/www.ceipmaestrorafaelbravomartin.es\/?p=210","url_meta":{"origin":240,"position":1},"title":"Taller del Hogar realizado por 4\u00ba de primaria","author":"CEIP Maestro Rafael Bravo Mart\u00edn","date":"5 diciembre, 2011","format":false,"excerpt":"Al tener como uno de nuestros Programas el de Coeducaci\u00f3n, los cursos de 4\u00ba realizamos un taller del hogar en el que ense\u00f1amos a nuestros\/as alumnos\/as como planchar, poner la mesa, barrer, fregar, limpiar ventanas, etc. Todo esto con la intenci\u00f3n de hacer constar que tanto ni\u00f1os como ni\u00f1as deben\u2026","rel":"","context":"En \u00abSegundo ciclo de Primaria\u00bb","block_context":{"text":"Segundo ciclo de Primaria","link":"https:\/\/www.ceipmaestrorafaelbravomartin.es\/?cat=47"},"img":{"alt_text":"","src":"","width":0,"height":0},"classes":[]},{"id":674,"url":"https:\/\/www.ceipmaestrorafaelbravomartin.es\/?p=674","url_meta":{"origin":240,"position":2},"title":"D\u00eda de Andaluc\u00eda 2014","author":"CEIP Maestro Rafael Bravo Mart\u00edn","date":"26 febrero, 2014","format":false,"excerpt":"Con motivo de la celebraci\u00f3n del D\u00eda de Andaluc\u00eda, se han realizado en nuestro Centro diversos trabajos y actividades. En el siguiente v\u00eddeo, dejamos una peque\u00f1a muestra de lo realizado en los niveles de 4\u00ba y 6\u00ba de Primaria. Los grupos de 4\u00ba han realizado trabajos de investigaci\u00f3n sobre el\u2026","rel":"","context":"En \u00abNoticiero\u00bb","block_context":{"text":"Noticiero","link":"https:\/\/www.ceipmaestrorafaelbravomartin.es\/?cat=3"},"img":{"alt_text":"","src":"","width":0,"height":0},"classes":[]},{"id":136,"url":"https:\/\/www.ceipmaestrorafaelbravomartin.es\/?p=136","url_meta":{"origin":240,"position":3},"title":"Convocator\u00eda de Reuni\u00f3n Informativa a las familias sobre PASEN","author":"CEIP Maestro Rafael Bravo Mart\u00edn","date":"24 enero, 2011","format":false,"excerpt":"Se convoca a los tutores legales del alumnado del Centro a la reuni\u00f3n informativa que tendr\u00e1 lugar el pr\u00f3ximo martes d\u00eda 1 de febrero en el Sal\u00f3n de Usos M\u00faltiples del Centro. El motivo es dar a conocer la plataforma educativa PASEN que durante el presente curso escolar vamos a\u2026","rel":"","context":"En \u00abNoticias TIC\u00bb","block_context":{"text":"Noticias TIC","link":"https:\/\/www.ceipmaestrorafaelbravomartin.es\/?cat=19"},"img":{"alt_text":"","src":"","width":0,"height":0},"classes":[]},{"id":662,"url":"https:\/\/www.ceipmaestrorafaelbravomartin.es\/?p=662","url_meta":{"origin":240,"position":4},"title":"Valentine&#8217;s Day!","author":"CEIP Maestro Rafael Bravo Mart\u00edn","date":"13 febrero, 2014","format":false,"excerpt":"Con motivo del d\u00eda de San Valent\u00edn, el alumnado de 4\u00ba A y 4\u00baB han le\u00eddo poemas relacionados con la amistad y el amor en la clase de Ingl\u00e9s. Han querido compartirlos con todos y todas realizando el v\u00eddeo que a continuaci\u00f3n se expone. \u00a0 Todos\/as los ni\u00f1os y ni\u00f1as\u2026","rel":"","context":"En \u00abPlanes y programas\u00bb","block_context":{"text":"Planes y programas","link":"https:\/\/www.ceipmaestrorafaelbravomartin.es\/?cat=23"},"img":{"alt_text":"","src":"","width":0,"height":0},"classes":[]},{"id":694,"url":"https:\/\/www.ceipmaestrorafaelbravomartin.es\/?p=694","url_meta":{"origin":240,"position":5},"title":"8 de marzo de 2014","author":"CEIP Maestro Rafael Bravo Mart\u00edn","date":"8 marzo, 2014","format":false,"excerpt":"Para tomar conciencia de este d\u00eda, adem\u00e1s de la entrada publicada en el blog \"Maestro Rafael Bravo y Guadalquivir 13\/14\", en el tercer ciclo y parte del segundo, se propuso trabajar el siguiente t\u00edtulo: \"LA MUJER M\u00c1S IMPORTANTE DE MI VIDA\". La mayor parte del alumnado de los cursos 4\u00baB,\u2026","rel":"","context":"En \u00abNoticiero\u00bb","block_context":{"text":"Noticiero","link":"https:\/\/www.ceipmaestrorafaelbravomartin.es\/?cat=3"},"img":{"alt_text":"","src":"","width":0,"height":0},"classes":[]}],"_links":{"self":[{"href":"https:\/\/www.ceipmaestrorafaelbravomartin.es\/index.php?rest_route=\/wp\/v2\/posts\/240","targetHints":{"allow":["GET"]}}],"collection":[{"href":"https:\/\/www.ceipmaestrorafaelbravomartin.es\/index.php?rest_route=\/wp\/v2\/posts"}],"about":[{"href":"https:\/\/www.ceipmaestrorafaelbravomartin.es\/index.php?rest_route=\/wp\/v2\/types\/post"}],"author":[{"embeddable":true,"href":"https:\/\/www.ceipmaestrorafaelbravomartin.es\/index.php?rest_route=\/wp\/v2\/users\/4"}],"replies":[{"embeddable":true,"href":"https:\/\/www.ceipmaestrorafaelbravomartin.es\/index.php?rest_route=%2Fwp%2Fv2%2Fcomments&post=240"}],"version-history":[{"count":1,"href":"https:\/\/www.ceipmaestrorafaelbravomartin.es\/index.php?rest_route=\/wp\/v2\/posts\/240\/revisions"}],"predecessor-version":[{"id":876,"href":"https:\/\/www.ceipmaestrorafaelbravomartin.es\/index.php?rest_route=\/wp\/v2\/posts\/240\/revisions\/876"}],"wp:attachment":[{"href":"https:\/\/www.ceipmaestrorafaelbravomartin.es\/index.php?rest_route=%2Fwp%2Fv2%2Fmedia&parent=240"}],"wp:term":[{"taxonomy":"category","embeddable":true,"href":"https:\/\/www.ceipmaestrorafaelbravomartin.es\/index.php?rest_route=%2Fwp%2Fv2%2Fcategories&post=240"},{"taxonomy":"post_tag","embeddable":true,"href":"https:\/\/www.ceipmaestrorafaelbravomartin.es\/index.php?rest_route=%2Fwp%2Fv2%2Ftags&post=240"}],"curies":[{"name":"wp","href":"https:\/\/api.w.org\/{rel}","templated":true}]}}