{"id":241,"date":"2012-04-04T15:22:59","date_gmt":"2012-04-04T13:22:59","guid":{"rendered":"http:\/\/blogasuncion.es\/?p=241"},"modified":"2014-10-12T19:52:17","modified_gmt":"2014-10-12T17:52:17","slug":"semana-cultural-2012","status":"publish","type":"post","link":"https:\/\/www.ceipmaestrorafaelbravomartin.es\/?p=241","title":{"rendered":"Semana Cultural 2012"},"content":{"rendered":"<p>Este a\u00f1o la Semana Cultural de nuestro Centro se ha desarrollado en torno al Bicentenario de La Constituci\u00f3n de 1812 y el vig\u00e9simo aniversario de la Exposici\u00f3n Universal de Sevilla 1992.<\/p>\n<p>\u00a0<\/p>\n<p>La Semana Cultural comenz\u00f3 el 16 de marzo con el D\u00eda de Puertas Abiertas y continu\u00f3 del 19 al 22 del mismo con diversas actividades, entre las que cabe destacar:<\/p>\n<p>\u00a0<\/p>\n<ol>\n<li>&#8211; La conferencia que, sobre la Constituci\u00f3n de 1812, ofreci\u00f3 al tercer Ciclo de Primaria, D. Gregorio Garc\u00eda-Baquero, catedr\u00e1tico de Historia.<\/li>\n<li>&#8211; La elaboraci\u00f3n y decoraci\u00f3n de un cartel tem\u00e1tico dise\u00f1ado espec\u00edficamente para esta ocasi\u00f3n por Juan Delgado,&nbsp;&nbsp; estudiante de Bellas Artes.<\/li>\n<li>&#8211; La recopilaci\u00f3n y exposici\u00f3n de numerosos objetos originales de la Expo&#8217;92 de Sevilla, aportados por multitud de miembros de la Comunidad Escolar.<\/li>\n<li>&#8211; Realizaci\u00f3n de Unidad Did\u00e1ctica Interactiva ofrecida por el Consorcio para la Conmemoraci\u00f3n del II Centenario de la Consituci\u00f3n de 1812.<\/li>\n<li>&nbsp;&#8211; La decoraci\u00f3n de nuestro Centro con motivos relacionados con ambas tem\u00e1ticas.<\/li>\n<\/ol>\n<p>\u00a0<\/p>\n<p>En el siguiente v\u00eddeo se recoge una peque\u00f1a muestra de algunas actividades realizadas durante estos d\u00edas.<\/p>\n<p>\u00a0<\/p>\n<p>\u00a0<\/p>\n<p style=\"text-align: center;\">\u00a0<\/p>\n<p><object codebase=\"http:\/\/download.macromedia.com\/pub\/shockwave\/cabs\/flash\/swflash.cab#version=10,0,32,18\" classid=\"clsid:d27cdb6e-ae6d-11cf-96b8-444553540000\" type=\"application\/x-shockwave-flash\" height=\"315\" width=\"560\" style=\"display: block; margin-left: auto; margin-right: auto;\"><param name=\"allowFullScreen\" value=\"true\" \/><param name=\"allowscriptaccess\" value=\"always\" \/><param name=\"src\" value=\"http:\/\/www.youtube.com\/v\/jwszfa1uRHM?version=3&amp;hl=es_ES&amp;rel=0\" \/>&nbsp;<\/embed>&nbsp;<\/object><br \/>\n&nbsp;  {jcomments on}<\/p>\n","protected":false},"excerpt":{"rendered":"<p>Este a\u00f1o la Semana Cultural de nuestro Centro se ha desarrollado en torno al Bicentenario de La Constituci\u00f3n de 1812 y el vig\u00e9simo aniversario de la Exposici\u00f3n Universal de Sevilla 1992. \u00a0 La Semana Cultural comenz\u00f3 el 16 de marzo con el D\u00eda de Puertas Abiertas y continu\u00f3 del 19 [&hellip;]<\/p>\n","protected":false},"author":4,"featured_media":0,"comment_status":"closed","ping_status":"open","sticky":false,"template":"","format":"standard","meta":{"jetpack_post_was_ever_published":false,"_jetpack_newsletter_access":"","_jetpack_dont_email_post_to_subs":false,"_jetpack_newsletter_tier_id":0,"_jetpack_memberships_contains_paywalled_content":false,"_jetpack_memberships_contains_paid_content":false,"footnotes":""},"categories":[45],"tags":[],"class_list":["post-241","post","type-post","status-publish","format-standard","hentry","category-curso-201112"],"jetpack_featured_media_url":"","jetpack_sharing_enabled":true,"jetpack_shortlink":"https:\/\/wp.me\/p9VlHp-3T","jetpack-related-posts":[{"id":235,"url":"https:\/\/www.ceipmaestrorafaelbravomartin.es\/?p=235","url_meta":{"origin":241,"position":0},"title":"200 de La Pepa y 20 de la Expo&#8217;92","author":"CEIP Maestro Rafael Bravo Mart\u00edn","date":"19 marzo, 2012","format":false,"excerpt":"\u00a0 Este a\u00f1o Ntra. Sra. de La Asunci\u00f3n dedica su Semana Cultural a dos acontecimientos trascendentes en nuestra historia: -Hace hoy 200 a\u00f1os que se aprob\u00f3 en C\u00e1diz, \u00fanica ciudad espa\u00f1ola que nunca lleg\u00f3 a ser invadida por los franceses, la 1\u00aa Constituci\u00f3n Espa\u00f1ola: La Pepa. -Este a\u00f1o se cumplen\u2026","rel":"","context":"En \u00abTercer ciclo de Primaria\u00bb","block_context":{"text":"Tercer ciclo de Primaria","link":"https:\/\/www.ceipmaestrorafaelbravomartin.es\/?cat=25"},"img":{"alt_text":"","src":"https:\/\/i0.wp.com\/www.ceipmaestrorafaelbravomartin.es\/wp-content\/uploads\/2012\/03\/Captura%2Bde%2Bpantalla%2B2012-03-19%2Ba%2Blas%2B16.50.44.png?resize=350%2C200&ssl=1","width":350,"height":200},"classes":[]},{"id":214,"url":"https:\/\/www.ceipmaestrorafaelbravomartin.es\/?p=214","url_meta":{"origin":241,"position":1},"title":"Celebraci\u00f3n del D\u00eda de la Constituci\u00f3n","author":"CEIP Maestro Rafael Bravo Mart\u00edn","date":"12 diciembre, 2011","format":false,"excerpt":"Este a\u00f1o, en nuestro Centro se han realizado diversas actividades para celebrar el XXXIII Aniversario de la Constituci\u00f3n Espa\u00f1ola. El d\u00eda de la Constituci\u00f3n es festivo (6 de Diciembre), y se conmemora la celebraci\u00f3n del Refer\u00e9ndum Constitucional de 1978, en el que el pueblo espa\u00f1ol la aprob\u00f3 por amplia mayor\u00eda.\u2026","rel":"","context":"En \u00abCurso 2011\/12\u00bb","block_context":{"text":"Curso 2011\/12","link":"https:\/\/www.ceipmaestrorafaelbravomartin.es\/?cat=45"},"img":{"alt_text":"","src":"https:\/\/i0.wp.com\/www.ceipmaestrorafaelbravomartin.es\/wp-content\/uploads\/2011\/12\/Captura%2Bde%2Bpantalla%2B2011-12-04%2Ba%2Blas%2B19.31.33.png?resize=350%2C200&ssl=1","width":350,"height":200},"classes":[]},{"id":148,"url":"https:\/\/www.ceipmaestrorafaelbravomartin.es\/?p=148","url_meta":{"origin":241,"position":2},"title":"Semana Cultural: Nuestro Centro. Ayer y Hoy","author":"CEIP Maestro Rafael Bravo Mart\u00edn","date":"10 marzo, 2011","format":false,"excerpt":"Lema: Nuestro Centro. Ayer y Hoy. \u00a0 Durante la semana del 21 al 25 de marzo y durante un tiempo, cada curso con su tutor-a realizar\u00e1 una actividad relacionada con le lema de nuestra semana cultural.\u00a0 \u00a0 Actividades: - Limpieza del centro. - Decoraci\u00f3n del centro. - Conocimiento del centro.\u2026","rel":"","context":"En \u00abActividades extraescolares\u00bb","block_context":{"text":"Actividades extraescolares","link":"https:\/\/www.ceipmaestrorafaelbravomartin.es\/?cat=14"},"img":{"alt_text":"","src":"","width":0,"height":0},"classes":[]},{"id":95,"url":"https:\/\/www.ceipmaestrorafaelbravomartin.es\/?p=95","url_meta":{"origin":241,"position":3},"title":"Recursos TIC para el D\u00eda de la Constituci\u00f3n.","author":"CEIP Maestro Rafael Bravo Mart\u00edn","date":"1 diciembre, 2010","format":false,"excerpt":"Con motivo del D\u00eda de la Constituci\u00f3n que durante esta semana se celebrar\u00e1 en nuestro Centro he realizado una selecci\u00f3n de recursos para que puedan ser utilizados por los\/las maestros\/as en clase o por el alumnado en sus casas. Espero sean de utilidad. Haz clic en la imagen para acceder\u2026","rel":"","context":"En \u00abNoticias TIC\u00bb","block_context":{"text":"Noticias TIC","link":"https:\/\/www.ceipmaestrorafaelbravomartin.es\/?cat=19"},"img":{"alt_text":"","src":"","width":0,"height":0},"classes":[]},{"id":244,"url":"https:\/\/www.ceipmaestrorafaelbravomartin.es\/?p=244","url_meta":{"origin":241,"position":4},"title":"\u00c1lvarez de la Chica entrega los Premios al Reconocimiento del M\u00e9rito en el \u00c1mbito Educ. de Sevilla","author":"CEIP Maestro Rafael Bravo Mart\u00edn","date":"13 abril, 2012","format":false,"excerpt":"Los galardones distinguen a personas y entidades que destacan por su contribuci\u00f3n a la mejora de la calidad de la ense\u00f1anza en la provincia Jueves, 12 de abril de 2012 El consejero de Educaci\u00f3n en funciones, Francisco \u00c1lvarez de la Chica, ha presidido el acto de entrega de los Premios\u2026","rel":"","context":"En \u00abEl centro\u00bb","block_context":{"text":"El centro","link":"https:\/\/www.ceipmaestrorafaelbravomartin.es\/?cat=10"},"img":{"alt_text":"","src":"","width":0,"height":0},"classes":[]},{"id":230,"url":"https:\/\/www.ceipmaestrorafaelbravomartin.es\/?p=230","url_meta":{"origin":241,"position":5},"title":"D\u00eda de Andaluc\u00eda","author":"CEIP Maestro Rafael Bravo Mart\u00edn","date":"2 marzo, 2012","format":false,"excerpt":"Con motivo de la celebraci\u00f3n de Di\u00e1 de Andaluc\u00eda, en nuestro Centro se llevaron a cabo diversas actividades durante la semana previa al mismo. \u00a0 En Infantil se trabaj\u00f3 en clase con la ralizaci\u00f3n de diversas fichas. \u00a0 Primer Ciclo de Primaria particip\u00f3 en una Gymkana que organizamos desde el\u2026","rel":"","context":"En \u00abSin categor\u00eda\u00bb","block_context":{"text":"Sin categor\u00eda","link":"https:\/\/www.ceipmaestrorafaelbravomartin.es\/?cat=1"},"img":{"alt_text":"","src":"","width":0,"height":0},"classes":[]}],"_links":{"self":[{"href":"https:\/\/www.ceipmaestrorafaelbravomartin.es\/index.php?rest_route=\/wp\/v2\/posts\/241","targetHints":{"allow":["GET"]}}],"collection":[{"href":"https:\/\/www.ceipmaestrorafaelbravomartin.es\/index.php?rest_route=\/wp\/v2\/posts"}],"about":[{"href":"https:\/\/www.ceipmaestrorafaelbravomartin.es\/index.php?rest_route=\/wp\/v2\/types\/post"}],"author":[{"embeddable":true,"href":"https:\/\/www.ceipmaestrorafaelbravomartin.es\/index.php?rest_route=\/wp\/v2\/users\/4"}],"replies":[{"embeddable":true,"href":"https:\/\/www.ceipmaestrorafaelbravomartin.es\/index.php?rest_route=%2Fwp%2Fv2%2Fcomments&post=241"}],"version-history":[{"count":1,"href":"https:\/\/www.ceipmaestrorafaelbravomartin.es\/index.php?rest_route=\/wp\/v2\/posts\/241\/revisions"}],"predecessor-version":[{"id":875,"href":"https:\/\/www.ceipmaestrorafaelbravomartin.es\/index.php?rest_route=\/wp\/v2\/posts\/241\/revisions\/875"}],"wp:attachment":[{"href":"https:\/\/www.ceipmaestrorafaelbravomartin.es\/index.php?rest_route=%2Fwp%2Fv2%2Fmedia&parent=241"}],"wp:term":[{"taxonomy":"category","embeddable":true,"href":"https:\/\/www.ceipmaestrorafaelbravomartin.es\/index.php?rest_route=%2Fwp%2Fv2%2Fcategories&post=241"},{"taxonomy":"post_tag","embeddable":true,"href":"https:\/\/www.ceipmaestrorafaelbravomartin.es\/index.php?rest_route=%2Fwp%2Fv2%2Ftags&post=241"}],"curies":[{"name":"wp","href":"https:\/\/api.w.org\/{rel}","templated":true}]}}