{"id":2439,"date":"2020-04-12T15:44:30","date_gmt":"2020-04-12T13:44:30","guid":{"rendered":"http:\/\/www.ceipmaestrorafaelbravomartin.es\/?p=2439"},"modified":"2020-04-12T15:44:31","modified_gmt":"2020-04-12T13:44:31","slug":"todo-ira-bien","status":"publish","type":"post","link":"https:\/\/www.ceipmaestrorafaelbravomartin.es\/?p=2439","title":{"rendered":"Todo ir\u00e1 bien"},"content":{"rendered":"\n<p> En estos momentos dif\u00edciles queremos mandarle un mensaje de \u00e1nimo a  TODOS nuestros alumnos\/as, para que sigan siendo tan fuertes como hasta  ahora y nos volvamos a juntar muy pronto. <\/p>\n\n\n\n<figure class=\"wp-block-embed-youtube wp-block-embed is-type-video is-provider-youtube wp-embed-aspect-16-9 wp-has-aspect-ratio\"><div class=\"wp-block-embed__wrapper\">\n<span class=\"embed-youtube\" style=\"text-align:center; display: block;\"><iframe loading=\"lazy\" class=\"youtube-player\" width=\"750\" height=\"422\" src=\"https:\/\/www.youtube.com\/embed\/nv_86qu5sG4?version=3&#038;rel=1&#038;showsearch=0&#038;showinfo=1&#038;iv_load_policy=1&#038;fs=1&#038;hl=es-ES&#038;autohide=2&#038;wmode=transparent\" allowfullscreen=\"true\" style=\"border:0;\" sandbox=\"allow-scripts allow-same-origin allow-popups allow-presentation allow-popups-to-escape-sandbox\"><\/iframe><\/span>\n<\/div><\/figure>\n","protected":false},"excerpt":{"rendered":"<p>En estos momentos dif\u00edciles queremos mandarle un mensaje de \u00e1nimo a TODOS nuestros alumnos\/as, para que sigan siendo tan fuertes como hasta ahora y nos volvamos a juntar muy pronto.<\/p>\n","protected":false},"author":6,"featured_media":0,"comment_status":"closed","ping_status":"closed","sticky":false,"template":"","format":"standard","meta":{"jetpack_post_was_ever_published":false,"_jetpack_newsletter_access":"","_jetpack_dont_email_post_to_subs":false,"_jetpack_newsletter_tier_id":0,"_jetpack_memberships_contains_paywalled_content":false,"_jetpack_memberships_contains_paid_content":false,"footnotes":""},"categories":[122],"tags":[],"class_list":["post-2439","post","type-post","status-publish","format-standard","hentry","category-estado-de-alarma"],"jetpack_featured_media_url":"","jetpack_sharing_enabled":true,"jetpack_shortlink":"https:\/\/wp.me\/p9VlHp-Dl","jetpack-related-posts":[{"id":31,"url":"https:\/\/www.ceipmaestrorafaelbravomartin.es\/?p=31","url_meta":{"origin":2439,"position":0},"title":"Consejos Escolares 2010\/11","author":"CEIP Maestro Rafael Bravo Mart\u00edn","date":"18 octubre, 2010","format":false,"excerpt":"Las elecciones a Consejos Escolares se celebrar\u00e1n en Andaluc\u00eda los pr\u00f3ximos d\u00edas 16, 17 y 18 de noviembre para los distintos sectores de la Comunidad Educativa, en todos los centros docentes sostenidos con fondos p\u00fablicos de la comunidad aut\u00f3noma de Andaluc\u00eda, a excepci\u00f3n de los centros espec\u00edficos de educaci\u00f3n permanente\u2026","rel":"","context":"En \u00abConsejo escolar\u00bb","block_context":{"text":"Consejo escolar","link":"https:\/\/www.ceipmaestrorafaelbravomartin.es\/?cat=12"},"img":{"alt_text":"","src":"","width":0,"height":0},"classes":[]},{"id":3181,"url":"https:\/\/www.ceipmaestrorafaelbravomartin.es\/?p=3181","url_meta":{"origin":2439,"position":1},"title":"Elecciones al Consejo Escolar","author":"CEIP Maestro Rafael Bravo Mart\u00edn","date":"1 octubre, 2021","format":false,"excerpt":"En el mes de Octubre de 2021 se inicia el proceso electoral para la renovaci\u00f3n y constituci\u00f3n de los Consejos Escolares de los centros docentes sostenidos con fondos p\u00fablicos El calendario de celebraci\u00f3n es el siguiente: La Junta Electoral se constituir\u00e1 entre los d\u00edas 4 y 8 de octubre de\u2026","rel":"","context":"En \u00abSin categor\u00eda\u00bb","block_context":{"text":"Sin categor\u00eda","link":"https:\/\/www.ceipmaestrorafaelbravomartin.es\/?cat=1"},"img":{"alt_text":"","src":"","width":0,"height":0},"classes":[]},{"id":303,"url":"https:\/\/www.ceipmaestrorafaelbravomartin.es\/?p=303","url_meta":{"origin":2439,"position":2},"title":"Proceso de escolarizaci\u00f3n 2013\/2014","author":"CEIP Maestro Rafael Bravo Mart\u00edn","date":"21 febrero, 2013","format":false,"excerpt":"Normativa que regula los criterios y el procedimiento de admisi\u00f3n del alumnado en los centros docentes p\u00fablicos y privados concertados.\u00a0 DECRETO 40\/2011, de 22 de febrero, por el que se regulan los criterios y el procedimiento de admisi\u00f3n del alumnado en los centros docentes p\u00fablicos y privados concertados para cursar\u2026","rel":"","context":"En \u00abEl centro\u00bb","block_context":{"text":"El centro","link":"https:\/\/www.ceipmaestrorafaelbravomartin.es\/?cat=10"},"img":{"alt_text":"","src":"","width":0,"height":0},"classes":[]},{"id":244,"url":"https:\/\/www.ceipmaestrorafaelbravomartin.es\/?p=244","url_meta":{"origin":2439,"position":3},"title":"\u00c1lvarez de la Chica entrega los Premios al Reconocimiento del M\u00e9rito en el \u00c1mbito Educ. de Sevilla","author":"CEIP Maestro Rafael Bravo Mart\u00edn","date":"13 abril, 2012","format":false,"excerpt":"Los galardones distinguen a personas y entidades que destacan por su contribuci\u00f3n a la mejora de la calidad de la ense\u00f1anza en la provincia Jueves, 12 de abril de 2012 El consejero de Educaci\u00f3n en funciones, Francisco \u00c1lvarez de la Chica, ha presidido el acto de entrega de los Premios\u2026","rel":"","context":"En \u00abEl centro\u00bb","block_context":{"text":"El centro","link":"https:\/\/www.ceipmaestrorafaelbravomartin.es\/?cat=10"},"img":{"alt_text":"","src":"","width":0,"height":0},"classes":[]},{"id":687,"url":"https:\/\/www.ceipmaestrorafaelbravomartin.es\/?p=687","url_meta":{"origin":2439,"position":4},"title":"Proceso de escolarizaci\u00f3n 2014\/2015","author":"CEIP Maestro Rafael Bravo Mart\u00edn","date":"4 marzo, 2014","format":false,"excerpt":"Normativa que regula los criterios y el procedimiento de admisi\u00f3n del alumnado en los centros docentes p\u00fablicos y privados concertados.\u00a0 DECRETO 40\/2011, de 22 de febrero, por el que se regulan los criterios y el procedimiento de admisi\u00f3n del alumnado en los centros docentes p\u00fablicos y privados concertados para cursar\u2026","rel":"","context":"En \u00abEl centro\u00bb","block_context":{"text":"El centro","link":"https:\/\/www.ceipmaestrorafaelbravomartin.es\/?cat=10"},"img":{"alt_text":"","src":"","width":0,"height":0},"classes":[]},{"id":1363,"url":"https:\/\/www.ceipmaestrorafaelbravomartin.es\/?p=1363","url_meta":{"origin":2439,"position":5},"title":"Proceso de escolarizaci\u00f3n curso 2016\/2017","author":"CEIP Maestro Rafael Bravo Mart\u00edn","date":"19 febrero, 2016","format":false,"excerpt":"Del 1 al 31 de marzo, ambos inclusive, se abre plazo para la presentaci\u00f3n de solicitud de matriculaci\u00f3n para el pr\u00f3ximo curso tanto del alumnado de nuevo ingreso como del que cambie de centro. En el tabl\u00f3n de anuncios, se publicar\u00e1 toda la informaci\u00f3n al respecto: normativa, zona de influencia,\u2026","rel":"","context":"En \u00abDirecci\u00f3n\u00bb","block_context":{"text":"Direcci\u00f3n","link":"https:\/\/www.ceipmaestrorafaelbravomartin.es\/?cat=46"},"img":{"alt_text":"","src":"","width":0,"height":0},"classes":[]}],"_links":{"self":[{"href":"https:\/\/www.ceipmaestrorafaelbravomartin.es\/index.php?rest_route=\/wp\/v2\/posts\/2439","targetHints":{"allow":["GET"]}}],"collection":[{"href":"https:\/\/www.ceipmaestrorafaelbravomartin.es\/index.php?rest_route=\/wp\/v2\/posts"}],"about":[{"href":"https:\/\/www.ceipmaestrorafaelbravomartin.es\/index.php?rest_route=\/wp\/v2\/types\/post"}],"author":[{"embeddable":true,"href":"https:\/\/www.ceipmaestrorafaelbravomartin.es\/index.php?rest_route=\/wp\/v2\/users\/6"}],"replies":[{"embeddable":true,"href":"https:\/\/www.ceipmaestrorafaelbravomartin.es\/index.php?rest_route=%2Fwp%2Fv2%2Fcomments&post=2439"}],"version-history":[{"count":1,"href":"https:\/\/www.ceipmaestrorafaelbravomartin.es\/index.php?rest_route=\/wp\/v2\/posts\/2439\/revisions"}],"predecessor-version":[{"id":2440,"href":"https:\/\/www.ceipmaestrorafaelbravomartin.es\/index.php?rest_route=\/wp\/v2\/posts\/2439\/revisions\/2440"}],"wp:attachment":[{"href":"https:\/\/www.ceipmaestrorafaelbravomartin.es\/index.php?rest_route=%2Fwp%2Fv2%2Fmedia&parent=2439"}],"wp:term":[{"taxonomy":"category","embeddable":true,"href":"https:\/\/www.ceipmaestrorafaelbravomartin.es\/index.php?rest_route=%2Fwp%2Fv2%2Fcategories&post=2439"},{"taxonomy":"post_tag","embeddable":true,"href":"https:\/\/www.ceipmaestrorafaelbravomartin.es\/index.php?rest_route=%2Fwp%2Fv2%2Ftags&post=2439"}],"curies":[{"name":"wp","href":"https:\/\/api.w.org\/{rel}","templated":true}]}}