{"id":244,"date":"2012-04-13T15:09:03","date_gmt":"2012-04-13T13:09:03","guid":{"rendered":"http:\/\/blogasuncion.es\/?p=244"},"modified":"2014-10-12T19:52:06","modified_gmt":"2014-10-12T17:52:06","slug":"alvarez-de-la-chica-entrega-los-premios-al-reconocimiento-del-merito-en-el-ambito-educativo-de-sevil","status":"publish","type":"post","link":"https:\/\/www.ceipmaestrorafaelbravomartin.es\/?p=244","title":{"rendered":"\u00c1lvarez de la Chica entrega los Premios al Reconocimiento del M\u00e9rito en el \u00c1mbito Educ. de Sevilla"},"content":{"rendered":"<div class=\"subtitulo_texto_educacion\">Los galardones  distinguen a personas y entidades que destacan por su contribuci\u00f3n a la  mejora de la calidad de la ense\u00f1anza en la provincia<\/div>\n<p><\/p>\n<div class=\"fecha_texto_educacion\">Jueves, 12 de abril de 2012<\/div>\n<p><\/p>\n<div class=\"caja_imagen_centro_texto_educacion\"><center><\/p>\n<div style=\"width: 400px;\" class=\"borde_imagen_suelta_texto_educacion\" id=\"imagen_1334312076568_arr_3693web.jpg\"><img decoding=\"async\" src=\"http:\/\/blogasuncion.es\/wp-content\/uploads\/2012\/04\/1334312076568_arr_3693web.jpg\" alt=\"Imagen\" title=\"Imagen\" \/><\/div>\n<div style=\"width: 400px;\" class=\"borde_imagen_suelta_texto_educacion\"><\/div>\n<p><center> <\/center><\/center><\/div>\n<div class=\"texto_parrafo_texto_educacion\">El consejero de Educaci\u00f3n en  funciones, Francisco \u00c1lvarez de la Chica, ha presidido el acto de  entrega de los Premios al Reconocimiento del M\u00e9rito en el \u00c1mbito  Educativo de Sevilla con los que la Delegaci\u00f3n Provincial de Educaci\u00f3n  distingue a personas y entidades que destacan por su contribuci\u00f3n a la  mejora de la calidad de la ense\u00f1anza en la provincia.<\/p>\n<p>El objetivo de estos galardones es reconocer el esfuerzo,  la dedicaci\u00f3n y el entusiasmo del profesorado y de las entidades que  hacen posible la formaci\u00f3n de una ciudadan\u00eda responsable, cr\u00edtica, culta  y comprometida con los valores que sustentan la convivencia en  democracia.<\/p>\n<p>En esta sexta edici\u00f3n, los galardones han premiado a 10  personas y colectivos. Adem\u00e1s, se han entregado medallas de  reconocimiento a cuatro directores y directoras de centros docentes con  m\u00e1s de 20 a\u00f1os de ejercicio en el cargo. As\u00ed, se ha reconocido al  claustro del CEIP Al-Andalus de Sevilla, al equipo directivo del IES  Virgen de la Soledad de Pilas, a la comunidad educativa del CEIP San  Diego de San Nicol\u00e1s del Puerto, a directores de diversos centros  educativos de la provincia de Sevilla, al programa de intercambios  ling\u00fc\u00edsticos del IES Murillo, a los Ciclos de FP del IES Polit\u00e9cnico, a  la Escuela Infantil Gabriela Mistral de Osuna y a la Big Band del  Conservatorio Profesional de M\u00fasica Francisco Guerrero de Sevilla.<\/p><\/div>\n<div class=\"texto_parrafo_texto_educacion\"><\/div>\n<div class=\"texto_parrafo_texto_educacion\">\n<p>&#8211; <a class=\"enlace_documento_texto_educacion\" href=\"http:\/\/blogasuncion.es\/wp-content\/uploads\/2012\/04\/1334303792306_mxrito_sevilla_premiados_web.pdf\" target=\"_blank\">Relaci\u00f3n de premiados<\/a><\/p>\n<p>\u00a0<\/p>\n<p>{jcomments on}<\/p>\n<\/div>\n","protected":false},"excerpt":{"rendered":"<p>Los galardones distinguen a personas y entidades que destacan por su contribuci\u00f3n a la mejora de la calidad de la ense\u00f1anza en la provincia Jueves, 12 de abril de 2012 El consejero de Educaci\u00f3n en funciones, Francisco \u00c1lvarez de la Chica, ha presidido el acto de entrega de los Premios [&hellip;]<\/p>\n","protected":false},"author":4,"featured_media":242,"comment_status":"closed","ping_status":"open","sticky":false,"template":"","format":"standard","meta":{"jetpack_post_was_ever_published":false,"_jetpack_newsletter_access":"","_jetpack_dont_email_post_to_subs":false,"_jetpack_newsletter_tier_id":0,"_jetpack_memberships_contains_paywalled_content":false,"_jetpack_memberships_contains_paid_content":false,"footnotes":""},"categories":[10],"tags":[],"class_list":["post-244","post","type-post","status-publish","format-standard","has-post-thumbnail","hentry","category-centro"],"jetpack_featured_media_url":"https:\/\/www.ceipmaestrorafaelbravomartin.es\/wp-content\/uploads\/2012\/04\/1334312076568_arr_3693web.jpg","jetpack_sharing_enabled":true,"jetpack_shortlink":"https:\/\/wp.me\/p9VlHp-3W","jetpack-related-posts":[{"id":678,"url":"https:\/\/www.ceipmaestrorafaelbravomartin.es\/?p=678","url_meta":{"origin":244,"position":0},"title":"Premios VIVE ALCAL\u00c1 DEL R\u00cdO","author":"CEIP Maestro Rafael Bravo Mart\u00edn","date":"1 marzo, 2014","format":false,"excerpt":"Se ha celebrado la tercera edici\u00f3n de la Gala de los Premios Vive. Una iniciativa que persigue reconocer el trabajo, labor y dedicaci\u00f3n de vecinos del municipio en diferentes \u00e1reas, como la cultura, la educaci\u00f3n, el deporte, bienestar social, etc . \"Un evento que nos re\u00fane cada 28 de Febrero\u2026","rel":"","context":"En \u00abDedicatorias\u00bb","block_context":{"text":"Dedicatorias","link":"https:\/\/www.ceipmaestrorafaelbravomartin.es\/?cat=24"},"img":{"alt_text":"028_CARTEL_PREMIOS_VIVE_2014.jpg_824362120","src":"https:\/\/i0.wp.com\/blogasuncion.es\/wp-content\/uploads\/2014\/03\/028_CARTEL_PREMIOS_VIVE_2014.jpg_824362120-211x300.jpg?resize=350%2C200","width":350,"height":200},"classes":[]},{"id":198,"url":"https:\/\/www.ceipmaestrorafaelbravomartin.es\/?p=198","url_meta":{"origin":244,"position":1},"title":"Informaci\u00f3n Plan biling\u00fce curso 2011\/12","author":"CEIP Maestro Rafael Bravo Mart\u00edn","date":"4 noviembre, 2011","format":false,"excerpt":"PRESENTACI\u00d3N Atendiendo a las caracter\u00edsticas de nuestro Centro, de los recursos con los que contamos tanto personales como materiales, as\u00ed como de las caracter\u00edsticas propias de nuestro alumnado; procedemos a dar respuesta a la formaci\u00f3n que se requiere para la inclusi\u00f3n de los ni\u00f1os y las ni\u00f1as de nuestro colegio\u2026","rel":"","context":"En \u00abPlanes y programas\u00bb","block_context":{"text":"Planes y programas","link":"https:\/\/www.ceipmaestrorafaelbravomartin.es\/?cat=23"},"img":{"alt_text":"","src":"","width":0,"height":0},"classes":[]},{"id":44,"url":"https:\/\/www.ceipmaestrorafaelbravomartin.es\/?p=44","url_meta":{"origin":244,"position":2},"title":"La Consejer\u00eda de Educaci\u00f3n y Vodafone ofertan acceso a Internet","author":"CEIP Maestro Rafael Bravo Mart\u00edn","date":"20 octubre, 2010","format":false,"excerpt":"Recojo una notica publicada en la web ANDATIC (Asociacion de profesionales de la Educaci\u00f3n con las TIC), de la cual soy colaborador.","rel":"","context":"En \u00abNoticias TIC\u00bb","block_context":{"text":"Noticias TIC","link":"https:\/\/www.ceipmaestrorafaelbravomartin.es\/?cat=19"},"img":{"alt_text":"","src":"","width":0,"height":0},"classes":[]},{"id":146,"url":"https:\/\/www.ceipmaestrorafaelbravomartin.es\/?p=146","url_meta":{"origin":244,"position":3},"title":"Abierto plazo de matriculaci\u00f3n para el curso 2011\/12","author":"CEIP Maestro Rafael Bravo Mart\u00edn","date":"2 marzo, 2011","format":false,"excerpt":"Se informa que durante todo el mes de marzo, hasta el d\u00eda 31 inclusive, \u00a0permanecer\u00e1 abierto el plazo de presentaci\u00f3n de solicitudes de admisi\u00f3n en los centros educativos p\u00fablicos y privados y concertados. Comienza de este modo el proceso de escolarizaci\u00f3n del curso 2011\/12 en el que participan todos los\u2026","rel":"","context":"En \u00abSecretar\u00eda\u00bb","block_context":{"text":"Secretar\u00eda","link":"https:\/\/www.ceipmaestrorafaelbravomartin.es\/?cat=16"},"img":{"alt_text":"","src":"","width":0,"height":0},"classes":[]},{"id":3002,"url":"https:\/\/www.ceipmaestrorafaelbravomartin.es\/?p=3002","url_meta":{"origin":244,"position":4},"title":"Cient\u00edficas antes que yo","author":"CEIP Maestro Rafael Bravo Mart\u00edn","date":"8 marzo, 2021","format":false,"excerpt":"Para la celebraci\u00f3n del 11 de febrero \u201cD\u00eda de la mujer y la ni\u00f1a en la ciencia\u201d desde el Plan de Igualdad, hemos propuesto trabajar en las clases a diferentes mujeres cient\u00edficas con el objetivo de visibilizar su labor. En Educaci\u00f3n Infantil y 1\u00ba de Educaci\u00f3n Primaria hemos contado la\u2026","rel":"","context":"En \u00abCoeducaci\u00f3n\u00bb","block_context":{"text":"Coeducaci\u00f3n","link":"https:\/\/www.ceipmaestrorafaelbravomartin.es\/?cat=114"},"img":{"alt_text":"","src":"https:\/\/i0.wp.com\/img.youtube.com\/vi\/1GBH0k42VmY\/0.jpg?resize=350%2C200","width":350,"height":200},"classes":[]},{"id":34,"url":"https:\/\/www.ceipmaestrorafaelbravomartin.es\/?p=34","url_meta":{"origin":244,"position":5},"title":"Biblioteca Escolar","author":"CEIP Maestro Rafael Bravo Mart\u00edn","date":"18 octubre, 2010","format":false,"excerpt":"El colegio p\u00fablico Nuestra Se\u00f1ora de Asunci\u00f3n de Alcal\u00e1 del R\u00edo dispone de una magnifica biblioteca de centro, instalada en una sala de la segunda planta , dicha sala est\u00e1 habilitada con 9 mesas y unas 40 sillas para la lectura y el estudio, 5 estanter\u00edas grandes\u00a0 de madera de\u2026","rel":"","context":"En \u00abPlanes y programas\u00bb","block_context":{"text":"Planes y programas","link":"https:\/\/www.ceipmaestrorafaelbravomartin.es\/?cat=23"},"img":{"alt_text":"","src":"","width":0,"height":0},"classes":[]}],"_links":{"self":[{"href":"https:\/\/www.ceipmaestrorafaelbravomartin.es\/index.php?rest_route=\/wp\/v2\/posts\/244","targetHints":{"allow":["GET"]}}],"collection":[{"href":"https:\/\/www.ceipmaestrorafaelbravomartin.es\/index.php?rest_route=\/wp\/v2\/posts"}],"about":[{"href":"https:\/\/www.ceipmaestrorafaelbravomartin.es\/index.php?rest_route=\/wp\/v2\/types\/post"}],"author":[{"embeddable":true,"href":"https:\/\/www.ceipmaestrorafaelbravomartin.es\/index.php?rest_route=\/wp\/v2\/users\/4"}],"replies":[{"embeddable":true,"href":"https:\/\/www.ceipmaestrorafaelbravomartin.es\/index.php?rest_route=%2Fwp%2Fv2%2Fcomments&post=244"}],"version-history":[{"count":1,"href":"https:\/\/www.ceipmaestrorafaelbravomartin.es\/index.php?rest_route=\/wp\/v2\/posts\/244\/revisions"}],"predecessor-version":[{"id":874,"href":"https:\/\/www.ceipmaestrorafaelbravomartin.es\/index.php?rest_route=\/wp\/v2\/posts\/244\/revisions\/874"}],"wp:featuredmedia":[{"embeddable":true,"href":"https:\/\/www.ceipmaestrorafaelbravomartin.es\/index.php?rest_route=\/wp\/v2\/media\/242"}],"wp:attachment":[{"href":"https:\/\/www.ceipmaestrorafaelbravomartin.es\/index.php?rest_route=%2Fwp%2Fv2%2Fmedia&parent=244"}],"wp:term":[{"taxonomy":"category","embeddable":true,"href":"https:\/\/www.ceipmaestrorafaelbravomartin.es\/index.php?rest_route=%2Fwp%2Fv2%2Fcategories&post=244"},{"taxonomy":"post_tag","embeddable":true,"href":"https:\/\/www.ceipmaestrorafaelbravomartin.es\/index.php?rest_route=%2Fwp%2Fv2%2Ftags&post=244"}],"curies":[{"name":"wp","href":"https:\/\/api.w.org\/{rel}","templated":true}]}}