{"id":245,"date":"2012-04-18T10:08:01","date_gmt":"2012-04-18T08:08:01","guid":{"rendered":"http:\/\/blogasuncion.es\/?p=245"},"modified":"2014-10-12T19:51:52","modified_gmt":"2014-10-12T17:51:52","slug":"ligas-en-los-recreos","status":"publish","type":"post","link":"https:\/\/www.ceipmaestrorafaelbravomartin.es\/?p=245","title":{"rendered":"Ligas en los recreos"},"content":{"rendered":"<p style=\"text-align: center;\">Han finalizado las Ligas de F\u00fatbol y Bal\u00f3n-Tiro. Se han jugado durante el segundo trimestre.<\/p>\n<p style=\"text-align: center;\">\u00a0<\/p>\n<p style=\"text-align: center;\">Y a continuaci\u00f3n queremos mostraros unas im\u00e1genes que esperamos os gusten.<\/p>\n<p><object codebase=\"http:\/\/download.macromedia.com\/pub\/shockwave\/cabs\/flash\/swflash.cab#version=10,0,32,18\" classid=\"clsid:d27cdb6e-ae6d-11cf-96b8-444553540000\" type=\"application\/x-shockwave-flash\" height=\"360\" width=\"480\" style=\"display: block; margin-left: auto; margin-right: auto;\"><param name=\"wmode\" value=\"transparent\" \/><param name=\"allowFullScreen\" value=\"true\" \/><param name=\"src\" value=\"http:\/\/pf.kizoa.com\/sflite.swf?did=2479524&amp;k=P86093101&amp;hk=1&amp;ns=1\" \/><\/object><br \/>\n<br \/>{jcomments on}<\/p>\n","protected":false},"excerpt":{"rendered":"<p>Han finalizado las Ligas de F\u00fatbol y Bal\u00f3n-Tiro. Se han jugado durante el segundo trimestre. \u00a0 Y a continuaci\u00f3n queremos mostraros unas im\u00e1genes que esperamos os gusten. {jcomments on}<\/p>\n","protected":false},"author":4,"featured_media":0,"comment_status":"closed","ping_status":"open","sticky":false,"template":"","format":"standard","meta":{"jetpack_post_was_ever_published":false,"_jetpack_newsletter_access":"","_jetpack_dont_email_post_to_subs":false,"_jetpack_newsletter_tier_id":0,"_jetpack_memberships_contains_paywalled_content":false,"_jetpack_memberships_contains_paid_content":false,"footnotes":""},"categories":[28],"tags":[],"class_list":["post-245","post","type-post","status-publish","format-standard","hentry","category-ef"],"jetpack_featured_media_url":"","jetpack_sharing_enabled":true,"jetpack_shortlink":"https:\/\/wp.me\/p9VlHp-3X","jetpack-related-posts":[{"id":2011,"url":"https:\/\/www.ceipmaestrorafaelbravomartin.es\/?p=2011","url_meta":{"origin":245,"position":0},"title":"Ligas en el recreo","author":"CEIP Maestro Rafael Bravo Mart\u00edn","date":"26 enero, 2020","format":false,"excerpt":"El deporte forma parte fundamental para tener una vida sana, con el objetivo de fomentarlo entre el alumnado de nuestro centro, desde el \u00e1rea de EF han dado comienzo las ligas de \"Pichi\" y de \"Bal\u00f3n-tiro\". Todo un reto ya que hay mas de 200 alumnos\/as inscritos. Estas ligas son\u2026","rel":"","context":"En \u00abEd. F\u00edsica\u00bb","block_context":{"text":"Ed. F\u00edsica","link":"https:\/\/www.ceipmaestrorafaelbravomartin.es\/?cat=28"},"img":{"alt_text":"","src":"https:\/\/i0.wp.com\/www.ceipmaestrorafaelbravomartin.es\/wp-content\/uploads\/2020\/01\/IMG_20200121_114511-150x150.jpg?resize=350%2C200&ssl=1","width":350,"height":200,"srcset":"https:\/\/i0.wp.com\/www.ceipmaestrorafaelbravomartin.es\/wp-content\/uploads\/2020\/01\/IMG_20200121_114511-150x150.jpg?resize=350%2C200&ssl=1 1x, https:\/\/i0.wp.com\/www.ceipmaestrorafaelbravomartin.es\/wp-content\/uploads\/2020\/01\/IMG_20200121_114511-150x150.jpg?resize=525%2C300&ssl=1 1.5x, https:\/\/i0.wp.com\/www.ceipmaestrorafaelbravomartin.es\/wp-content\/uploads\/2020\/01\/IMG_20200121_114511-150x150.jpg?resize=700%2C400&ssl=1 2x, https:\/\/i0.wp.com\/www.ceipmaestrorafaelbravomartin.es\/wp-content\/uploads\/2020\/01\/IMG_20200121_114511-150x150.jpg?resize=1050%2C600&ssl=1 3x, https:\/\/i0.wp.com\/www.ceipmaestrorafaelbravomartin.es\/wp-content\/uploads\/2020\/01\/IMG_20200121_114511-150x150.jpg?resize=1400%2C800&ssl=1 4x"},"classes":[]},{"id":65,"url":"https:\/\/www.ceipmaestrorafaelbravomartin.es\/?p=65","url_meta":{"origin":245,"position":1},"title":"Excursi\u00f3n fin de curso de 6\u00ba de primaria.","author":"CEIP Maestro Rafael Bravo Mart\u00edn","date":"19 junio, 2010","format":false,"excerpt":"Un a\u00f1o m\u00e1s los alumnos y alumnas de 6\u00ba han realizado el viaje de fin de curso a una Granja escuela, en esta ocasi\u00f3n a la Ca\u00f1\u00e1 de la Corchuela, en Cala (Huelva), durante los d\u00edas 16, 17 y 18 de junio, acompa\u00f1ados de dos maestras. Durante estos d\u00edas realizaron\u2026","rel":"","context":"En \u00abCurso 2009\/10\u00bb","block_context":{"text":"Curso 2009\/10","link":"https:\/\/www.ceipmaestrorafaelbravomartin.es\/?cat=27"},"img":{"alt_text":"","src":"","width":0,"height":0},"classes":[]},{"id":1770,"url":"https:\/\/www.ceipmaestrorafaelbravomartin.es\/?p=1770","url_meta":{"origin":245,"position":2},"title":"\u00abUN FANTASMA VISITA NUESTRO COLE\u00bb","author":"CEIP Maestro Rafael Bravo Mart\u00edn","date":"30 octubre, 2017","format":false,"excerpt":"Hasta el Inframundo han llegado noticias de lo terror\u00edfica que ha quedado la decoraci\u00f3n de nuestro Cole. Y...han enviado un Fantasma \"mu feo y con muchos ojos\" a comprobarlo. Esperemos que le haya gustado...y que no vuelva...cuando estemos.","rel":"","context":"En \u00abEventos\u00bb","block_context":{"text":"Eventos","link":"https:\/\/www.ceipmaestrorafaelbravomartin.es\/?cat=103"},"img":{"alt_text":"","src":"","width":0,"height":0},"classes":[]},{"id":674,"url":"https:\/\/www.ceipmaestrorafaelbravomartin.es\/?p=674","url_meta":{"origin":245,"position":3},"title":"D\u00eda de Andaluc\u00eda 2014","author":"CEIP Maestro Rafael Bravo Mart\u00edn","date":"26 febrero, 2014","format":false,"excerpt":"Con motivo de la celebraci\u00f3n del D\u00eda de Andaluc\u00eda, se han realizado en nuestro Centro diversos trabajos y actividades. En el siguiente v\u00eddeo, dejamos una peque\u00f1a muestra de lo realizado en los niveles de 4\u00ba y 6\u00ba de Primaria. Los grupos de 4\u00ba han realizado trabajos de investigaci\u00f3n sobre el\u2026","rel":"","context":"En \u00abNoticiero\u00bb","block_context":{"text":"Noticiero","link":"https:\/\/www.ceipmaestrorafaelbravomartin.es\/?cat=3"},"img":{"alt_text":"","src":"","width":0,"height":0},"classes":[]},{"id":165,"url":"https:\/\/www.ceipmaestrorafaelbravomartin.es\/?p=165","url_meta":{"origin":245,"position":4},"title":"Viaje Fin de Curso SEXTOS  2010\/2011","author":"CEIP Maestro Rafael Bravo Mart\u00edn","date":"24 junio, 2011","format":false,"excerpt":"Un a\u00f1o m\u00e1s, los alumnos y alumnas de 6\u00ba han realizado el viaje de Fin de Primaria a las Caba\u00f1as de Cumbres Mayores. \u00a0 Todos\/as se lo han pasado muy bien, participando en las actividades que los monitores y monitoras les propon\u00edan (tambi\u00e9n la maestra y el maestro). \u00a0 Queremos\u2026","rel":"","context":"En \u00abActividades extraescolares\u00bb","block_context":{"text":"Actividades extraescolares","link":"https:\/\/www.ceipmaestrorafaelbravomartin.es\/?cat=14"},"img":{"alt_text":"","src":"","width":0,"height":0},"classes":[]},{"id":164,"url":"https:\/\/www.ceipmaestrorafaelbravomartin.es\/?p=164","url_meta":{"origin":245,"position":5},"title":"Viaje Fin de Curso SEXTOS  2010\/2011","author":"CEIP Maestro Rafael Bravo Mart\u00edn","date":"24 junio, 2011","format":false,"excerpt":"Un a\u00f1o m\u00e1s, los alumnos y alumnas de 6\u00ba han realizado el viaje de Fin de Primaria a las Caba\u00f1as de Cumbres Mayores. \u00a0 Todos\/as se lo han pasado muy bien, participando en las actividades que los monitores y monitoras les propon\u00edan (tambi\u00e9n la maestra y el maestro). \u00a0 Queremos\u2026","rel":"","context":"En \u00abCurso 2010\/11\u00bb","block_context":{"text":"Curso 2010\/11","link":"https:\/\/www.ceipmaestrorafaelbravomartin.es\/?cat=40"},"img":{"alt_text":"","src":"","width":0,"height":0},"classes":[]}],"_links":{"self":[{"href":"https:\/\/www.ceipmaestrorafaelbravomartin.es\/index.php?rest_route=\/wp\/v2\/posts\/245","targetHints":{"allow":["GET"]}}],"collection":[{"href":"https:\/\/www.ceipmaestrorafaelbravomartin.es\/index.php?rest_route=\/wp\/v2\/posts"}],"about":[{"href":"https:\/\/www.ceipmaestrorafaelbravomartin.es\/index.php?rest_route=\/wp\/v2\/types\/post"}],"author":[{"embeddable":true,"href":"https:\/\/www.ceipmaestrorafaelbravomartin.es\/index.php?rest_route=\/wp\/v2\/users\/4"}],"replies":[{"embeddable":true,"href":"https:\/\/www.ceipmaestrorafaelbravomartin.es\/index.php?rest_route=%2Fwp%2Fv2%2Fcomments&post=245"}],"version-history":[{"count":1,"href":"https:\/\/www.ceipmaestrorafaelbravomartin.es\/index.php?rest_route=\/wp\/v2\/posts\/245\/revisions"}],"predecessor-version":[{"id":873,"href":"https:\/\/www.ceipmaestrorafaelbravomartin.es\/index.php?rest_route=\/wp\/v2\/posts\/245\/revisions\/873"}],"wp:attachment":[{"href":"https:\/\/www.ceipmaestrorafaelbravomartin.es\/index.php?rest_route=%2Fwp%2Fv2%2Fmedia&parent=245"}],"wp:term":[{"taxonomy":"category","embeddable":true,"href":"https:\/\/www.ceipmaestrorafaelbravomartin.es\/index.php?rest_route=%2Fwp%2Fv2%2Fcategories&post=245"},{"taxonomy":"post_tag","embeddable":true,"href":"https:\/\/www.ceipmaestrorafaelbravomartin.es\/index.php?rest_route=%2Fwp%2Fv2%2Ftags&post=245"}],"curies":[{"name":"wp","href":"https:\/\/api.w.org\/{rel}","templated":true}]}}