{"id":246,"date":"2012-04-26T07:33:38","date_gmt":"2012-04-26T05:33:38","guid":{"rendered":"http:\/\/blogasuncion.es\/?p=246"},"modified":"2014-10-12T19:51:35","modified_gmt":"2014-10-12T17:51:35","slug":"qthe-sleeping-cloudsq-y-qa-royal-visitq","status":"publish","type":"post","link":"https:\/\/www.ceipmaestrorafaelbravomartin.es\/?p=246","title":{"rendered":"\u00abThe Sleeping Clouds\u00bb y \u00abA Royal Visit\u00bb"},"content":{"rendered":"<p style=\"margin-bottom: 0cm; text-align: center;\" align=\"JUSTIFY\">\u00a0<\/p>\n<p style=\"margin-bottom: 0cm; text-align: center;\" align=\"JUSTIFY\">Con motivo del D\u00eda del Libro, los cursos 1\u00baB y 4\u00baB representaron dos peque\u00f1as obras teatrales en Idioma extranjero-Ingl\u00e9s, \u201cThe Sleeping Clouds\u201d y \u201c A Royal Visit\u201d respectivamente. Para los preparativos de las mismas y la obtenci\u00f3n de un magn\u00edfico resultado, contamos con la colaboraci\u00f3n de la comunidad educativa. Por eso, desde aqu\u00ed queremos dar las gracias a:<\/p>\n<p style=\"margin-bottom: 0cm; text-align: center;\" align=\"JUSTIFY\">D. Juan Jes\u00fas Asencio (nuestro ordenanza\/conserje) que no dud\u00f3 en ir por los materiales  necesarios para hacer el decorado y en ayudarnos a preparar el mismo, a D\u00f1a. Inmaculada Rodr\u00edguez (tutora de 2\u00ba B) que nos hizo la mayor parte del decorado, a las madres y padres del alumnado participante que se preocuparon en crear disfraces para la representaci\u00f3n, a los ni\u00f1os y ni\u00f1as de 4\u00baB que junto con su tutora y D. Juan Jes\u00fas fueron decorando el escenario, a D\u00f1a. Mar\u00eda Jos\u00e9 Vel\u00e1zquez  (secretaria-administrativa), a D. Jos\u00e9 Palma (Miembro del Equipo Directivo y Tutor de 1\u00ba B), a D. Vicente Garc\u00eda (tutor de 2\u00ba A), a D\u00f1a. \u00c1ngela Castillo (maestra de m\u00fasica), a D\u00f1a. Antonia Guardiola (maestra biling\u00fce de 1\u00baB), a los ni\u00f1os y ni\u00f1as de 1\u00baB y a D\u00f1a. Aurora Mart\u00edn, sin la cual no podr\u00edamos ver este estupendo v\u00eddeo que a continuaci\u00f3n resume lo que los ni\u00f1os y ni\u00f1as de nuestro Centro vivieron el D\u00eda 23 de Abril de 2012. Muchas gracias a todos y todas.<\/p>\n<p style=\"margin-bottom: 0cm; text-align: center;\" align=\"JUSTIFY\">\u00a0<\/p>\n<p style=\"margin-bottom: 0cm;\" align=\"RIGHT\">Noelia Carrasco Alvarado<\/p>\n<p style=\"margin-bottom: 0cm;\" align=\"RIGHT\">Tutora de 4\u00ba B<\/p>\n<p style=\"margin-bottom: 0cm;\" align=\"RIGHT\">Coordinadora de Biling\u00fcismo<\/p>\n<p style=\"margin-bottom: 0cm;\" align=\"RIGHT\">\u00a0<\/p>\n<p style=\"margin-bottom: 0cm;\" align=\"RIGHT\">\u00a0<\/p>\n<p style=\"margin-bottom: 0cm; text-align: center;\" align=\"RIGHT\">\u00a0<\/p>\n<p><object codebase=\"http:\/\/download.macromedia.com\/pub\/shockwave\/cabs\/flash\/swflash.cab#version=10,0,32,18\" classid=\"clsid:d27cdb6e-ae6d-11cf-96b8-444553540000\" type=\"application\/x-shockwave-flash\" height=\"315\" width=\"560\" style=\"display: block; margin-left: auto; margin-right: auto;\"><param name=\"allowFullScreen\" value=\"true\" \/><param name=\"allowscriptaccess\" value=\"always\" \/><param name=\"src\" value=\"http:\/\/www.youtube.com\/v\/3LnZ8VD1sNE?version=3&amp;hl=es_ES&amp;rel=0\" \/>&nbsp;<\/embed>&nbsp;<\/object><br \/>\n&nbsp;  {jcomments on}<\/p>\n","protected":false},"excerpt":{"rendered":"<p>\u00a0 Con motivo del D\u00eda del Libro, los cursos 1\u00baB y 4\u00baB representaron dos peque\u00f1as obras teatrales en Idioma extranjero-Ingl\u00e9s, \u201cThe Sleeping Clouds\u201d y \u201c A Royal Visit\u201d respectivamente. Para los preparativos de las mismas y la obtenci\u00f3n de un magn\u00edfico resultado, contamos con la colaboraci\u00f3n de la comunidad educativa. [&hellip;]<\/p>\n","protected":false},"author":4,"featured_media":0,"comment_status":"closed","ping_status":"open","sticky":false,"template":"","format":"standard","meta":{"jetpack_post_was_ever_published":false,"_jetpack_newsletter_access":"","_jetpack_dont_email_post_to_subs":false,"_jetpack_newsletter_tier_id":0,"_jetpack_memberships_contains_paywalled_content":false,"_jetpack_memberships_contains_paid_content":false,"footnotes":""},"categories":[23],"tags":[],"class_list":["post-246","post","type-post","status-publish","format-standard","hentry","category-planes-y-programas"],"jetpack_featured_media_url":"","jetpack_sharing_enabled":true,"jetpack_shortlink":"https:\/\/wp.me\/p9VlHp-3Y","jetpack-related-posts":[{"id":39,"url":"https:\/\/www.ceipmaestrorafaelbravomartin.es\/?p=39","url_meta":{"origin":246,"position":0},"title":"Carta y recuerdo para 6\u00ba B del curso 2009\/10","author":"CEIP Maestro Rafael Bravo Mart\u00edn","date":"18 octubre, 2010","format":false,"excerpt":"Mis queridos ni\u00f1os y ni\u00f1as de 6\u00ba B: \u00a1Parece mentira! \u00a1Os hab\u00e9is hecho mayores ya! Hab\u00e9is terminado la Primaria y muy pronto iniciar\u00e9is una nueva etapa; ante vosotros se abre un mundo diferente con muchas cosas nuevas e interesantes; no tem\u00e1is a nada poque todo ser\u00e1 distinto, divertido y emocionante.\u2026","rel":"","context":"En \u00abDedicatorias\u00bb","block_context":{"text":"Dedicatorias","link":"https:\/\/www.ceipmaestrorafaelbravomartin.es\/?cat=24"},"img":{"alt_text":"","src":"","width":0,"height":0},"classes":[]},{"id":205,"url":"https:\/\/www.ceipmaestrorafaelbravomartin.es\/?p=205","url_meta":{"origin":246,"position":1},"title":"REUNI\u00d3N CON LA FAMILIA el 15 de noviembre","author":"CEIP Maestro Rafael Bravo Mart\u00edn","date":"18 noviembre, 2011","format":false,"excerpt":"\u00a0 El martes 15 de noviembre, las clases de 4 a\u00f1os tuvimos una reuni\u00f3n por la tarde con la familia. En ella tratamos entre otros los siguientes puntos:","rel":"","context":"En \u00abEducaci\u00f3n Infantil\u00bb","block_context":{"text":"Educaci\u00f3n Infantil","link":"https:\/\/www.ceipmaestrorafaelbravomartin.es\/?cat=26"},"img":{"alt_text":"","src":"","width":0,"height":0},"classes":[]},{"id":130,"url":"https:\/\/www.ceipmaestrorafaelbravomartin.es\/?p=130","url_meta":{"origin":246,"position":2},"title":"Intantil y primaria unidos por los cuentos.","author":"CEIP Maestro Rafael Bravo Mart\u00edn","date":"27 abril, 2010","format":false,"excerpt":"Como ya os anunci\u00e9, durante este mes y parte del que viene, se est\u00e1n realizando en el 2\u00ba y 3er ciclo de primaria cuentos para ser expuestos en nuestra web.\u00a0 Nuestra compa\u00f1era Aurora, tutora de 6\u00ba A,\u00a0 ha tenido una excelente idea\u00a0 y ha contado con alumnos\/as de Infantil para\u2026","rel":"","context":"En \u00abCurso 2009\/10\u00bb","block_context":{"text":"Curso 2009\/10","link":"https:\/\/www.ceipmaestrorafaelbravomartin.es\/?cat=27"},"img":{"alt_text":"","src":"","width":0,"height":0},"classes":[]},{"id":208,"url":"https:\/\/www.ceipmaestrorafaelbravomartin.es\/?p=208","url_meta":{"origin":246,"position":3},"title":"25 de noviembre: D\u00eda internacional contra la violencia de g\u00e9nero.","author":"CEIP Maestro Rafael Bravo Mart\u00edn","date":"25 noviembre, 2011","format":false,"excerpt":"El viernes 25 de noviembre se celebr\u00f3 el D\u00cdA INTERNACIONAL PARA LA ELIMINACI\u00d3N DE LA VIOLENCIA CONTRA LA MUJER. Durante esa semana los alumnos\/as han realizado actividades para tomar conciencia de la igualdad entre mujeres y hombres, ni\u00f1as y ni\u00f1os. Aqu\u00ed os dejamos algunas de las muchas que se llevaron\u2026","rel":"","context":"En \u00abCurso 2011\/12\u00bb","block_context":{"text":"Curso 2011\/12","link":"https:\/\/www.ceipmaestrorafaelbravomartin.es\/?cat=45"},"img":{"alt_text":"","src":"","width":0,"height":0},"classes":[]},{"id":18,"url":"https:\/\/www.ceipmaestrorafaelbravomartin.es\/?p=18","url_meta":{"origin":246,"position":4},"title":"Inauguraci\u00f3n blog colaborativo","author":"CEIP Maestro Rafael Bravo Mart\u00edn","date":"13 octubre, 2010","format":false,"excerpt":"Se informa a toda la comunidad educativa de la inauguraci\u00f3n de la tercera edici\u00f3n del blog cooperativo realizado por Aurora Mart\u00edn \u00c1lvarez y Juan Ram\u00f3n, maestros\/as de nuestro Centro y del CEIP Guadalquivir de la Rinconada respectivamente.","rel":"","context":"En \u00abNoticias TIC\u00bb","block_context":{"text":"Noticias TIC","link":"https:\/\/www.ceipmaestrorafaelbravomartin.es\/?cat=19"},"img":{"alt_text":"","src":"https:\/\/i0.wp.com\/www.ceipmaestrorafaelbravomartin.es\/wp-content\/uploads\/2010\/10\/bienvenidos.gif?resize=350%2C200&ssl=1","width":350,"height":200},"classes":[]},{"id":90,"url":"https:\/\/www.ceipmaestrorafaelbravomartin.es\/?p=90","url_meta":{"origin":246,"position":5},"title":"\u00a1El oto\u00f1o ha llegado a nuestro cole!","author":"CEIP Maestro Rafael Bravo Mart\u00edn","date":"18 noviembre, 2010","format":false,"excerpt":"\u00a0La semana pasada se realizaron varias actividades relacionadas con el Oto\u00f1o en nuestro Centro:- Hemos decorado el colegio con un \u00e1rbol y ADORNOS realizados por el alumnado de Infantil en colaboraci\u00f3n con sus familiares.- El martes 16 de noviembre ha venido un CASTA\u00d1ERO para que todos\/as comamos casta\u00f1itas asadas. Los\u2026","rel":"","context":"En \u00abCurso 2010\/11\u00bb","block_context":{"text":"Curso 2010\/11","link":"https:\/\/www.ceipmaestrorafaelbravomartin.es\/?cat=40"},"img":{"alt_text":"","src":"","width":0,"height":0},"classes":[]}],"_links":{"self":[{"href":"https:\/\/www.ceipmaestrorafaelbravomartin.es\/index.php?rest_route=\/wp\/v2\/posts\/246","targetHints":{"allow":["GET"]}}],"collection":[{"href":"https:\/\/www.ceipmaestrorafaelbravomartin.es\/index.php?rest_route=\/wp\/v2\/posts"}],"about":[{"href":"https:\/\/www.ceipmaestrorafaelbravomartin.es\/index.php?rest_route=\/wp\/v2\/types\/post"}],"author":[{"embeddable":true,"href":"https:\/\/www.ceipmaestrorafaelbravomartin.es\/index.php?rest_route=\/wp\/v2\/users\/4"}],"replies":[{"embeddable":true,"href":"https:\/\/www.ceipmaestrorafaelbravomartin.es\/index.php?rest_route=%2Fwp%2Fv2%2Fcomments&post=246"}],"version-history":[{"count":1,"href":"https:\/\/www.ceipmaestrorafaelbravomartin.es\/index.php?rest_route=\/wp\/v2\/posts\/246\/revisions"}],"predecessor-version":[{"id":872,"href":"https:\/\/www.ceipmaestrorafaelbravomartin.es\/index.php?rest_route=\/wp\/v2\/posts\/246\/revisions\/872"}],"wp:attachment":[{"href":"https:\/\/www.ceipmaestrorafaelbravomartin.es\/index.php?rest_route=%2Fwp%2Fv2%2Fmedia&parent=246"}],"wp:term":[{"taxonomy":"category","embeddable":true,"href":"https:\/\/www.ceipmaestrorafaelbravomartin.es\/index.php?rest_route=%2Fwp%2Fv2%2Fcategories&post=246"},{"taxonomy":"post_tag","embeddable":true,"href":"https:\/\/www.ceipmaestrorafaelbravomartin.es\/index.php?rest_route=%2Fwp%2Fv2%2Ftags&post=246"}],"curies":[{"name":"wp","href":"https:\/\/api.w.org\/{rel}","templated":true}]}}