{"id":254,"date":"2012-06-14T07:39:20","date_gmt":"2012-06-14T05:39:20","guid":{"rendered":"http:\/\/blogasuncion.es\/?p=254"},"modified":"2014-10-10T19:52:34","modified_gmt":"2014-10-10T17:52:34","slug":"verbena-2012","status":"publish","type":"post","link":"https:\/\/www.ceipmaestrorafaelbravomartin.es\/?p=254","title":{"rendered":"Verbena 2012"},"content":{"rendered":"<p style=\"text-align: center;\">\u00a0<\/p>\n<div style=\"text-align: center;\"><\/div>\n<p style=\"text-align: center;\">Sexto A y Sexto B, se despiden del Cole.<\/p>\n<p style=\"text-align: center;\">\u00a0<\/p>\n<p style=\"text-align: center;\">Nos obsequian con las siguientes actuaciones en la Verbena de este curso.<\/p>\n<p style=\"text-align: center;\">\u00a0<\/p>\n<p style=\"text-align: center;\">\u00a0<\/p>\n<p>\n<object codebase=\"http:\/\/download.macromedia.com\/pub\/shockwave\/cabs\/flash\/swflash.cab#version=10,0,32,18\" classid=\"clsid:d27cdb6e-ae6d-11cf-96b8-444553540000\" type=\"application\/x-shockwave-flash\" height=\"315\" width=\"560\" style=\"display: block; margin-left: auto; margin-right: auto;\"><param name=\"allowFullScreen\" value=\"true\" \/><param name=\"allowscriptaccess\" value=\"always\" \/><param name=\"src\" value=\"http:\/\/www.youtube.com\/v\/yNYu3kEdqUg?version=3&amp;hl=es_ES&amp;rel=0\" \/>&nbsp;<\/embed>&nbsp;<\/object><br \/>\n{jcomments on}<\/p>\n<p>\u00a0<\/p>\n<p><object codebase=\"http:\/\/download.macromedia.com\/pub\/shockwave\/cabs\/flash\/swflash.cab#version=10,0,32,18\" classid=\"clsid:d27cdb6e-ae6d-11cf-96b8-444553540000\" type=\"application\/x-shockwave-flash\" height=\"315\" width=\"560\" style=\"display: block; margin-left: auto; margin-right: auto;\"><param name=\"allowFullScreen\" value=\"true\" \/><param name=\"allowscriptaccess\" value=\"always\" \/><param name=\"src\" value=\"http:\/\/www.youtube.com\/v\/9AMFxMstLVw?version=3&amp;hl=es_ES&amp;rel=0\" \/><\/object><\/p>\n","protected":false},"excerpt":{"rendered":"<p>\u00a0 Sexto A y Sexto B, se despiden del Cole. \u00a0 Nos obsequian con las siguientes actuaciones en la Verbena de este curso. \u00a0 \u00a0 &nbsp;&nbsp; {jcomments on} \u00a0<\/p>\n","protected":false},"author":4,"featured_media":0,"comment_status":"closed","ping_status":"closed","sticky":false,"template":"","format":"standard","meta":{"jetpack_post_was_ever_published":false,"_jetpack_newsletter_access":"","_jetpack_dont_email_post_to_subs":false,"_jetpack_newsletter_tier_id":0,"_jetpack_memberships_contains_paywalled_content":false,"_jetpack_memberships_contains_paid_content":false,"footnotes":""},"categories":[45],"tags":[],"class_list":["post-254","post","type-post","status-publish","format-standard","hentry","category-curso-201112"],"jetpack_featured_media_url":"","jetpack_sharing_enabled":true,"jetpack_shortlink":"https:\/\/wp.me\/p9VlHp-46","jetpack-related-posts":[{"id":1699,"url":"https:\/\/www.ceipmaestrorafaelbravomartin.es\/?p=1699","url_meta":{"origin":254,"position":0},"title":"Verbena de fin de curso 2017","author":"CEIP Maestro Rafael Bravo Mart\u00edn","date":"17 junio, 2017","format":false,"excerpt":"Se acerca el final de curso y que mejor forma de celebrarlo con nuestra tradicional verbena, se celebrar\u00e1 el pr\u00f3ximo viernes 23 de junio. La hora de inicio ser\u00e1 las 21:00 horas en el patio de nuestro colegio. Os animamos a todos y a todas a asistir, veremos bailes y\u2026","rel":"","context":"En \u00abA.M.P.A.\u00bb","block_context":{"text":"A.M.P.A.","link":"https:\/\/www.ceipmaestrorafaelbravomartin.es\/?cat=15"},"img":{"alt_text":"IMG-20170613-WA0005","src":"https:\/\/i0.wp.com\/www.ceipmaestrorafaelbravomartin.es\/wp-content\/uploads\/2017\/06\/IMG-20170613-WA0005-212x300.jpg?resize=350%2C200","width":350,"height":200},"classes":[]},{"id":326,"url":"https:\/\/www.ceipmaestrorafaelbravomartin.es\/?p=326","url_meta":{"origin":254,"position":1},"title":"VERBENA 2013","author":"CEIP Maestro Rafael Bravo Mart\u00edn","date":"23 junio, 2013","format":false,"excerpt":"El pasado viernes 21 de junio se celebr\u00f3 la verbena con la que finaliza el curso 2012-2013 que, por primera vez y a partir de ahora, pasa a denominarse VERBENA \"MAESTRO RAFAEL BRAVO\"; dedicada a \u00e9l. Dio comienzo comienzo con la bienvenida y agradecimientos de nuestra directora: \u00a0\u00a0 A continuaci\u00f3n\u2026","rel":"","context":"En \u00abDedicatorias\u00bb","block_context":{"text":"Dedicatorias","link":"https:\/\/www.ceipmaestrorafaelbravomartin.es\/?cat=24"},"img":{"alt_text":"","src":"","width":0,"height":0},"classes":[]},{"id":170,"url":"https:\/\/www.ceipmaestrorafaelbravomartin.es\/?p=170","url_meta":{"origin":254,"position":2},"title":"Verbena 2011","author":"CEIP Maestro Rafael Bravo Mart\u00edn","date":"27 junio, 2011","format":false,"excerpt":"El pasado viernes 24 de junio, nuestro Cole ha celebrado el final de curso con su tradicional Verbena.","rel":"","context":"En \u00abActividades extraescolares\u00bb","block_context":{"text":"Actividades extraescolares","link":"https:\/\/www.ceipmaestrorafaelbravomartin.es\/?cat=14"},"img":{"alt_text":"","src":"","width":0,"height":0},"classes":[]},{"id":183,"url":"https:\/\/www.ceipmaestrorafaelbravomartin.es\/?p=183","url_meta":{"origin":254,"position":3},"title":"Listados de materiales para el presente curso escolar","author":"CEIP Maestro Rafael Bravo Mart\u00edn","date":"11 septiembre, 2011","format":false,"excerpt":"Haz clic en el enlace correspondiente para descargar los materiales necesarios para el curso 2011\/12. Las listas de \u00a0materiales tambi\u00e9n ser\u00e1n entregadas \u00a0el m\u00e1rtes d\u00eda 13 de septiembre por el\/la tutor\/a de cada uno de los cursos.","rel":"","context":"En \u00abSecretar\u00eda\u00bb","block_context":{"text":"Secretar\u00eda","link":"https:\/\/www.ceipmaestrorafaelbravomartin.es\/?cat=16"},"img":{"alt_text":"","src":"","width":0,"height":0},"classes":[]},{"id":2045,"url":"https:\/\/www.ceipmaestrorafaelbravomartin.es\/?p=2045","url_meta":{"origin":254,"position":4},"title":"REUNI\u00d3N INFORMATIVA","author":"CEIP Maestro Rafael Bravo Mart\u00edn","date":"10 febrero, 2020","format":false,"excerpt":"Ante la imposibilidad de haber mandado la circular con el alumnado de sexto curso hoy antes de la hora de salida del Centro, y siendo ma\u00f1ana la reuni\u00f3n, enviamos dicha circular a trav\u00e9s de nuestro blog.","rel":"","context":"En \u00abEl centro\u00bb","block_context":{"text":"El centro","link":"https:\/\/www.ceipmaestrorafaelbravomartin.es\/?cat=10"},"img":{"alt_text":"","src":"https:\/\/i0.wp.com\/www.ceipmaestrorafaelbravomartin.es\/wp-content\/uploads\/2020\/02\/Reuni%C3%B3n-informativa-DELPRIMrecortado-.jpg?resize=350%2C200&ssl=1","width":350,"height":200,"srcset":"https:\/\/i0.wp.com\/www.ceipmaestrorafaelbravomartin.es\/wp-content\/uploads\/2020\/02\/Reuni%C3%B3n-informativa-DELPRIMrecortado-.jpg?resize=350%2C200&ssl=1 1x, https:\/\/i0.wp.com\/www.ceipmaestrorafaelbravomartin.es\/wp-content\/uploads\/2020\/02\/Reuni%C3%B3n-informativa-DELPRIMrecortado-.jpg?resize=525%2C300&ssl=1 1.5x, https:\/\/i0.wp.com\/www.ceipmaestrorafaelbravomartin.es\/wp-content\/uploads\/2020\/02\/Reuni%C3%B3n-informativa-DELPRIMrecortado-.jpg?resize=700%2C400&ssl=1 2x, https:\/\/i0.wp.com\/www.ceipmaestrorafaelbravomartin.es\/wp-content\/uploads\/2020\/02\/Reuni%C3%B3n-informativa-DELPRIMrecortado-.jpg?resize=1050%2C600&ssl=1 3x, https:\/\/i0.wp.com\/www.ceipmaestrorafaelbravomartin.es\/wp-content\/uploads\/2020\/02\/Reuni%C3%B3n-informativa-DELPRIMrecortado-.jpg?resize=1400%2C800&ssl=1 4x"},"classes":[]},{"id":1534,"url":"https:\/\/www.ceipmaestrorafaelbravomartin.es\/?p=1534","url_meta":{"origin":254,"position":5},"title":"Inicio de curso 2016\/2017.","author":"CEIP Maestro Rafael Bravo Mart\u00edn","date":"6 septiembre, 2016","format":false,"excerpt":"El pr\u00f3ximo\u00a0martes 13\u00a0de septiembre tendr\u00e1 lugar la presentaci\u00f3n del el curso escolar que ahora comienza. La entrada al centro conmenzar\u00e1 con una bienvenida en el patio \"Antonio Mill\u00e1n Ruvira\" a las 12:30 horas. En dicho acto nos dedicar\u00e1n unas palabras la directora del centro y la coordinadora del proyecto biling\u00fce.\u2026","rel":"","context":"En \u00abEl centro\u00bb","block_context":{"text":"El centro","link":"https:\/\/www.ceipmaestrorafaelbravomartin.es\/?cat=10"},"img":{"alt_text":"","src":"","width":0,"height":0},"classes":[]}],"_links":{"self":[{"href":"https:\/\/www.ceipmaestrorafaelbravomartin.es\/index.php?rest_route=\/wp\/v2\/posts\/254","targetHints":{"allow":["GET"]}}],"collection":[{"href":"https:\/\/www.ceipmaestrorafaelbravomartin.es\/index.php?rest_route=\/wp\/v2\/posts"}],"about":[{"href":"https:\/\/www.ceipmaestrorafaelbravomartin.es\/index.php?rest_route=\/wp\/v2\/types\/post"}],"author":[{"embeddable":true,"href":"https:\/\/www.ceipmaestrorafaelbravomartin.es\/index.php?rest_route=\/wp\/v2\/users\/4"}],"replies":[{"embeddable":true,"href":"https:\/\/www.ceipmaestrorafaelbravomartin.es\/index.php?rest_route=%2Fwp%2Fv2%2Fcomments&post=254"}],"version-history":[{"count":1,"href":"https:\/\/www.ceipmaestrorafaelbravomartin.es\/index.php?rest_route=\/wp\/v2\/posts\/254\/revisions"}],"predecessor-version":[{"id":808,"href":"https:\/\/www.ceipmaestrorafaelbravomartin.es\/index.php?rest_route=\/wp\/v2\/posts\/254\/revisions\/808"}],"wp:attachment":[{"href":"https:\/\/www.ceipmaestrorafaelbravomartin.es\/index.php?rest_route=%2Fwp%2Fv2%2Fmedia&parent=254"}],"wp:term":[{"taxonomy":"category","embeddable":true,"href":"https:\/\/www.ceipmaestrorafaelbravomartin.es\/index.php?rest_route=%2Fwp%2Fv2%2Fcategories&post=254"},{"taxonomy":"post_tag","embeddable":true,"href":"https:\/\/www.ceipmaestrorafaelbravomartin.es\/index.php?rest_route=%2Fwp%2Fv2%2Ftags&post=254"}],"curies":[{"name":"wp","href":"https:\/\/api.w.org\/{rel}","templated":true}]}}