{"id":257,"date":"2012-06-18T19:42:38","date_gmt":"2012-06-18T17:42:38","guid":{"rendered":"http:\/\/blogasuncion.es\/?p=257"},"modified":"2014-10-12T19:50:46","modified_gmt":"2014-10-12T17:50:46","slug":"concurso-de-trompos-2012","status":"publish","type":"post","link":"https:\/\/www.ceipmaestrorafaelbravomartin.es\/?p=257","title":{"rendered":"CONCURSO DE TROMPOS 2012"},"content":{"rendered":"<p style=\"text-align: center;\">Un a\u00f1os m\u00e1s hemos podido disfrutar con los trompos. La variedad de modelos y la creatividad a marcado el concurso y la Exposici\u00f3n de este a\u00f1o.<\/p>\n<p style=\"text-align: center;\">Cada ni\u00f1o\/a le ha puesto un nombre a su trompo.<\/p>\n<p style=\"text-align: center;\">\u00a0<\/p>\n<p style=\"text-align: center;\">Aqu\u00ed os dejamos algunas im\u00e1genes.<\/p>\n<p>\u00a0<\/p>\n<p>\u00a0<\/p>\n<p><object codebase=\"http:\/\/download.macromedia.com\/pub\/shockwave\/cabs\/flash\/swflash.cab#version=10,0,32,18\" classid=\"clsid:d27cdb6e-ae6d-11cf-96b8-444553540000\" type=\"application\/x-shockwave-flash\" height=\"420\" width=\"560\" style=\"display: block; margin-left: auto; margin-right: auto;\"><param name=\"wmode\" value=\"opaque\" \/><param name=\"bgcolor\" value=\"#000000\" \/><param name=\"allowFullScreen\" value=\"true\" \/><param name=\"src\" value=\"http:\/\/pf.kizoa.com\/sflite.swf?did=2840221&amp;k=P70372205&amp;hk=1&amp;ns=1\" \/><\/object><br \/>\n{jcomments on}<\/p>\n","protected":false},"excerpt":{"rendered":"<p>Un a\u00f1os m\u00e1s hemos podido disfrutar con los trompos. La variedad de modelos y la creatividad a marcado el concurso y la Exposici\u00f3n de este a\u00f1o. Cada ni\u00f1o\/a le ha puesto un nombre a su trompo. \u00a0 Aqu\u00ed os dejamos algunas im\u00e1genes. \u00a0 \u00a0 {jcomments on}<\/p>\n","protected":false},"author":4,"featured_media":0,"comment_status":"closed","ping_status":"open","sticky":false,"template":"","format":"standard","meta":{"jetpack_post_was_ever_published":false,"_jetpack_newsletter_access":"","_jetpack_dont_email_post_to_subs":false,"_jetpack_newsletter_tier_id":0,"_jetpack_memberships_contains_paywalled_content":false,"_jetpack_memberships_contains_paid_content":false,"footnotes":""},"categories":[28],"tags":[],"class_list":["post-257","post","type-post","status-publish","format-standard","hentry","category-ef"],"jetpack_featured_media_url":"","jetpack_sharing_enabled":true,"jetpack_shortlink":"https:\/\/wp.me\/p9VlHp-49","jetpack-related-posts":[{"id":133,"url":"https:\/\/www.ceipmaestrorafaelbravomartin.es\/?p=133","url_meta":{"origin":257,"position":0},"title":"Concurso de trompos 2010","author":"CEIP Maestro Rafael Bravo Mart\u00edn","date":"4 mayo, 2011","format":false,"excerpt":"Ahora que se est\u00e1 celebrando el III Concurso de Trompos del Centro, recuperamos\u00a0 los ganadores del concurso\u00a0 celebrado el curso anterior. Quiz\u00e1s puedan serviros de inspiraci\u00f3n para realizar el vuestro.","rel":"","context":"En \u00abEd. F\u00edsica\u00bb","block_context":{"text":"Ed. F\u00edsica","link":"https:\/\/www.ceipmaestrorafaelbravomartin.es\/?cat=28"},"img":{"alt_text":"","src":"","width":0,"height":0},"classes":[]},{"id":158,"url":"https:\/\/www.ceipmaestrorafaelbravomartin.es\/?p=158","url_meta":{"origin":257,"position":1},"title":"EL TROMPO, UN MUNDO DE AMIGOS","author":"CEIP Maestro Rafael Bravo Mart\u00edn","date":"24 mayo, 2011","format":false,"excerpt":"Desde el \u00e1rea de Educaci\u00f3n F\u00edsica fomentamos la pr\u00e1ctica de Juegos Populares y Tradicionales, esos que conocemos como \" Los juegos de toda la vida\". Uno de ellos es el trompo o peonza. Llevamos varios a\u00f1os realizando un concurso de decoraci\u00f3n, donde los alumnos\/as pintan y decoran sus trompos. Un\u2026","rel":"","context":"En \u00abEd. F\u00edsica\u00bb","block_context":{"text":"Ed. F\u00edsica","link":"https:\/\/www.ceipmaestrorafaelbravomartin.es\/?cat=28"},"img":{"alt_text":"","src":"","width":0,"height":0},"classes":[]},{"id":66,"url":"https:\/\/www.ceipmaestrorafaelbravomartin.es\/?p=66","url_meta":{"origin":257,"position":2},"title":"El colegio Asunci\u00f3n con la Roja.","author":"CEIP Maestro Rafael Bravo Mart\u00edn","date":"8 junio, 2010","format":false,"excerpt":"Hace unos d\u00edas que ha comenzado el mundial de f\u00fatbol de \"Sud\u00e1frica 2010\" y desde el centro queremos hacer part\u00edcipes a todos los ni\u00f1os\/as aportando nuestro granito de arena para hacer llegar a Sud\u00e1frica toda nuestra ilusi\u00f3n. Hoy mi\u00e9rcoles 16 de junio el alumnado del centro ha venido ataviado con\u2026","rel":"","context":"En \u00abCurso 2009\/10\u00bb","block_context":{"text":"Curso 2009\/10","link":"https:\/\/www.ceipmaestrorafaelbravomartin.es\/?cat=27"},"img":{"alt_text":"","src":"","width":0,"height":0},"classes":[]},{"id":255,"url":"https:\/\/www.ceipmaestrorafaelbravomartin.es\/?p=255","url_meta":{"origin":257,"position":3},"title":"EL C.E.I.P. NTRA. SRA. DE LA ASUNCI\u00d3N CON LA SELECCI\u00d3N ESPA\u00d1OLA","author":"CEIP Maestro Rafael Bravo Mart\u00edn","date":"14 junio, 2012","format":false,"excerpt":"Hace unos d\u00edas que ha comenzado la Eurocopa de f\u00fatbol \u201cPolon\u00eda \u2013Ucrania 2012 \u201c. Desde este centro queremos hacer participes a todos los ni\u00f1os\/as, aportando nuestro granito de arena para hacer llegar a Polon\u00eda\u00a0 y Ucrania toda nuestra ilusi\u00f3n. Durante estos d\u00edas hemos pedido a todos los alumnos\/as, que el\u2026","rel":"","context":"En \u00abEd. F\u00edsica\u00bb","block_context":{"text":"Ed. F\u00edsica","link":"https:\/\/www.ceipmaestrorafaelbravomartin.es\/?cat=28"},"img":{"alt_text":"","src":"","width":0,"height":0},"classes":[]},{"id":1640,"url":"https:\/\/www.ceipmaestrorafaelbravomartin.es\/?p=1640","url_meta":{"origin":257,"position":4},"title":"Ganador del concurso: \u00abUna mascota para la biblioteca\u00bb.","author":"CEIP Maestro Rafael Bravo Mart\u00edn","date":"16 enero, 2017","format":false,"excerpt":"Aqu\u00ed ten\u00e9is el ganador del concurso: \"una mascota para la biblioteca\". Su nombre es Jos\u00e9 Mar\u00eda y es de 4\u00ba A y su dibujo ha sido el ganador, por lo que aparecer\u00e1 en todos los carn\u00e9s de la biblioteca de nuestro colegio. Muchas felicidades y gracias a todos\/as por participar.","rel":"","context":"En \u00abBiblioteca Escolar\u00bb","block_context":{"text":"Biblioteca Escolar","link":"https:\/\/www.ceipmaestrorafaelbravomartin.es\/?cat=4"},"img":{"alt_text":"Carnet biblioteca con logo","src":"https:\/\/i0.wp.com\/www.ceipmaestrorafaelbravomartin.es\/wp-content\/uploads\/2017\/01\/Carnet-biblioteca-con-logo-300x200.jpg?resize=350%2C200","width":350,"height":200},"classes":[]},{"id":3254,"url":"https:\/\/www.ceipmaestrorafaelbravomartin.es\/?p=3254","url_meta":{"origin":257,"position":5},"title":"Premio concurso de relatos","author":"CEIP Maestro Rafael Bravo Mart\u00edn","date":"5 abril, 2022","format":false,"excerpt":"Muchas felicidades a nuestra alumna por conseguir el primer premio en el concurso de literario \"Lo que la historia no nos cont\u00f3\". Muchas felicidades de nuevo y a seguir creando.","rel":"","context":"En \u00abBiblioteca Escolar\u00bb","block_context":{"text":"Biblioteca Escolar","link":"https:\/\/www.ceipmaestrorafaelbravomartin.es\/?cat=4"},"img":{"alt_text":"","src":"https:\/\/i0.wp.com\/www.ceipmaestrorafaelbravomartin.es\/wp-content\/uploads\/2022\/04\/concurso-literario-lo-que-la-historia-nonos-conto-150x150.jpg?resize=350%2C200&ssl=1","width":350,"height":200,"srcset":"https:\/\/i0.wp.com\/www.ceipmaestrorafaelbravomartin.es\/wp-content\/uploads\/2022\/04\/concurso-literario-lo-que-la-historia-nonos-conto-150x150.jpg?resize=350%2C200&ssl=1 1x, https:\/\/i0.wp.com\/www.ceipmaestrorafaelbravomartin.es\/wp-content\/uploads\/2022\/04\/concurso-literario-lo-que-la-historia-nonos-conto-150x150.jpg?resize=525%2C300&ssl=1 1.5x, https:\/\/i0.wp.com\/www.ceipmaestrorafaelbravomartin.es\/wp-content\/uploads\/2022\/04\/concurso-literario-lo-que-la-historia-nonos-conto-150x150.jpg?resize=700%2C400&ssl=1 2x, https:\/\/i0.wp.com\/www.ceipmaestrorafaelbravomartin.es\/wp-content\/uploads\/2022\/04\/concurso-literario-lo-que-la-historia-nonos-conto-150x150.jpg?resize=1050%2C600&ssl=1 3x, https:\/\/i0.wp.com\/www.ceipmaestrorafaelbravomartin.es\/wp-content\/uploads\/2022\/04\/concurso-literario-lo-que-la-historia-nonos-conto-150x150.jpg?resize=1400%2C800&ssl=1 4x"},"classes":[]}],"_links":{"self":[{"href":"https:\/\/www.ceipmaestrorafaelbravomartin.es\/index.php?rest_route=\/wp\/v2\/posts\/257","targetHints":{"allow":["GET"]}}],"collection":[{"href":"https:\/\/www.ceipmaestrorafaelbravomartin.es\/index.php?rest_route=\/wp\/v2\/posts"}],"about":[{"href":"https:\/\/www.ceipmaestrorafaelbravomartin.es\/index.php?rest_route=\/wp\/v2\/types\/post"}],"author":[{"embeddable":true,"href":"https:\/\/www.ceipmaestrorafaelbravomartin.es\/index.php?rest_route=\/wp\/v2\/users\/4"}],"replies":[{"embeddable":true,"href":"https:\/\/www.ceipmaestrorafaelbravomartin.es\/index.php?rest_route=%2Fwp%2Fv2%2Fcomments&post=257"}],"version-history":[{"count":1,"href":"https:\/\/www.ceipmaestrorafaelbravomartin.es\/index.php?rest_route=\/wp\/v2\/posts\/257\/revisions"}],"predecessor-version":[{"id":868,"href":"https:\/\/www.ceipmaestrorafaelbravomartin.es\/index.php?rest_route=\/wp\/v2\/posts\/257\/revisions\/868"}],"wp:attachment":[{"href":"https:\/\/www.ceipmaestrorafaelbravomartin.es\/index.php?rest_route=%2Fwp%2Fv2%2Fmedia&parent=257"}],"wp:term":[{"taxonomy":"category","embeddable":true,"href":"https:\/\/www.ceipmaestrorafaelbravomartin.es\/index.php?rest_route=%2Fwp%2Fv2%2Fcategories&post=257"},{"taxonomy":"post_tag","embeddable":true,"href":"https:\/\/www.ceipmaestrorafaelbravomartin.es\/index.php?rest_route=%2Fwp%2Fv2%2Ftags&post=257"}],"curies":[{"name":"wp","href":"https:\/\/api.w.org\/{rel}","templated":true}]}}