{"id":261,"date":"2012-09-05T08:13:21","date_gmt":"2012-09-05T06:13:21","guid":{"rendered":"http:\/\/blogasuncion.es\/?p=261"},"modified":"2014-10-12T19:49:53","modified_gmt":"2014-10-12T17:49:53","slug":"bienvenida-al-curso-2012-2013","status":"publish","type":"post","link":"https:\/\/www.ceipmaestrorafaelbravomartin.es\/?p=261","title":{"rendered":"BIENVENIDA AL CURSO 2012-2013"},"content":{"rendered":"<p style=\"text-align: center;\"><!--         @page { margin: 2cm }         P { margin-bottom: 0cm; line-height: 150% }         P.western { font-size: 18pt; so-language: es-ES; font-weight: bold }         P.cjk { font-size: 18pt; font-weight: bold }     --> <span style=\"text-decoration: underline;\"><span style=\"font-size: 12pt;\">D\u00cdA DE INICIO DEL CURSO 2012\/13: MARTES, 11 DE SEPTIEMBRE          BIENVENIDA A<\/span><\/span><\/p>\n<p style=\"text-align: center;\">\u00a0<\/p>\n<p style=\"text-align: center;\"><span style=\"text-decoration: underline;\"><span style=\"font-size: 12pt;\"> TODOS\/AS EN EL PATIO INTERIOR  DE ALBERO, A LAS 10:00 H.  A CONTINUACI\u00d3N: <\/span><\/span><\/p>\n<p>\u00a0<\/p>\n<p>\u00a0<\/p>\n<p>\u00a0<\/p>\n<p style=\"text-align: left;\"><span style=\"font-size: 10pt;\">INFANTIL: REUNI\u00d3N DE PADRES\/MADRES SIN NI\u00d1OS\/AS EN SUS CLASES. <\/span><\/p>\n<p style=\"text-align: left;\">\u00a0<\/p>\n<p style=\"text-align: left;\"><span style=\"font-size: 10pt;\">PRIMER CICLO DE PRIMARIA: EN SUS RESPECTIVAS AULAS REUNI\u00d3N DE PADRES\/MADRES Y ALUMNADO. <\/span><\/p>\n<p style=\"text-align: left;\">\u00a0<\/p>\n<p style=\"text-align: left;\"><span style=\"font-size: 10pt;\">SEGUNDO Y TERCER CICLO:  ALUMNADO EN SUS RESPECTIVAS AULAS.<\/span><\/p>\n<p style=\"text-align: left;\">\u00a0<\/p>\n<p style=\"text-align: left;\">\u00a0<\/p>\n<p style=\"text-align: left;\">\u00a0<\/p>\n<p style=\"text-align: left;\"><span style=\"font-size: 10pt;\"> <\/span><\/p>\n<hr \/>\n<p>\u00a0<\/p>\n<p style=\"text-align: left;\">\u00a0<\/p>\n<p><!--         @page { margin: 2cm }         P { margin-bottom: 0.21cm }     --><strong><span style=\"font-size: 12pt;\"> EL AULA MATINAL COMENZAR\u00c1 EL MI\u00c9RCOLES, D\u00cdA 12 DE&nbsp;&nbsp;&nbsp; SEPTIEMBRE, DE 7:30 A 9:00<\/span><\/strong><\/p>\n","protected":false},"excerpt":{"rendered":"<p>D\u00cdA DE INICIO DEL CURSO 2012\/13: MARTES, 11 DE SEPTIEMBRE BIENVENIDA A \u00a0 TODOS\/AS EN EL PATIO INTERIOR DE ALBERO, A LAS 10:00 H. A CONTINUACI\u00d3N: \u00a0 \u00a0 \u00a0 INFANTIL: REUNI\u00d3N DE PADRES\/MADRES SIN NI\u00d1OS\/AS EN SUS CLASES. \u00a0 PRIMER CICLO DE PRIMARIA: EN SUS RESPECTIVAS AULAS REUNI\u00d3N DE PADRES\/MADRES [&hellip;]<\/p>\n","protected":false},"author":4,"featured_media":0,"comment_status":"closed","ping_status":"open","sticky":false,"template":"","format":"standard","meta":{"jetpack_post_was_ever_published":false,"_jetpack_newsletter_access":"","_jetpack_dont_email_post_to_subs":false,"_jetpack_newsletter_tier_id":0,"_jetpack_memberships_contains_paywalled_content":false,"_jetpack_memberships_contains_paid_content":false,"footnotes":""},"categories":[10],"tags":[],"class_list":["post-261","post","type-post","status-publish","format-standard","hentry","category-centro"],"jetpack_featured_media_url":"","jetpack_sharing_enabled":true,"jetpack_shortlink":"https:\/\/wp.me\/p9VlHp-4d","jetpack-related-posts":[{"id":786,"url":"https:\/\/www.ceipmaestrorafaelbravomartin.es\/?p=786","url_meta":{"origin":261,"position":0},"title":"INICIO DEL CURSO 2014\/15","author":"CEIP Maestro Rafael Bravo Mart\u00edn","date":"7 septiembre, 2014","format":false,"excerpt":"INICIO DEL CURSO 2014\/15: BIENVENIDA EL MI\u00c9RCOLES, 10 DE SEPTIEMBRE A LAS 12:30 H. EN EL PATIO \u201cANTONIO MILL\u00c1N RUVIRA\u201d EDUCACI\u00d3N INFANTIL : REUNI\u00d3N DE PADRES\/MADRES SIN NI\u00d1OS-AS EN SUS RESPECTIVAS AULAS 1\u00ba Y 2\u00ba: REUNI\u00d3N DE PADRES\/MADRES CON NI\u00d1OS-AS EN SUS RESPECTIVAS AULAS 3\u00ba, 4\u00ba, 5\u00ba Y 6\u00ba: LOS\/AS\u2026","rel":"","context":"En \u00abEl centro\u00bb","block_context":{"text":"El centro","link":"https:\/\/www.ceipmaestrorafaelbravomartin.es\/?cat=10"},"img":{"alt_text":"","src":"","width":0,"height":0},"classes":[]},{"id":519,"url":"https:\/\/www.ceipmaestrorafaelbravomartin.es\/?p=519","url_meta":{"origin":261,"position":1},"title":"INICIO DEL CURSO 2013\/14","author":"CEIP Maestro Rafael Bravo Mart\u00edn","date":"4 septiembre, 2013","format":false,"excerpt":"INICIO DEL CURSO 2013\/14: BIENVENIDA EL MARTES, 10 DE SEPTIEMBRE A LAS 10:00 H. EN EL PATIO \u201cANTONIO MILL\u00c1N RUVIRA\u201d EDUCACI\u00d3N INFANTIL : REUNI\u00d3N DE PADRES\/MADRES SIN NI\u00d1OS-AS EN SUS RESPECTIVAS AULAS 1\u00ba Y 2\u00ba: REUNI\u00d3N DE PADRES\/MADRES CON NI\u00d1OS-AS EN SUS RESPECTIVAS AULAS 3\u00ba, 4\u00ba, 5\u00ba Y 6\u00ba: LOS\u2026","rel":"","context":"En \u00abEl centro\u00bb","block_context":{"text":"El centro","link":"https:\/\/www.ceipmaestrorafaelbravomartin.es\/?cat=10"},"img":{"alt_text":"","src":"","width":0,"height":0},"classes":[]},{"id":1182,"url":"https:\/\/www.ceipmaestrorafaelbravomartin.es\/?p=1182","url_meta":{"origin":261,"position":2},"title":"Comenzamos el nuevo curso.","author":"CEIP Maestro Rafael Bravo Mart\u00edn","date":"7 septiembre, 2015","format":false,"excerpt":"El pr\u00f3ximo jueves 10 de septiembre, tendr\u00e1 lugar la Presentaci\u00f3n del curso 2015\/2016. La entrada al centro comenzar\u00e1 con una bienvenida en el patio \"Antonio Mill\u00e1n Ruvira\" a las 12:30 horas. Dicho acto ser\u00e1 realizado por la directora, as\u00ed como por la coordinadora de biling\u00fcismo. A continuaci\u00f3n la presentaci\u00f3n por\u2026","rel":"","context":"En \u00abEventos\u00bb","block_context":{"text":"Eventos","link":"https:\/\/www.ceipmaestrorafaelbravomartin.es\/?cat=103"},"img":{"alt_text":"","src":"","width":0,"height":0},"classes":[]},{"id":3472,"url":"https:\/\/www.ceipmaestrorafaelbravomartin.es\/?p=3472","url_meta":{"origin":261,"position":3},"title":"Inicio de curso","author":"CEIP Maestro Rafael Bravo Mart\u00edn","date":"4 septiembre, 2024","format":false,"excerpt":"Estimadas familias, El pr\u00f3ximo martes 10 de septiembre iniciamos el nuevo curso escolar cargado de ilusi\u00f3n y ganas de aprender. La organizaci\u00f3n ser\u00e1 de la siguiente manera:\u25cf De 3 a\u00f1os a 1\u00ba: se realizar\u00e1n reuniones de los padres y madres con los\/las tutores\/as a las horas abajo indicadas.\u25cf De 2\u00ba\u2026","rel":"","context":"En \u00abInformaci\u00f3n\u00bb","block_context":{"text":"Informaci\u00f3n","link":"https:\/\/www.ceipmaestrorafaelbravomartin.es\/?cat=2"},"img":{"alt_text":"","src":"","width":0,"height":0},"classes":[]},{"id":3551,"url":"https:\/\/www.ceipmaestrorafaelbravomartin.es\/?p=3551","url_meta":{"origin":261,"position":4},"title":"Inicio de curso 2025\/2026","author":"CEIP Maestro Rafael Bravo Mart\u00edn","date":"5 septiembre, 2025","format":false,"excerpt":"Estimadas familias, El pr\u00f3ximo mi\u00e9rcoles 10 de septiembre iniciamos el nuevo curso escolar cargado de ilusi\u00f3n y ganas de aprender. La organizaci\u00f3n ser\u00e1 de la siguiente manera:\u25cf De 3 a\u00f1os a 1\u00ba: se realizar\u00e1n reuniones de los padres y madres con los\/las tutores\/as a las horas abajo indicadas.\u25cf De 2\u00ba\u2026","rel":"","context":"En \u00abInformaci\u00f3n\u00bb","block_context":{"text":"Informaci\u00f3n","link":"https:\/\/www.ceipmaestrorafaelbravomartin.es\/?cat=2"},"img":{"alt_text":"","src":"","width":0,"height":0},"classes":[]},{"id":206,"url":"https:\/\/www.ceipmaestrorafaelbravomartin.es\/?p=206","url_meta":{"origin":261,"position":5},"title":"Convocatoria Reuni\u00f3n Informativa a las familias sobre PASEN","author":"CEIP Maestro Rafael Bravo Mart\u00edn","date":"18 noviembre, 2011","format":false,"excerpt":"Se convoca a todos los padres, madres y\/o los tutores legales del alumnado de 4\u00ba, 5\u00ba y 6\u00ba de primaria a la reuni\u00f3n informativa que tendr\u00e1 lugar el pr\u00f3ximo martes d\u00eda 22 de noviembre a las 17 horas en el Sal\u00f3n de Usos M\u00faltiples del Centro. El motivo es dar\u2026","rel":"","context":"En \u00abNoticias TIC\u00bb","block_context":{"text":"Noticias TIC","link":"https:\/\/www.ceipmaestrorafaelbravomartin.es\/?cat=19"},"img":{"alt_text":"","src":"","width":0,"height":0},"classes":[]}],"_links":{"self":[{"href":"https:\/\/www.ceipmaestrorafaelbravomartin.es\/index.php?rest_route=\/wp\/v2\/posts\/261","targetHints":{"allow":["GET"]}}],"collection":[{"href":"https:\/\/www.ceipmaestrorafaelbravomartin.es\/index.php?rest_route=\/wp\/v2\/posts"}],"about":[{"href":"https:\/\/www.ceipmaestrorafaelbravomartin.es\/index.php?rest_route=\/wp\/v2\/types\/post"}],"author":[{"embeddable":true,"href":"https:\/\/www.ceipmaestrorafaelbravomartin.es\/index.php?rest_route=\/wp\/v2\/users\/4"}],"replies":[{"embeddable":true,"href":"https:\/\/www.ceipmaestrorafaelbravomartin.es\/index.php?rest_route=%2Fwp%2Fv2%2Fcomments&post=261"}],"version-history":[{"count":1,"href":"https:\/\/www.ceipmaestrorafaelbravomartin.es\/index.php?rest_route=\/wp\/v2\/posts\/261\/revisions"}],"predecessor-version":[{"id":864,"href":"https:\/\/www.ceipmaestrorafaelbravomartin.es\/index.php?rest_route=\/wp\/v2\/posts\/261\/revisions\/864"}],"wp:attachment":[{"href":"https:\/\/www.ceipmaestrorafaelbravomartin.es\/index.php?rest_route=%2Fwp%2Fv2%2Fmedia&parent=261"}],"wp:term":[{"taxonomy":"category","embeddable":true,"href":"https:\/\/www.ceipmaestrorafaelbravomartin.es\/index.php?rest_route=%2Fwp%2Fv2%2Fcategories&post=261"},{"taxonomy":"post_tag","embeddable":true,"href":"https:\/\/www.ceipmaestrorafaelbravomartin.es\/index.php?rest_route=%2Fwp%2Fv2%2Ftags&post=261"}],"curies":[{"name":"wp","href":"https:\/\/api.w.org\/{rel}","templated":true}]}}