{"id":262,"date":"2012-09-11T14:57:58","date_gmt":"2012-09-11T12:57:58","guid":{"rendered":"http:\/\/blogasuncion.es\/?p=262"},"modified":"2014-10-12T19:49:44","modified_gmt":"2014-10-12T17:49:44","slug":"apertura-del-curso201213","status":"publish","type":"post","link":"https:\/\/www.ceipmaestrorafaelbravomartin.es\/?p=262","title":{"rendered":"APERTURA DEL CURSO 2012\/13"},"content":{"rendered":"<p style=\"text-align: center;\">\u00a0<\/p>\n<p style=\"text-align: center;\"><span style=\"font-size: 12pt;\">La directora en funciones del Centro, da la bienvenida a la Comunidad Escolar.<\/span><\/p>\n<p style=\"text-align: center;\">\u00a0<\/p>\n<p style=\"text-align: center;\">\u00a0<\/p>\n<p><object codebase=\"http:\/\/download.macromedia.com\/pub\/shockwave\/cabs\/flash\/swflash.cab#version=10,0,32,18\" classid=\"clsid:d27cdb6e-ae6d-11cf-96b8-444553540000\" type=\"application\/x-shockwave-flash\" height=\"315\" width=\"560\" style=\"display: block; margin-left: auto; margin-right: auto;\"><param name=\"allowFullScreen\" value=\"true\" \/><param name=\"allowscriptaccess\" value=\"always\" \/><param name=\"src\" value=\"http:\/\/www.youtube.com\/v\/xMawAa9bGSc?version=3&amp;hl=es_ES&amp;rel=0\" \/><\/object><br \/><\/p>\n","protected":false},"excerpt":{"rendered":"<p>\u00a0 La directora en funciones del Centro, da la bienvenida a la Comunidad Escolar. \u00a0 \u00a0<\/p>\n","protected":false},"author":4,"featured_media":0,"comment_status":"closed","ping_status":"open","sticky":false,"template":"","format":"standard","meta":{"jetpack_post_was_ever_published":false,"_jetpack_newsletter_access":"","_jetpack_dont_email_post_to_subs":false,"_jetpack_newsletter_tier_id":0,"_jetpack_memberships_contains_paywalled_content":false,"_jetpack_memberships_contains_paid_content":false,"footnotes":""},"categories":[10],"tags":[],"class_list":["post-262","post","type-post","status-publish","format-standard","hentry","category-centro"],"jetpack_featured_media_url":"","jetpack_sharing_enabled":true,"jetpack_shortlink":"https:\/\/wp.me\/p9VlHp-4e","jetpack-related-posts":[{"id":795,"url":"https:\/\/www.ceipmaestrorafaelbravomartin.es\/?p=795","url_meta":{"origin":262,"position":0},"title":"Apertura del curso escolar 2014-2015","author":"CEIP Maestro Rafael Bravo Mart\u00edn","date":"10 septiembre, 2014","format":false,"excerpt":"Hoy, 10 de septiembre de 2014, el Equipo Directivo junto con el Claustro de profesoras y profesores, ha dado la bienvenida a la Comunidad Educativa (en especial a nuestro alumnado) al nuevo curso escolar.","rel":"","context":"En \u00abEl centro\u00bb","block_context":{"text":"El centro","link":"https:\/\/www.ceipmaestrorafaelbravomartin.es\/?cat=10"},"img":{"alt_text":"","src":"","width":0,"height":0},"classes":[]},{"id":522,"url":"https:\/\/www.ceipmaestrorafaelbravomartin.es\/?p=522","url_meta":{"origin":262,"position":1},"title":"Apertura del curso escolar 2013-2014","author":"CEIP Maestro Rafael Bravo Mart\u00edn","date":"10 septiembre, 2013","format":false,"excerpt":"Hoy, 10 de septiembre de 2013, el Equipo Directivo junto con el Claustro de profesoras y profesores, ha dado la bienvenida a la Comunidad Educativa (en especial a nuestro alumnado) al nuevo curso escolar. Coordinadora TIC","rel":"","context":"En \u00abEl centro\u00bb","block_context":{"text":"El centro","link":"https:\/\/www.ceipmaestrorafaelbravomartin.es\/?cat=10"},"img":{"alt_text":"","src":"","width":0,"height":0},"classes":[]},{"id":1534,"url":"https:\/\/www.ceipmaestrorafaelbravomartin.es\/?p=1534","url_meta":{"origin":262,"position":2},"title":"Inicio de curso 2016\/2017.","author":"CEIP Maestro Rafael Bravo Mart\u00edn","date":"6 septiembre, 2016","format":false,"excerpt":"El pr\u00f3ximo\u00a0martes 13\u00a0de septiembre tendr\u00e1 lugar la presentaci\u00f3n del el curso escolar que ahora comienza. La entrada al centro conmenzar\u00e1 con una bienvenida en el patio \"Antonio Mill\u00e1n Ruvira\" a las 12:30 horas. En dicho acto nos dedicar\u00e1n unas palabras la directora del centro y la coordinadora del proyecto biling\u00fce.\u2026","rel":"","context":"En \u00abEl centro\u00bb","block_context":{"text":"El centro","link":"https:\/\/www.ceipmaestrorafaelbravomartin.es\/?cat=10"},"img":{"alt_text":"","src":"","width":0,"height":0},"classes":[]},{"id":580,"url":"https:\/\/www.ceipmaestrorafaelbravomartin.es\/?p=580","url_meta":{"origin":262,"position":3},"title":"Nueva denominaci\u00f3n CEIP Maestro Rafael Bravo Mart\u00edn","author":"CEIP Maestro Rafael Bravo Mart\u00edn","date":"10 octubre, 2013","format":false,"excerpt":"El d\u00eda 29 de enero de 2013, en sesi\u00f3n extraordinaria de Consejo Escolar celebrada tras el fallecimiento de Don Rafael Bravo Mart\u00edn, se aprob\u00f3 por unanimidad solicitar al Excelent\u00edsimo Ayuntamiento de Alcal\u00e1 del R\u00edo que el CEIP Ntra Sra de la Asunci\u00f3n pasara a llamarse CEIP Maestro Rafael Bravo Mart\u00edn\u2026","rel":"","context":"En \u00abHistoria\u00bb","block_context":{"text":"Historia","link":"https:\/\/www.ceipmaestrorafaelbravomartin.es\/?cat=43"},"img":{"alt_text":"","src":"","width":0,"height":0},"classes":[]},{"id":20,"url":"https:\/\/www.ceipmaestrorafaelbravomartin.es\/?p=20","url_meta":{"origin":262,"position":4},"title":"Presentaci\u00f3n del curso 2010\/11","author":"CEIP Maestro Rafael Bravo Mart\u00edn","date":"13 septiembre, 2010","format":false,"excerpt":"En el d\u00eda de hoy, viernes 10 de septiembre de 2010, ha tenido lugar en nuestro Centro la \u00a0presentaci\u00f3n oficial de curso 2010\/11. El equipo directivo, encabezado por el Director del Centro D\u00ba. \u00a0Rafael Bravo Mart\u00edn, se dirigi\u00f3 a todos los asistentes al evento y explic\u00f3 algunas de las novedades\u2026","rel":"","context":"En \u00abPlanes y programas\u00bb","block_context":{"text":"Planes y programas","link":"https:\/\/www.ceipmaestrorafaelbravomartin.es\/?cat=9"},"img":{"alt_text":"","src":"","width":0,"height":0},"classes":[]},{"id":136,"url":"https:\/\/www.ceipmaestrorafaelbravomartin.es\/?p=136","url_meta":{"origin":262,"position":5},"title":"Convocator\u00eda de Reuni\u00f3n Informativa a las familias sobre PASEN","author":"CEIP Maestro Rafael Bravo Mart\u00edn","date":"24 enero, 2011","format":false,"excerpt":"Se convoca a los tutores legales del alumnado del Centro a la reuni\u00f3n informativa que tendr\u00e1 lugar el pr\u00f3ximo martes d\u00eda 1 de febrero en el Sal\u00f3n de Usos M\u00faltiples del Centro. El motivo es dar a conocer la plataforma educativa PASEN que durante el presente curso escolar vamos a\u2026","rel":"","context":"En \u00abNoticias TIC\u00bb","block_context":{"text":"Noticias TIC","link":"https:\/\/www.ceipmaestrorafaelbravomartin.es\/?cat=19"},"img":{"alt_text":"","src":"","width":0,"height":0},"classes":[]}],"_links":{"self":[{"href":"https:\/\/www.ceipmaestrorafaelbravomartin.es\/index.php?rest_route=\/wp\/v2\/posts\/262","targetHints":{"allow":["GET"]}}],"collection":[{"href":"https:\/\/www.ceipmaestrorafaelbravomartin.es\/index.php?rest_route=\/wp\/v2\/posts"}],"about":[{"href":"https:\/\/www.ceipmaestrorafaelbravomartin.es\/index.php?rest_route=\/wp\/v2\/types\/post"}],"author":[{"embeddable":true,"href":"https:\/\/www.ceipmaestrorafaelbravomartin.es\/index.php?rest_route=\/wp\/v2\/users\/4"}],"replies":[{"embeddable":true,"href":"https:\/\/www.ceipmaestrorafaelbravomartin.es\/index.php?rest_route=%2Fwp%2Fv2%2Fcomments&post=262"}],"version-history":[{"count":1,"href":"https:\/\/www.ceipmaestrorafaelbravomartin.es\/index.php?rest_route=\/wp\/v2\/posts\/262\/revisions"}],"predecessor-version":[{"id":863,"href":"https:\/\/www.ceipmaestrorafaelbravomartin.es\/index.php?rest_route=\/wp\/v2\/posts\/262\/revisions\/863"}],"wp:attachment":[{"href":"https:\/\/www.ceipmaestrorafaelbravomartin.es\/index.php?rest_route=%2Fwp%2Fv2%2Fmedia&parent=262"}],"wp:term":[{"taxonomy":"category","embeddable":true,"href":"https:\/\/www.ceipmaestrorafaelbravomartin.es\/index.php?rest_route=%2Fwp%2Fv2%2Fcategories&post=262"},{"taxonomy":"post_tag","embeddable":true,"href":"https:\/\/www.ceipmaestrorafaelbravomartin.es\/index.php?rest_route=%2Fwp%2Fv2%2Ftags&post=262"}],"curies":[{"name":"wp","href":"https:\/\/api.w.org\/{rel}","templated":true}]}}