{"id":263,"date":"2012-09-28T17:52:02","date_gmt":"2012-09-28T15:52:02","guid":{"rendered":"http:\/\/blogasuncion.es\/?p=263"},"modified":"2013-07-05T12:54:33","modified_gmt":"2013-07-05T10:54:33","slug":"reunion-profesoradofamilias","status":"publish","type":"post","link":"https:\/\/www.ceipmaestrorafaelbravomartin.es\/?p=263","title":{"rendered":"REUNI\u00d3N PROFESORADO\/FAMILIAS"},"content":{"rendered":"<p><strong>El pr\u00f3ximo martes 2 de octubre de 2012, se llevar\u00e1 a cabo la reuni\u00f3n preceptiva de principio de curso con los\/as tutores\/as legales de los siguientes grupos:<\/strong><\/p>\n<p>\u00a0<\/p>\n<p><span style=\"font-size: 10pt;\"><strong>&#8211; 1\u00ba A: Carolina Alanis Fern\u00e1ndez-Marcote.<\/strong><\/span><\/p>\n<p><span style=\"font-size: 10pt;\"><strong>&#8211; 1\u00ba B: M\u00aa&nbsp; Isabel Mocoso Arrabal.<\/strong><\/span><\/p>\n<p><span style=\"font-size: 10pt;\"><strong>&#8211; 2\u00ba A: Antonia Guardiola Arteaga.<\/strong><\/span><\/p>\n<p><span style=\"font-size: 10pt;\"><strong>&#8211; 2\u00ba B: Jos\u00e9 Palma Casares.<\/strong><\/span><\/p>\n<p><span style=\"font-size: 10pt;\"><strong>&#8211; 3\u00ba B: Noelia Carrasco Alvarado.<\/strong><\/span><\/p>\n<p><span style=\"font-size: 10pt;\"><strong>&#8211; 5\u00ba A: Vicente Garc\u00eda Alexandre.<\/strong><\/span><\/p>\n<p><span style=\"font-size: 10pt;\"><strong>&#8211; 5\u00ba B: Aurora Mart\u00edn \u00c1lvarez.<\/strong><\/span><\/p>\n<p>\u00a0<\/p>\n<p><strong>Dichas reuniones se llevar\u00e1n a cabo en las respectivas aulas a las 17:00 h.<\/strong><\/p>\n","protected":false},"excerpt":{"rendered":"<p>El pr\u00f3ximo martes 2 de octubre de 2012, se llevar\u00e1 a cabo la reuni\u00f3n preceptiva de principio de curso con los\/as tutores\/as legales de los siguientes grupos: \u00a0 &#8211; 1\u00ba A: Carolina Alanis Fern\u00e1ndez-Marcote. &#8211; 1\u00ba B: M\u00aa&nbsp; Isabel Mocoso Arrabal. &#8211; 2\u00ba A: Antonia Guardiola Arteaga. &#8211; 2\u00ba B: [&hellip;]<\/p>\n","protected":false},"author":4,"featured_media":0,"comment_status":"closed","ping_status":"open","sticky":false,"template":"","format":"standard","meta":{"jetpack_post_was_ever_published":false,"_jetpack_newsletter_access":"","_jetpack_dont_email_post_to_subs":false,"_jetpack_newsletter_tier_id":0,"_jetpack_memberships_contains_paywalled_content":false,"_jetpack_memberships_contains_paid_content":false,"footnotes":""},"categories":[10],"tags":[],"class_list":["post-263","post","type-post","status-publish","format-standard","hentry","category-centro"],"jetpack_featured_media_url":"","jetpack_sharing_enabled":true,"jetpack_shortlink":"https:\/\/wp.me\/p9VlHp-4f","jetpack-related-posts":[{"id":298,"url":"https:\/\/www.ceipmaestrorafaelbravomartin.es\/?p=298","url_meta":{"origin":263,"position":0},"title":"Exposiciones","author":"CEIP Maestro Rafael Bravo Mart\u00edn","date":"14 febrero, 2013","format":false,"excerpt":"Hace unos d\u00edas los pasillos de nuestro colegio se vieron adornados por dos exposiciones: Una de CIRCUITOS EL\u00c9CTRICOS realizada por el alumnado de 6\u00ba B, y la otra del ESPACIO llevada a cabo por las clases de cuatro y cinco a\u00f1os de Infantil. Os dejamos a continuaci\u00f3n dos collages que\u2026","rel":"","context":"En \u00abEl centro\u00bb","block_context":{"text":"El centro","link":"https:\/\/www.ceipmaestrorafaelbravomartin.es\/?cat=10"},"img":{"alt_text":"","src":"","width":0,"height":0},"classes":[]},{"id":2761,"url":"https:\/\/www.ceipmaestrorafaelbravomartin.es\/?p=2761","url_meta":{"origin":263,"position":1},"title":"Recogida de libros de texto","author":"CEIP Maestro Rafael Bravo Mart\u00edn","date":"18 junio, 2020","format":false,"excerpt":"Estimadas familias. Siguiendo las instrucciones de la Delegaci\u00f3n de educaci\u00f3n de Sevilla, se llevar\u00e1 a cabo la recogida de todos los libros de texto. Esta recogida es para todo el alumnado desde 3\u00ba de primaria a 6\u00ba. Se han establecido los siguientes turnos para la entrega: \u25aa Viernes 19 \u2022\u2026","rel":"","context":"En \u00abInformaci\u00f3n\u00bb","block_context":{"text":"Informaci\u00f3n","link":"https:\/\/www.ceipmaestrorafaelbravomartin.es\/?cat=20"},"img":{"alt_text":"","src":"","width":0,"height":0},"classes":[]},{"id":208,"url":"https:\/\/www.ceipmaestrorafaelbravomartin.es\/?p=208","url_meta":{"origin":263,"position":2},"title":"25 de noviembre: D\u00eda internacional contra la violencia de g\u00e9nero.","author":"CEIP Maestro Rafael Bravo Mart\u00edn","date":"25 noviembre, 2011","format":false,"excerpt":"El viernes 25 de noviembre se celebr\u00f3 el D\u00cdA INTERNACIONAL PARA LA ELIMINACI\u00d3N DE LA VIOLENCIA CONTRA LA MUJER. Durante esa semana los alumnos\/as han realizado actividades para tomar conciencia de la igualdad entre mujeres y hombres, ni\u00f1as y ni\u00f1os. Aqu\u00ed os dejamos algunas de las muchas que se llevaron\u2026","rel":"","context":"En \u00abCurso 2011\/12\u00bb","block_context":{"text":"Curso 2011\/12","link":"https:\/\/www.ceipmaestrorafaelbravomartin.es\/?cat=45"},"img":{"alt_text":"","src":"","width":0,"height":0},"classes":[]},{"id":3491,"url":"https:\/\/www.ceipmaestrorafaelbravomartin.es\/?p=3491","url_meta":{"origin":263,"position":3},"title":"Reuniones pedag\u00f3gicas iniciales","author":"CEIP Maestro Rafael Bravo Mart\u00edn","date":"1 octubre, 2024","format":false,"excerpt":"Estimadas familias, El pr\u00f3ximo martes 15 de octubre tendremos la reuni\u00f3n pedag\u00f3gica inicial con las familias, a la que nos complace invitaros. La reuniones se llevar\u00e1n a cabo en la clase de su hijo\/a con el siguiente horario: 6\u00ba de Primaria: 16:00 5\u00ba de Primaria: 16:15 4\u00ba de Primaria: 16:30\u2026","rel":"","context":"En \u00abInformaci\u00f3n\u00bb","block_context":{"text":"Informaci\u00f3n","link":"https:\/\/www.ceipmaestrorafaelbravomartin.es\/?cat=20"},"img":{"alt_text":"","src":"","width":0,"height":0},"classes":[]},{"id":82,"url":"https:\/\/www.ceipmaestrorafaelbravomartin.es\/?p=82","url_meta":{"origin":263,"position":4},"title":"Reuni\u00f3n con las familias en Ed. Infantil","author":"CEIP Maestro Rafael Bravo Mart\u00edn","date":"29 noviembre, 2009","format":false,"excerpt":"El 26 de octubre del 2010 se llev\u00f3 a cabo la reuni\u00f3n con las \u00a0 familias del alumnado de Educaci\u00f3n Infantil. En ella se trataron entre otros los siguientes puntos:","rel":"","context":"En \u00abEducaci\u00f3n Infantil\u00bb","block_context":{"text":"Educaci\u00f3n Infantil","link":"https:\/\/www.ceipmaestrorafaelbravomartin.es\/?cat=26"},"img":{"alt_text":"*","src":"file:\/\/\/C:\/DOCUME~1\/ANGELO~1\/CONFIG~1\/Temp\/msohtml1\/01\/clip_image001.gif","width":350,"height":200},"classes":[]},{"id":1182,"url":"https:\/\/www.ceipmaestrorafaelbravomartin.es\/?p=1182","url_meta":{"origin":263,"position":5},"title":"Comenzamos el nuevo curso.","author":"CEIP Maestro Rafael Bravo Mart\u00edn","date":"7 septiembre, 2015","format":false,"excerpt":"El pr\u00f3ximo jueves 10 de septiembre, tendr\u00e1 lugar la Presentaci\u00f3n del curso 2015\/2016. La entrada al centro comenzar\u00e1 con una bienvenida en el patio \"Antonio Mill\u00e1n Ruvira\" a las 12:30 horas. Dicho acto ser\u00e1 realizado por la directora, as\u00ed como por la coordinadora de biling\u00fcismo. A continuaci\u00f3n la presentaci\u00f3n por\u2026","rel":"","context":"En \u00abEventos\u00bb","block_context":{"text":"Eventos","link":"https:\/\/www.ceipmaestrorafaelbravomartin.es\/?cat=103"},"img":{"alt_text":"","src":"","width":0,"height":0},"classes":[]}],"_links":{"self":[{"href":"https:\/\/www.ceipmaestrorafaelbravomartin.es\/index.php?rest_route=\/wp\/v2\/posts\/263","targetHints":{"allow":["GET"]}}],"collection":[{"href":"https:\/\/www.ceipmaestrorafaelbravomartin.es\/index.php?rest_route=\/wp\/v2\/posts"}],"about":[{"href":"https:\/\/www.ceipmaestrorafaelbravomartin.es\/index.php?rest_route=\/wp\/v2\/types\/post"}],"author":[{"embeddable":true,"href":"https:\/\/www.ceipmaestrorafaelbravomartin.es\/index.php?rest_route=\/wp\/v2\/users\/4"}],"replies":[{"embeddable":true,"href":"https:\/\/www.ceipmaestrorafaelbravomartin.es\/index.php?rest_route=%2Fwp%2Fv2%2Fcomments&post=263"}],"version-history":[{"count":1,"href":"https:\/\/www.ceipmaestrorafaelbravomartin.es\/index.php?rest_route=\/wp\/v2\/posts\/263\/revisions"}],"predecessor-version":[{"id":413,"href":"https:\/\/www.ceipmaestrorafaelbravomartin.es\/index.php?rest_route=\/wp\/v2\/posts\/263\/revisions\/413"}],"wp:attachment":[{"href":"https:\/\/www.ceipmaestrorafaelbravomartin.es\/index.php?rest_route=%2Fwp%2Fv2%2Fmedia&parent=263"}],"wp:term":[{"taxonomy":"category","embeddable":true,"href":"https:\/\/www.ceipmaestrorafaelbravomartin.es\/index.php?rest_route=%2Fwp%2Fv2%2Fcategories&post=263"},{"taxonomy":"post_tag","embeddable":true,"href":"https:\/\/www.ceipmaestrorafaelbravomartin.es\/index.php?rest_route=%2Fwp%2Fv2%2Ftags&post=263"}],"curies":[{"name":"wp","href":"https:\/\/api.w.org\/{rel}","templated":true}]}}