{"id":270,"date":"2012-10-12T12:43:13","date_gmt":"2012-10-12T10:43:13","guid":{"rendered":"http:\/\/blogasuncion.es\/?p=270"},"modified":"2014-10-12T19:49:20","modified_gmt":"2014-10-12T17:49:20","slug":"ntra-sra-de-la-asuncion-de-rosa","status":"publish","type":"post","link":"https:\/\/www.ceipmaestrorafaelbravomartin.es\/?p=270","title":{"rendered":"Ntra. Sra. de la Asunci\u00f3n DE ROSA"},"content":{"rendered":"<p>Nosotras y nosotros, no pudimos te\u00f1ir nuestro Cole de rosa como el <a href=\"https:\/\/encrypted-tbn0.gstatic.com\/images?q=tbn:ANd9GcTptALdgxkYn_Cz42t1iAJJJn_2PwrEB5typTRBO2448CKZmBAD\">Santiago Bernabeu<\/a>, <a href=\"http:\/\/blogasuncion.es\/wp-content\/uploads\/2012\/10\/image-2-for-world-in-pictures-october-11-2012-gallery-77588212.jpg\">El London Eye en Londres<\/a>, o las <a href=\"http:\/\/blogasuncion.es\/wp-content\/uploads\/2012\/10\/niagara-falls_night.gif\">Cataratas del Ni\u00e1gara<\/a>, pero casi lo envolvimos con nuestros folios coloreados y personalizados, para mostrar nuestro apoyo a todas <a href=\"http:\/\/www.un.org\/es\/events\/girlchild\/\">LAS NI\u00d1AS<\/a>, que s\u00f3lo por el hecho de serlo, son <a href=\"http:\/\/www.un.org\/es\/events\/girlchild\/\">MAL TRATADAS<\/a>.<\/p>\n<p style=\"text-align: center;\">\u00a0<\/p>\n<p><object codebase=\"http:\/\/download.macromedia.com\/pub\/shockwave\/cabs\/flash\/swflash.cab#version=10,0,32,18\" classid=\"clsid:d27cdb6e-ae6d-11cf-96b8-444553540000\" type=\"application\/x-shockwave-flash\" height=\"360\" width=\"480\" style=\"display: block; margin-left: auto; margin-right: auto;\"><param name=\"wmode\" value=\"transparent\" \/><param name=\"allowFullScreen\" value=\"true\" \/><param name=\"src\" value=\"http:\/\/pf.kizoa.com\/sflite.swf?did=3349406&amp;k=P133784418&amp;hk=1\" \/><\/object><br \/>\nLos entrecomillados en las im\u00e1genes son un reconocimiento a Luc\u00eda  Franco, antigua alumna de nuestro Centro, y han sido seleccionados de  los comentarios con los que ella ha contribuido en todas y cada una de  las fotograf\u00edas que la ONG PLAN ofrece para colaborar con su proyecto de  ayuda a Camer\u00fan.<\/p>\n","protected":false},"excerpt":{"rendered":"<p>Nosotras y nosotros, no pudimos te\u00f1ir nuestro Cole de rosa como el Santiago Bernabeu, El London Eye en Londres, o las Cataratas del Ni\u00e1gara, pero casi lo envolvimos con nuestros folios coloreados y personalizados, para mostrar nuestro apoyo a todas LAS NI\u00d1AS, que s\u00f3lo por el hecho de serlo, son [&hellip;]<\/p>\n","protected":false},"author":4,"featured_media":268,"comment_status":"closed","ping_status":"closed","sticky":false,"template":"","format":"standard","meta":{"jetpack_post_was_ever_published":false,"_jetpack_newsletter_access":"","_jetpack_dont_email_post_to_subs":false,"_jetpack_newsletter_tier_id":0,"_jetpack_memberships_contains_paywalled_content":false,"_jetpack_memberships_contains_paid_content":false,"footnotes":""},"categories":[10],"tags":[],"class_list":["post-270","post","type-post","status-publish","format-standard","has-post-thumbnail","hentry","category-centro"],"jetpack_featured_media_url":"https:\/\/www.ceipmaestrorafaelbravomartin.es\/wp-content\/uploads\/2012\/10\/image-2-for-world-in-pictures-october-11-2012-gallery-77588212.jpg","jetpack_sharing_enabled":true,"jetpack_shortlink":"https:\/\/wp.me\/p9VlHp-4m","jetpack-related-posts":[{"id":148,"url":"https:\/\/www.ceipmaestrorafaelbravomartin.es\/?p=148","url_meta":{"origin":270,"position":0},"title":"Semana Cultural: Nuestro Centro. Ayer y Hoy","author":"CEIP Maestro Rafael Bravo Mart\u00edn","date":"10 marzo, 2011","format":false,"excerpt":"Lema: Nuestro Centro. Ayer y Hoy. \u00a0 Durante la semana del 21 al 25 de marzo y durante un tiempo, cada curso con su tutor-a realizar\u00e1 una actividad relacionada con le lema de nuestra semana cultural.\u00a0 \u00a0 Actividades: - Limpieza del centro. - Decoraci\u00f3n del centro. - Conocimiento del centro.\u2026","rel":"","context":"En \u00abActividades extraescolares\u00bb","block_context":{"text":"Actividades extraescolares","link":"https:\/\/www.ceipmaestrorafaelbravomartin.es\/?cat=14"},"img":{"alt_text":"","src":"","width":0,"height":0},"classes":[]},{"id":1140,"url":"https:\/\/www.ceipmaestrorafaelbravomartin.es\/?p=1140","url_meta":{"origin":270,"position":1},"title":"D\u00eda Mundial del Medio Ambiente","author":"CEIP Maestro Rafael Bravo Mart\u00edn","date":"5 junio, 2015","format":false,"excerpt":"\u201cEste a\u00f1o de transformaciones, esperamos ver grandes avances en lo que respecta al desarrollo sostenible y el cambio clim\u00e1tico, celebremos el D\u00eda Mundial del Medio Ambiente siendo m\u00e1s conscientes de nuestro impacto ecol\u00f3gico. Pensemos en las consecuencias que tienen para el medio ambiente las elecciones que hacemos. Seamos mejores custodios\u2026","rel":"","context":"En \u00abEl centro\u00bb","block_context":{"text":"El centro","link":"https:\/\/www.ceipmaestrorafaelbravomartin.es\/?cat=10"},"img":{"alt_text":"WED-2015","src":"https:\/\/i0.wp.com\/blogasuncion.es\/wp-content\/uploads\/2015\/06\/WED-2015.jpg?resize=350%2C200","width":350,"height":200},"classes":[]},{"id":50,"url":"https:\/\/www.ceipmaestrorafaelbravomartin.es\/?p=50","url_meta":{"origin":270,"position":2},"title":"MAESTR@S DE MAESTR@S","author":"CEIP Maestro Rafael Bravo Mart\u00edn","date":"22 octubre, 2010","format":false,"excerpt":"Ampliar \u00a0 \u00a0 Tenemos una deuda pendiente con algun@s compa\u00f1er@s, deuda que queremos saldar con este peque\u00f1o (aunque sentido) homenaje,","rel":"","context":"En \u00abDedicatorias\u00bb","block_context":{"text":"Dedicatorias","link":"https:\/\/www.ceipmaestrorafaelbravomartin.es\/?cat=24"},"img":{"alt_text":"compa\u00f1eros","src":"https:\/\/i0.wp.com\/www.ceipmaestrorafaelbravomartin.es\/wp-content\/uploads\/2010\/10\/composicion.jpg?resize=350%2C200&ssl=1","width":350,"height":200,"srcset":"https:\/\/i0.wp.com\/www.ceipmaestrorafaelbravomartin.es\/wp-content\/uploads\/2010\/10\/composicion.jpg?resize=350%2C200&ssl=1 1x, https:\/\/i0.wp.com\/www.ceipmaestrorafaelbravomartin.es\/wp-content\/uploads\/2010\/10\/composicion.jpg?resize=525%2C300&ssl=1 1.5x, https:\/\/i0.wp.com\/www.ceipmaestrorafaelbravomartin.es\/wp-content\/uploads\/2010\/10\/composicion.jpg?resize=700%2C400&ssl=1 2x, https:\/\/i0.wp.com\/www.ceipmaestrorafaelbravomartin.es\/wp-content\/uploads\/2010\/10\/composicion.jpg?resize=1050%2C600&ssl=1 3x"},"classes":[]},{"id":709,"url":"https:\/\/www.ceipmaestrorafaelbravomartin.es\/?p=709","url_meta":{"origin":270,"position":3},"title":"Informativo febrero &#8211; marzo","author":"CEIP Maestro Rafael Bravo Mart\u00edn","date":"29 marzo, 2014","format":false,"excerpt":"Como colof\u00f3n a las Jornadas Culturales de 2014, ofrecemos el informativo de nuestro CANAL 6\u00baB TV, en el que recogemos los diferentes eventos que se han ido produciendo durante los meses de febrero y marzo en nuestro centro. Destacamos el esfuerzo de todo el alumnado participante y, especialmente el de\u2026","rel":"","context":"En \u00abInformaci\u00f3n\u00bb","block_context":{"text":"Informaci\u00f3n","link":"https:\/\/www.ceipmaestrorafaelbravomartin.es\/?cat=2"},"img":{"alt_text":"","src":"","width":0,"height":0},"classes":[]},{"id":68,"url":"https:\/\/www.ceipmaestrorafaelbravomartin.es\/?p=68","url_meta":{"origin":270,"position":4},"title":"Bob esponja y sus amigos y amigas","author":"CEIP Maestro Rafael Bravo Mart\u00edn","date":"26 octubre, 2010","format":false,"excerpt":"\u00a0\u00a0 Para los y las peques\u00a0Ya desde el curso pasado, las peripecias y aventuras de nuestro bob esponja, patricio, arenita, calamardo, el se\u00f1or cangrejo, plancton y demas personajes de este orignal serie entusuasma a ni\u00f1os y ni\u00f1as de nuestro colegio,Podemos destacar el alto grado de valores presentes en la serie,\u2026","rel":"","context":"En \u00abRecomendaciones\u00bb","block_context":{"text":"Recomendaciones","link":"https:\/\/www.ceipmaestrorafaelbravomartin.es\/?cat=22"},"img":{"alt_text":"","src":"https:\/\/i0.wp.com\/blogasuncion.es\/wp-content\/uploads\/2010\/10\/bob.jpg?resize=350%2C200","width":350,"height":200},"classes":[]},{"id":198,"url":"https:\/\/www.ceipmaestrorafaelbravomartin.es\/?p=198","url_meta":{"origin":270,"position":5},"title":"Informaci\u00f3n Plan biling\u00fce curso 2011\/12","author":"CEIP Maestro Rafael Bravo Mart\u00edn","date":"4 noviembre, 2011","format":false,"excerpt":"PRESENTACI\u00d3N Atendiendo a las caracter\u00edsticas de nuestro Centro, de los recursos con los que contamos tanto personales como materiales, as\u00ed como de las caracter\u00edsticas propias de nuestro alumnado; procedemos a dar respuesta a la formaci\u00f3n que se requiere para la inclusi\u00f3n de los ni\u00f1os y las ni\u00f1as de nuestro colegio\u2026","rel":"","context":"En \u00abPlanes y programas\u00bb","block_context":{"text":"Planes y programas","link":"https:\/\/www.ceipmaestrorafaelbravomartin.es\/?cat=23"},"img":{"alt_text":"","src":"","width":0,"height":0},"classes":[]}],"_links":{"self":[{"href":"https:\/\/www.ceipmaestrorafaelbravomartin.es\/index.php?rest_route=\/wp\/v2\/posts\/270","targetHints":{"allow":["GET"]}}],"collection":[{"href":"https:\/\/www.ceipmaestrorafaelbravomartin.es\/index.php?rest_route=\/wp\/v2\/posts"}],"about":[{"href":"https:\/\/www.ceipmaestrorafaelbravomartin.es\/index.php?rest_route=\/wp\/v2\/types\/post"}],"author":[{"embeddable":true,"href":"https:\/\/www.ceipmaestrorafaelbravomartin.es\/index.php?rest_route=\/wp\/v2\/users\/4"}],"replies":[{"embeddable":true,"href":"https:\/\/www.ceipmaestrorafaelbravomartin.es\/index.php?rest_route=%2Fwp%2Fv2%2Fcomments&post=270"}],"version-history":[{"count":1,"href":"https:\/\/www.ceipmaestrorafaelbravomartin.es\/index.php?rest_route=\/wp\/v2\/posts\/270\/revisions"}],"predecessor-version":[{"id":861,"href":"https:\/\/www.ceipmaestrorafaelbravomartin.es\/index.php?rest_route=\/wp\/v2\/posts\/270\/revisions\/861"}],"wp:featuredmedia":[{"embeddable":true,"href":"https:\/\/www.ceipmaestrorafaelbravomartin.es\/index.php?rest_route=\/wp\/v2\/media\/268"}],"wp:attachment":[{"href":"https:\/\/www.ceipmaestrorafaelbravomartin.es\/index.php?rest_route=%2Fwp%2Fv2%2Fmedia&parent=270"}],"wp:term":[{"taxonomy":"category","embeddable":true,"href":"https:\/\/www.ceipmaestrorafaelbravomartin.es\/index.php?rest_route=%2Fwp%2Fv2%2Fcategories&post=270"},{"taxonomy":"post_tag","embeddable":true,"href":"https:\/\/www.ceipmaestrorafaelbravomartin.es\/index.php?rest_route=%2Fwp%2Fv2%2Ftags&post=270"}],"curies":[{"name":"wp","href":"https:\/\/api.w.org\/{rel}","templated":true}]}}