{"id":2705,"date":"2020-05-28T11:07:07","date_gmt":"2020-05-28T09:07:07","guid":{"rendered":"http:\/\/www.ceipmaestrorafaelbravomartin.es\/?p=2705"},"modified":"2020-10-28T11:27:14","modified_gmt":"2020-10-28T10:27:14","slug":"tutorial-de-matriculacion","status":"publish","type":"post","link":"https:\/\/www.ceipmaestrorafaelbravomartin.es\/?p=2705","title":{"rendered":"Tutorial de matriculaci\u00f3n"},"content":{"rendered":"\n<p>El periodo de <strong>matriculaci\u00f3n<\/strong> (del alumnado que ya pertenece al centro escolar) se abrir\u00e1 del <strong>2 al 8 de junio<\/strong>. La matriculaci\u00f3n ha de hacerse online, debido al periodo tan excepcional en el que nos encontramos, para facilitar este proceso os dejamos un tutorial paso a paso de como realizar dicha matriculaci\u00f3n.<\/p>\n\n\n\n<figure class=\"wp-block-embed-youtube wp-block-embed is-type-video is-provider-youtube wp-embed-aspect-16-9 wp-has-aspect-ratio\"><div class=\"wp-block-embed__wrapper\">\n<span class=\"embed-youtube\" style=\"text-align:center; display: block;\"><iframe loading=\"lazy\" class=\"youtube-player\" width=\"750\" height=\"422\" src=\"https:\/\/www.youtube.com\/embed\/7D1QzGex7SQ?version=3&#038;rel=1&#038;showsearch=0&#038;showinfo=1&#038;iv_load_policy=1&#038;fs=1&#038;hl=es-ES&#038;autohide=2&#038;wmode=transparent\" allowfullscreen=\"true\" style=\"border:0;\" sandbox=\"allow-scripts allow-same-origin allow-popups allow-presentation allow-popups-to-escape-sandbox\"><\/iframe><\/span>\n<\/div><\/figure>\n\n\n\n<p>Para cualquier duda contactar con el centro.<\/p>\n","protected":false},"excerpt":{"rendered":"<p>El periodo de matriculaci\u00f3n (del alumnado que ya pertenece al centro escolar) se abrir\u00e1 del 2 al 8 de junio. La matriculaci\u00f3n ha de hacerse online, debido al periodo tan excepcional en el que nos encontramos, para facilitar este proceso os dejamos un tutorial paso a paso de como realizar [&hellip;]<\/p>\n","protected":false},"author":6,"featured_media":0,"comment_status":"closed","ping_status":"closed","sticky":false,"template":"","format":"standard","meta":{"jetpack_post_was_ever_published":false,"_jetpack_newsletter_access":"","_jetpack_dont_email_post_to_subs":false,"_jetpack_newsletter_tier_id":0,"_jetpack_memberships_contains_paywalled_content":false,"_jetpack_memberships_contains_paid_content":false,"footnotes":""},"categories":[20],"tags":[],"class_list":["post-2705","post","type-post","status-publish","format-standard","hentry","category-info-biblioteca"],"jetpack_featured_media_url":"","jetpack_sharing_enabled":true,"jetpack_shortlink":"https:\/\/wp.me\/p9VlHp-HD","jetpack-related-posts":[{"id":1825,"url":"https:\/\/www.ceipmaestrorafaelbravomartin.es\/?p=1825","url_meta":{"origin":2705,"position":0},"title":"Admisi\u00f3n y Matriculaci\u00f3n curso 2018\/2019","author":"CEIP Maestro Rafael Bravo Mart\u00edn","date":"1 marzo, 2018","format":false,"excerpt":"Durante todo el mes de marzo queda abierto el per\u00edodo de solicitud de matriculaci\u00f3n en el Centro. Toda la informaci\u00f3n y listas correspondientes se ir\u00e1n exponiendo en el tabl\u00f3n informativo del Colegio, siguiendo el calendario previsto para el procedimiento de admisi\u00f3n y matriculaci\u00f3n para el curso 2018\/2019. Muchas gracias por\u2026","rel":"","context":"En \u00abSin categor\u00eda\u00bb","block_context":{"text":"Sin categor\u00eda","link":"https:\/\/www.ceipmaestrorafaelbravomartin.es\/?cat=1"},"img":{"alt_text":"","src":"","width":0,"height":0},"classes":[]},{"id":11,"url":"https:\/\/www.ceipmaestrorafaelbravomartin.es\/?p=11","url_meta":{"origin":2705,"position":1},"title":"Matriculaci\u00f3n Curso 2012-2013","author":"CEIP Maestro Rafael Bravo Mart\u00edn","date":"13 octubre, 2010","format":false,"excerpt":"Se comunica que est\u00e1 abierto el plazo de matriculaci\u00f3n para el pr\u00f3ximo curso 2012-13. Podr\u00e1n presentar el impreso de solicitud, que les ser\u00e1 facilitado en la Secretar\u00eda del Centro, en horario de 9 a 11 horas. Adem\u00e1s deber\u00e1n aportar fotocopia de la hoja del Libro de Familia donde est\u00e1 inscrito\u2026","rel":"","context":"En \u00abEl centro\u00bb","block_context":{"text":"El centro","link":"https:\/\/www.ceipmaestrorafaelbravomartin.es\/?cat=10"},"img":{"alt_text":"","src":"","width":0,"height":0},"classes":[]},{"id":3446,"url":"https:\/\/www.ceipmaestrorafaelbravomartin.es\/?p=3446","url_meta":{"origin":2705,"position":2},"title":"Matriculaci\u00f3n curso 2025\/2026","author":"CEIP Maestro Rafael Bravo Mart\u00edn","date":"1 junio, 2025","format":false,"excerpt":"Desde el 1 hasta el pr\u00f3ximo 9 de junio, podr\u00e1n matricular a su hijo\/a en nuestro centro para el curso 2025\/2026 pinchando en el siguiente enlace:https:\/\/www.juntadeandalucia.es\/educacion\/secretariavirtual\/accesoTramite\/365\/ Ser\u00e1 necesario el c\u00f3digo iAnde, que se encuentra en el apartado de mensajes de iPasen. Igualmente podr\u00e1n solicitar aula matinal o comedor en el\u2026","rel":"","context":"En \u00abMatriculaci\u00f3n\u00bb","block_context":{"text":"Matriculaci\u00f3n","link":"https:\/\/www.ceipmaestrorafaelbravomartin.es\/?cat=147"},"img":{"alt_text":"","src":"https:\/\/i0.wp.com\/img.youtube.com\/vi\/VCcL3E5x7lk\/0.jpg?resize=350%2C200","width":350,"height":200},"classes":[]},{"id":1363,"url":"https:\/\/www.ceipmaestrorafaelbravomartin.es\/?p=1363","url_meta":{"origin":2705,"position":3},"title":"Proceso de escolarizaci\u00f3n curso 2016\/2017","author":"CEIP Maestro Rafael Bravo Mart\u00edn","date":"19 febrero, 2016","format":false,"excerpt":"Del 1 al 31 de marzo, ambos inclusive, se abre plazo para la presentaci\u00f3n de solicitud de matriculaci\u00f3n para el pr\u00f3ximo curso tanto del alumnado de nuevo ingreso como del que cambie de centro. En el tabl\u00f3n de anuncios, se publicar\u00e1 toda la informaci\u00f3n al respecto: normativa, zona de influencia,\u2026","rel":"","context":"En \u00abDirecci\u00f3n\u00bb","block_context":{"text":"Direcci\u00f3n","link":"https:\/\/www.ceipmaestrorafaelbravomartin.es\/?cat=46"},"img":{"alt_text":"","src":"","width":0,"height":0},"classes":[]},{"id":146,"url":"https:\/\/www.ceipmaestrorafaelbravomartin.es\/?p=146","url_meta":{"origin":2705,"position":4},"title":"Abierto plazo de matriculaci\u00f3n para el curso 2011\/12","author":"CEIP Maestro Rafael Bravo Mart\u00edn","date":"2 marzo, 2011","format":false,"excerpt":"Se informa que durante todo el mes de marzo, hasta el d\u00eda 31 inclusive, \u00a0permanecer\u00e1 abierto el plazo de presentaci\u00f3n de solicitudes de admisi\u00f3n en los centros educativos p\u00fablicos y privados y concertados. Comienza de este modo el proceso de escolarizaci\u00f3n del curso 2011\/12 en el que participan todos los\u2026","rel":"","context":"En \u00abSecretar\u00eda\u00bb","block_context":{"text":"Secretar\u00eda","link":"https:\/\/www.ceipmaestrorafaelbravomartin.es\/?cat=16"},"img":{"alt_text":"","src":"","width":0,"height":0},"classes":[]},{"id":159,"url":"https:\/\/www.ceipmaestrorafaelbravomartin.es\/?p=159","url_meta":{"origin":2705,"position":5},"title":"Consjejo Escolar del 10 de mayo de 2011","author":"CEIP Maestro Rafael Bravo Mart\u00edn","date":"26 mayo, 2011","format":false,"excerpt":"En el Consejo Escolar celebrado el 10 de mayo de 2011 a las 17:20 horas en sesi\u00f3n ordinaria, se trataron los siguientes puntos: \u00a0 Lectura y aprobaci\u00f3n del acta anterior. Aprobada. An\u00e1lisis de los resultados de la 2\u00aa evaluaci\u00f3n. Reglamento Org\u00e1nico de Centros de Infantil y Primaria. Don Rafael Bravo,\u2026","rel":"","context":"En \u00abConsejo escolar\u00bb","block_context":{"text":"Consejo escolar","link":"https:\/\/www.ceipmaestrorafaelbravomartin.es\/?cat=12"},"img":{"alt_text":"","src":"","width":0,"height":0},"classes":[]}],"_links":{"self":[{"href":"https:\/\/www.ceipmaestrorafaelbravomartin.es\/index.php?rest_route=\/wp\/v2\/posts\/2705","targetHints":{"allow":["GET"]}}],"collection":[{"href":"https:\/\/www.ceipmaestrorafaelbravomartin.es\/index.php?rest_route=\/wp\/v2\/posts"}],"about":[{"href":"https:\/\/www.ceipmaestrorafaelbravomartin.es\/index.php?rest_route=\/wp\/v2\/types\/post"}],"author":[{"embeddable":true,"href":"https:\/\/www.ceipmaestrorafaelbravomartin.es\/index.php?rest_route=\/wp\/v2\/users\/6"}],"replies":[{"embeddable":true,"href":"https:\/\/www.ceipmaestrorafaelbravomartin.es\/index.php?rest_route=%2Fwp%2Fv2%2Fcomments&post=2705"}],"version-history":[{"count":1,"href":"https:\/\/www.ceipmaestrorafaelbravomartin.es\/index.php?rest_route=\/wp\/v2\/posts\/2705\/revisions"}],"predecessor-version":[{"id":2706,"href":"https:\/\/www.ceipmaestrorafaelbravomartin.es\/index.php?rest_route=\/wp\/v2\/posts\/2705\/revisions\/2706"}],"wp:attachment":[{"href":"https:\/\/www.ceipmaestrorafaelbravomartin.es\/index.php?rest_route=%2Fwp%2Fv2%2Fmedia&parent=2705"}],"wp:term":[{"taxonomy":"category","embeddable":true,"href":"https:\/\/www.ceipmaestrorafaelbravomartin.es\/index.php?rest_route=%2Fwp%2Fv2%2Fcategories&post=2705"},{"taxonomy":"post_tag","embeddable":true,"href":"https:\/\/www.ceipmaestrorafaelbravomartin.es\/index.php?rest_route=%2Fwp%2Fv2%2Ftags&post=2705"}],"curies":[{"name":"wp","href":"https:\/\/api.w.org\/{rel}","templated":true}]}}