{"id":271,"date":"2012-10-22T07:07:57","date_gmt":"2012-10-22T05:07:57","guid":{"rendered":"http:\/\/blogasuncion.es\/?p=271"},"modified":"2013-07-05T12:54:05","modified_gmt":"2013-07-05T10:54:05","slug":"consejo-escolar-2","status":"publish","type":"post","link":"https:\/\/www.ceipmaestrorafaelbravomartin.es\/?p=271","title":{"rendered":"CONSEJO ESCOLAR"},"content":{"rendered":"<p>Le recordamos que el martes d\u00eda 23 de octubre, finaliza el plazo para presentar la candidatura para formar parte del consejo Escolar del Centro.<\/p>\n<p>Pueden pasar por Secretar\u00eda de 9 a 14 h.<\/p>\n","protected":false},"excerpt":{"rendered":"<p>Le recordamos que el martes d\u00eda 23 de octubre, finaliza el plazo para presentar la candidatura para formar parte del consejo Escolar del Centro. Pueden pasar por Secretar\u00eda de 9 a 14 h.<\/p>\n","protected":false},"author":4,"featured_media":0,"comment_status":"closed","ping_status":"open","sticky":false,"template":"","format":"standard","meta":{"jetpack_post_was_ever_published":false,"_jetpack_newsletter_access":"","_jetpack_dont_email_post_to_subs":false,"_jetpack_newsletter_tier_id":0,"_jetpack_memberships_contains_paywalled_content":false,"_jetpack_memberships_contains_paid_content":false,"footnotes":""},"categories":[10],"tags":[],"class_list":["post-271","post","type-post","status-publish","format-standard","hentry","category-centro"],"jetpack_featured_media_url":"","jetpack_sharing_enabled":true,"jetpack_shortlink":"https:\/\/wp.me\/p9VlHp-4n","jetpack-related-posts":[{"id":98,"url":"https:\/\/www.ceipmaestrorafaelbravomartin.es\/?p=98","url_meta":{"origin":271,"position":0},"title":"Consejo Escolar del 30 de noviembre de 2010","author":"CEIP Maestro Rafael Bravo Mart\u00edn","date":"3 diciembre, 2010","format":false,"excerpt":"En Alcala del R\u00edo, siendo las 17 horas del d\u00eda 3 de noviembre, se reuni\u00f3 el Consejo Escolar del Centro en sesi\u00f3n extraordinaria. Los temas que se trataron fueron:","rel":"","context":"En \u00abConsejo escolar\u00bb","block_context":{"text":"Consejo escolar","link":"https:\/\/www.ceipmaestrorafaelbravomartin.es\/?cat=12"},"img":{"alt_text":"","src":"","width":0,"height":0},"classes":[]},{"id":135,"url":"https:\/\/www.ceipmaestrorafaelbravomartin.es\/?p=135","url_meta":{"origin":271,"position":1},"title":"Consejo Escolar del 18 de enero de 2011","author":"CEIP Maestro Rafael Bravo Mart\u00edn","date":"24 enero, 2011","format":false,"excerpt":"En Alcal\u00e1 del R\u00edo, siendo las 17,15 horas del d\u00eda 18 de enero de 2011, se re\u00fane el Consejo Escolar del Centro para tratar los siguientes temas:1. An\u00e1lisis de los resultados escolares de la 1\u00aa Evaluaci\u00f3n en porcentajes, por \u00e1reas y \u00a0calificaciones medias por \u00e1reas y cursos.2. Se apruebe la\u2026","rel":"","context":"En \u00abConsejo escolar\u00bb","block_context":{"text":"Consejo escolar","link":"https:\/\/www.ceipmaestrorafaelbravomartin.es\/?cat=12"},"img":{"alt_text":"","src":"","width":0,"height":0},"classes":[]},{"id":159,"url":"https:\/\/www.ceipmaestrorafaelbravomartin.es\/?p=159","url_meta":{"origin":271,"position":2},"title":"Consjejo Escolar del 10 de mayo de 2011","author":"CEIP Maestro Rafael Bravo Mart\u00edn","date":"26 mayo, 2011","format":false,"excerpt":"En el Consejo Escolar celebrado el 10 de mayo de 2011 a las 17:20 horas en sesi\u00f3n ordinaria, se trataron los siguientes puntos: \u00a0 Lectura y aprobaci\u00f3n del acta anterior. Aprobada. An\u00e1lisis de los resultados de la 2\u00aa evaluaci\u00f3n. Reglamento Org\u00e1nico de Centros de Infantil y Primaria. Don Rafael Bravo,\u2026","rel":"","context":"En \u00abConsejo escolar\u00bb","block_context":{"text":"Consejo escolar","link":"https:\/\/www.ceipmaestrorafaelbravomartin.es\/?cat=12"},"img":{"alt_text":"","src":"","width":0,"height":0},"classes":[]},{"id":16,"url":"https:\/\/www.ceipmaestrorafaelbravomartin.es\/?p=16","url_meta":{"origin":271,"position":3},"title":"Elecciones a Consejos Escolares","author":"CEIP Maestro Rafael Bravo Mart\u00edn","date":"13 octubre, 2010","format":false,"excerpt":"Se informa a toda la comunidad educativa de que a partir de este a\u00f1o y tras la publicaci\u00f3n del Decreto 328\/2010, de 13 de Julio por el que se aprueba el Reglamento Org\u00e1nico de las escuelas infantil de segundo ciclo, de los colegios de educaci\u00f3n infantil y primaria","rel":"","context":"En \u00abConsejo escolar\u00bb","block_context":{"text":"Consejo escolar","link":"https:\/\/www.ceipmaestrorafaelbravomartin.es\/?cat=12"},"img":{"alt_text":"","src":"","width":0,"height":0},"classes":[]},{"id":20,"url":"https:\/\/www.ceipmaestrorafaelbravomartin.es\/?p=20","url_meta":{"origin":271,"position":4},"title":"Presentaci\u00f3n del curso 2010\/11","author":"CEIP Maestro Rafael Bravo Mart\u00edn","date":"13 septiembre, 2010","format":false,"excerpt":"En el d\u00eda de hoy, viernes 10 de septiembre de 2010, ha tenido lugar en nuestro Centro la \u00a0presentaci\u00f3n oficial de curso 2010\/11. El equipo directivo, encabezado por el Director del Centro D\u00ba. \u00a0Rafael Bravo Mart\u00edn, se dirigi\u00f3 a todos los asistentes al evento y explic\u00f3 algunas de las novedades\u2026","rel":"","context":"En \u00abPlanes y programas\u00bb","block_context":{"text":"Planes y programas","link":"https:\/\/www.ceipmaestrorafaelbravomartin.es\/?cat=9"},"img":{"alt_text":"","src":"","width":0,"height":0},"classes":[]},{"id":275,"url":"https:\/\/www.ceipmaestrorafaelbravomartin.es\/?p=275","url_meta":{"origin":271,"position":5},"title":"CONSTITUCI\u00d3N DEL NUEVO CONSEJO ESCOLAR","author":"CEIP Maestro Rafael Bravo Mart\u00edn","date":"27 noviembre, 2012","format":false,"excerpt":"El pasado martes 20 de noviembre de 2012, se reuni\u00f3 el Consejo Escolar de nuestro centro, en sesi\u00f3n extraordinaria para la constituci\u00f3n del nuevo Consejo Escolar (cursos 2012\/2013 y 2013\/2014) y la creaci\u00f3n de las comisiones permanete y de convivencia. Como resultado de las votaciones en los distintos sectores, el\u2026","rel":"","context":"En \u00abConsejo escolar\u00bb","block_context":{"text":"Consejo escolar","link":"https:\/\/www.ceipmaestrorafaelbravomartin.es\/?cat=12"},"img":{"alt_text":"","src":"","width":0,"height":0},"classes":[]}],"_links":{"self":[{"href":"https:\/\/www.ceipmaestrorafaelbravomartin.es\/index.php?rest_route=\/wp\/v2\/posts\/271","targetHints":{"allow":["GET"]}}],"collection":[{"href":"https:\/\/www.ceipmaestrorafaelbravomartin.es\/index.php?rest_route=\/wp\/v2\/posts"}],"about":[{"href":"https:\/\/www.ceipmaestrorafaelbravomartin.es\/index.php?rest_route=\/wp\/v2\/types\/post"}],"author":[{"embeddable":true,"href":"https:\/\/www.ceipmaestrorafaelbravomartin.es\/index.php?rest_route=\/wp\/v2\/users\/4"}],"replies":[{"embeddable":true,"href":"https:\/\/www.ceipmaestrorafaelbravomartin.es\/index.php?rest_route=%2Fwp%2Fv2%2Fcomments&post=271"}],"version-history":[{"count":1,"href":"https:\/\/www.ceipmaestrorafaelbravomartin.es\/index.php?rest_route=\/wp\/v2\/posts\/271\/revisions"}],"predecessor-version":[{"id":411,"href":"https:\/\/www.ceipmaestrorafaelbravomartin.es\/index.php?rest_route=\/wp\/v2\/posts\/271\/revisions\/411"}],"wp:attachment":[{"href":"https:\/\/www.ceipmaestrorafaelbravomartin.es\/index.php?rest_route=%2Fwp%2Fv2%2Fmedia&parent=271"}],"wp:term":[{"taxonomy":"category","embeddable":true,"href":"https:\/\/www.ceipmaestrorafaelbravomartin.es\/index.php?rest_route=%2Fwp%2Fv2%2Fcategories&post=271"},{"taxonomy":"post_tag","embeddable":true,"href":"https:\/\/www.ceipmaestrorafaelbravomartin.es\/index.php?rest_route=%2Fwp%2Fv2%2Ftags&post=271"}],"curies":[{"name":"wp","href":"https:\/\/api.w.org\/{rel}","templated":true}]}}