{"id":274,"date":"2012-11-14T13:45:28","date_gmt":"2012-11-14T12:45:28","guid":{"rendered":"http:\/\/blogasuncion.es\/?p=274"},"modified":"2013-07-05T12:53:37","modified_gmt":"2013-07-05T10:53:37","slug":"resultados-de-las-votaciones-del-consejo-escolar","status":"publish","type":"post","link":"https:\/\/www.ceipmaestrorafaelbravomartin.es\/?p=274","title":{"rendered":"RESULTADOS DE LAS VOTACIONES PARA EL CONSEJO ESCOLAR"},"content":{"rendered":"<p>El pr\u00f3ximo martes 20 de noviembre se constituir\u00e1 el nuevo Consejo Escolar para los cursos 2012\/2013, 2013\/2014.<\/p>\n<p>\u00a0<\/p>\n<p>Concluido el proceso electoral tras las votaciones realizadas en los distintos sectores, los resultados son los siguientes:<\/p>\n<p>\u00a0<\/p>\n<p><strong>SECTOR PADRES\/MADRES:<\/strong><\/p>\n<p>\u00a0<\/p>\n<p>&#8211; D.&nbsp; RAFAEL BERNAL MORALES&nbsp;&nbsp;&nbsp;&nbsp;&nbsp;&nbsp;&nbsp;&nbsp;&nbsp;&nbsp;&nbsp;&nbsp;&nbsp;&nbsp;&nbsp;&nbsp;&nbsp;&nbsp;&nbsp;&nbsp;&nbsp; &nbsp;&nbsp; 77 VOTOS<\/p>\n<p>&#8211; D\u00aa. TRINIDAD BERNAL MORALES&nbsp;&nbsp;&nbsp;&nbsp;&nbsp;&nbsp;&nbsp;&nbsp;&nbsp;&nbsp;&nbsp;&nbsp;&nbsp;&nbsp;&nbsp;&nbsp; &nbsp;&nbsp; 54 VOTOS<\/p>\n<p>&#8211; D\u00aa. DOLORES CHAMORRO JIM\u00c9NEZ&nbsp;&nbsp;&nbsp;&nbsp;&nbsp;&nbsp;&nbsp;&nbsp;&nbsp;&nbsp;&nbsp;&nbsp; &nbsp; &nbsp; 65 VOTOS<\/p>\n<p>&#8211; D.&nbsp; JOS\u00c9 M\u00aa FERN\u00c1NDEZ CALANDRIA&nbsp;&nbsp;&nbsp;&nbsp;&nbsp;&nbsp;&nbsp;&nbsp;&nbsp;&nbsp;&nbsp;&nbsp;&nbsp; 46 VOTOS<\/p>\n<p>&#8211; D\u00aa. M\u00aa JOS\u00c9 FERN\u00c1NDEZ ROMERO&nbsp;&nbsp;&nbsp;&nbsp;&nbsp;&nbsp;&nbsp;&nbsp;&nbsp;&nbsp;&nbsp;&nbsp;&nbsp;&nbsp;&nbsp;&nbsp;&nbsp; 27 VOTOS<\/p>\n<p>&#8211; D\u00aa. M\u00aa DEL CARMEN OLMEDO FERN\u00c1NDEZ&nbsp;&nbsp;&nbsp;&nbsp;&nbsp;&nbsp; 62 VOTOS<\/p>\n<p>&#8211; D.&nbsp; FRANCISCO PUERTO ROMERO&nbsp;&nbsp;&nbsp;&nbsp;&nbsp;&nbsp;&nbsp;&nbsp;&nbsp;&nbsp;&nbsp;&nbsp;&nbsp;&nbsp;&nbsp;&nbsp;&nbsp;&nbsp; 32 VOTOS<\/p>\n<p>&#8211; D\u00aa. ANA ELOISA RODR\u00cdGUEZ PARR\u00d3N&nbsp;&nbsp;&nbsp;&nbsp;&nbsp;&nbsp;&nbsp;&nbsp;&nbsp;&nbsp;&nbsp;&nbsp; 8&nbsp; VOTOS<\/p>\n<p>&#8211; D\u00aa. ARACELI VELASCO GUTI\u00c9RREZ&nbsp;&nbsp;&nbsp;&nbsp;&nbsp;&nbsp;&nbsp;&nbsp;&nbsp;&nbsp;&nbsp;&nbsp;&nbsp;&nbsp; &nbsp; 20 VOTOS<\/p>\n<p>\u00a0<\/p>\n<p>\u00a0<\/p>\n<p><strong>SECTOR PROFESORADO:<\/strong><\/p>\n<p>\u00a0<\/p>\n<p>&#8211; D.&nbsp; FERNANDO ALGUACIL ORTIZ&nbsp;&nbsp;&nbsp;&nbsp;&nbsp;&nbsp;&nbsp;&nbsp;&nbsp;&nbsp;&nbsp;&nbsp;&nbsp;&nbsp;&nbsp;&nbsp;&nbsp;&nbsp;&nbsp;&nbsp; 15 VOTOS<\/p>\n<p>&#8211; D\u00aa. NOELIA CARRASCO ALVARADO&nbsp;&nbsp;&nbsp;&nbsp;&nbsp;&nbsp;&nbsp;&nbsp;&nbsp;&nbsp;&nbsp;&nbsp;&nbsp;&nbsp; &nbsp; 24 VOTOS<\/p>\n<p>&#8211; D\u00aa. MANUELA CRIADO D\u00cdAZ&nbsp;&nbsp;&nbsp;&nbsp;&nbsp;&nbsp;&nbsp;&nbsp;&nbsp;&nbsp;&nbsp;&nbsp;&nbsp;&nbsp;&nbsp;&nbsp;&nbsp;&nbsp;&nbsp;&nbsp;&nbsp;&nbsp;&nbsp;&nbsp; &nbsp; 18 VOTOS<\/p>\n<p>&#8211; D. VICENTE GARC\u00cdA ALEXANDRE&nbsp;&nbsp;&nbsp;&nbsp;&nbsp;&nbsp;&nbsp;&nbsp;&nbsp;&nbsp;&nbsp;&nbsp;&nbsp;&nbsp;&nbsp;&nbsp;&nbsp; &nbsp; 13 VOTOS<\/p>\n<p>&#8211; D\u00aa. PURIFICACI\u00d3N GARC\u00cdA CANO&nbsp;&nbsp;&nbsp;&nbsp;&nbsp;&nbsp;&nbsp;&nbsp;&nbsp;&nbsp;&nbsp;&nbsp;&nbsp;&nbsp;&nbsp; &nbsp;&nbsp; 22 VOTOS<\/p>\n<p>&#8211; D\u00aa. AURORA A. MART\u00cdN \u00c1LVAREZ&nbsp;&nbsp;&nbsp;&nbsp;&nbsp;&nbsp;&nbsp;&nbsp;&nbsp;&nbsp;&nbsp;&nbsp;&nbsp;&nbsp;&nbsp;&nbsp; &nbsp; 18 VOTOS<\/p>\n<p>&#8211; D\u00aa. MATILDE MART\u00cdN MA\u00d1ERO&nbsp;&nbsp;&nbsp;&nbsp;&nbsp;&nbsp;&nbsp;&nbsp;&nbsp;&nbsp;&nbsp;&nbsp;&nbsp;&nbsp;&nbsp;&nbsp;&nbsp;&nbsp;&nbsp;&nbsp;&nbsp;&nbsp;&nbsp;&nbsp; 6 VOTOS<\/p>\n<p>&#8211; D. MOIS\u00c9S OLMEDO GONZ\u00c1LEZ&nbsp;&nbsp;&nbsp;&nbsp;&nbsp;&nbsp;&nbsp;&nbsp;&nbsp;&nbsp;&nbsp;&nbsp;&nbsp;&nbsp;&nbsp;&nbsp;&nbsp;&nbsp;&nbsp;&nbsp;&nbsp; 20 VOTOS<\/p>\n<p>&#8211; D\u00aa MERCEDES R\u00cdOS V\u00c1ZQUEZ&nbsp;&nbsp;&nbsp;&nbsp;&nbsp;&nbsp;&nbsp;&nbsp;&nbsp;&nbsp;&nbsp;&nbsp;&nbsp;&nbsp;&nbsp;&nbsp;&nbsp;&nbsp;&nbsp;&nbsp;&nbsp; &nbsp; 15 VOTOS<\/p>\n<p>\u00a0<\/p>\n<p>\u00a0<\/p>\n<p><strong>SECTOR DEL PERSONAL DE ADMINISTRACI\u00d3N Y SERVICIOS:<\/strong><\/p>\n<p>\u00a0<\/p>\n<p>&#8211; D\u00aa. M\u00aa DOLORES ROM\u00c1N CARRANZA&nbsp;&nbsp;&nbsp;&nbsp;&nbsp;&nbsp;&nbsp;&nbsp;&nbsp;&nbsp;&nbsp;&nbsp;&nbsp; 2 VOTOS<\/p>\n<p>&#8211; D\u00aa. M\u00aa JOS\u00c9 VEL\u00c1ZQUEZ ROMERO&nbsp;&nbsp;&nbsp;&nbsp;&nbsp;&nbsp;&nbsp;&nbsp;&nbsp;&nbsp;&nbsp;&nbsp;&nbsp;&nbsp;&nbsp;&nbsp; 0 VOTOS<\/p>\n","protected":false},"excerpt":{"rendered":"<p>El pr\u00f3ximo martes 20 de noviembre se constituir\u00e1 el nuevo Consejo Escolar para los cursos 2012\/2013, 2013\/2014. \u00a0 Concluido el proceso electoral tras las votaciones realizadas en los distintos sectores, los resultados son los siguientes: \u00a0 SECTOR PADRES\/MADRES: \u00a0 &#8211; D.&nbsp; RAFAEL BERNAL MORALES&nbsp;&nbsp;&nbsp;&nbsp;&nbsp;&nbsp;&nbsp;&nbsp;&nbsp;&nbsp;&nbsp;&nbsp;&nbsp;&nbsp;&nbsp;&nbsp;&nbsp;&nbsp;&nbsp;&nbsp;&nbsp; &nbsp;&nbsp; 77 VOTOS &#8211; D\u00aa. TRINIDAD [&hellip;]<\/p>\n","protected":false},"author":4,"featured_media":0,"comment_status":"closed","ping_status":"open","sticky":false,"template":"","format":"standard","meta":{"jetpack_post_was_ever_published":false,"_jetpack_newsletter_access":"","_jetpack_dont_email_post_to_subs":false,"_jetpack_newsletter_tier_id":0,"_jetpack_memberships_contains_paywalled_content":false,"_jetpack_memberships_contains_paid_content":false,"footnotes":""},"categories":[10],"tags":[],"class_list":["post-274","post","type-post","status-publish","format-standard","hentry","category-centro"],"jetpack_featured_media_url":"","jetpack_sharing_enabled":true,"jetpack_shortlink":"https:\/\/wp.me\/p9VlHp-4q","jetpack-related-posts":[{"id":275,"url":"https:\/\/www.ceipmaestrorafaelbravomartin.es\/?p=275","url_meta":{"origin":274,"position":0},"title":"CONSTITUCI\u00d3N DEL NUEVO CONSEJO ESCOLAR","author":"CEIP Maestro Rafael Bravo Mart\u00edn","date":"27 noviembre, 2012","format":false,"excerpt":"El pasado martes 20 de noviembre de 2012, se reuni\u00f3 el Consejo Escolar de nuestro centro, en sesi\u00f3n extraordinaria para la constituci\u00f3n del nuevo Consejo Escolar (cursos 2012\/2013 y 2013\/2014) y la creaci\u00f3n de las comisiones permanete y de convivencia. Como resultado de las votaciones en los distintos sectores, el\u2026","rel":"","context":"En \u00abConsejo escolar\u00bb","block_context":{"text":"Consejo escolar","link":"https:\/\/www.ceipmaestrorafaelbravomartin.es\/?cat=12"},"img":{"alt_text":"","src":"","width":0,"height":0},"classes":[]},{"id":13,"url":"https:\/\/www.ceipmaestrorafaelbravomartin.es\/?p=13","url_meta":{"origin":274,"position":1},"title":"Consejo escolar","author":"CEIP Maestro Rafael Bravo Mart\u00edn","date":"13 octubre, 2010","format":false,"excerpt":"Los d\u00edas 26 y 27 de noviembre se celebraron las elecciones a Consejo escolar y se publicaron los resultados, quedando constituido, en sesi\u00f3n celebrada el 9 de diciembre, de la siguiente manera: Presidente: D. Rafael Bravo Mart\u00edn. Jefa de Estudios: D\u00aa M\u00aa Jes\u00fas C\u00e1mara Dur\u00e1n. Secretario: D. Jos\u00e9 Palma Casares.\u2026","rel":"","context":"En \u00abEl centro\u00bb","block_context":{"text":"El centro","link":"https:\/\/www.ceipmaestrorafaelbravomartin.es\/?cat=10"},"img":{"alt_text":"","src":"","width":0,"height":0},"classes":[]},{"id":99,"url":"https:\/\/www.ceipmaestrorafaelbravomartin.es\/?p=99","url_meta":{"origin":274,"position":2},"title":"Consejo Escolar constituido en Noviembre de 2010","author":"CEIP Maestro Rafael Bravo Mart\u00edn","date":"3 diciembre, 2010","format":false,"excerpt":"En el Consejo Escolar celebrado el d\u00eda 30 de noviembre de 2010 se constituy\u00f3 el citado \u00f3rgano y las Comisiones establecidas por ley, quedando como sigue: 1. CONSEJO ESCOLAR Sector padres\/madres: Bernal Morales, Rafael Jes\u00fas. Bernal Morales, Trinidad. Chamorro Jim\u00e9nez, Ana Mar\u00eda. Chamorro Jim\u00e9nez, Dolores. Fern\u00e1ndez Calandria, Jos\u00e9 M\u00aa. Fern\u00e1ndez\u2026","rel":"","context":"En \u00abConsejo escolar\u00bb","block_context":{"text":"Consejo escolar","link":"https:\/\/www.ceipmaestrorafaelbravomartin.es\/?cat=12"},"img":{"alt_text":"","src":"","width":0,"height":0},"classes":[]},{"id":273,"url":"https:\/\/www.ceipmaestrorafaelbravomartin.es\/?p=273","url_meta":{"origin":274,"position":3},"title":"ELECCIONES AL CONSEJO ESCOLAR 2012","author":"CEIP Maestro Rafael Bravo Mart\u00edn","date":"24 octubre, 2012","format":false,"excerpt":"Las elecciones para la renovaci\u00f3n del Consejo Escolar por el sector de padres\/madres\u00a0 de nuestro centro, se celebrar\u00e1n el pr\u00f3ximo martes 13 de noviembre de 2012 (de 14:00 a 20:00 h.) , en la Direcci\u00f3n del mismo. \u00a0 Los\/as padres\/madres que han presentado su candidatura son los siguientes: \u00a0 \u00a0\u2026","rel":"","context":"En \u00abEl centro\u00bb","block_context":{"text":"El centro","link":"https:\/\/www.ceipmaestrorafaelbravomartin.es\/?cat=10"},"img":{"alt_text":"","src":"","width":0,"height":0},"classes":[]},{"id":83,"url":"https:\/\/www.ceipmaestrorafaelbravomartin.es\/?p=83","url_meta":{"origin":274,"position":4},"title":"Inauguramos nueva secci\u00f3n de foros","author":"CEIP Maestro Rafael Bravo Mart\u00edn","date":"14 noviembre, 2010","format":false,"excerpt":"Con la intenci\u00f3n de promover la participaci\u00f3n de toda la comunidad educativa y el intercambio de ideas y opiniones, tengo el placer de informaros de la inauguraci\u00f3n de una nueva secci\u00f3n en la que todos y todas pod\u00e9is participar. Pod\u00e9is encontrarla en el men\u00fa superior horizontal con el nombre de\u2026","rel":"","context":"En \u00abNoticias TIC\u00bb","block_context":{"text":"Noticias TIC","link":"https:\/\/www.ceipmaestrorafaelbravomartin.es\/?cat=19"},"img":{"alt_text":"","src":"","width":0,"height":0},"classes":[]},{"id":135,"url":"https:\/\/www.ceipmaestrorafaelbravomartin.es\/?p=135","url_meta":{"origin":274,"position":5},"title":"Consejo Escolar del 18 de enero de 2011","author":"CEIP Maestro Rafael Bravo Mart\u00edn","date":"24 enero, 2011","format":false,"excerpt":"En Alcal\u00e1 del R\u00edo, siendo las 17,15 horas del d\u00eda 18 de enero de 2011, se re\u00fane el Consejo Escolar del Centro para tratar los siguientes temas:1. An\u00e1lisis de los resultados escolares de la 1\u00aa Evaluaci\u00f3n en porcentajes, por \u00e1reas y \u00a0calificaciones medias por \u00e1reas y cursos.2. Se apruebe la\u2026","rel":"","context":"En \u00abConsejo escolar\u00bb","block_context":{"text":"Consejo escolar","link":"https:\/\/www.ceipmaestrorafaelbravomartin.es\/?cat=12"},"img":{"alt_text":"","src":"","width":0,"height":0},"classes":[]}],"_links":{"self":[{"href":"https:\/\/www.ceipmaestrorafaelbravomartin.es\/index.php?rest_route=\/wp\/v2\/posts\/274","targetHints":{"allow":["GET"]}}],"collection":[{"href":"https:\/\/www.ceipmaestrorafaelbravomartin.es\/index.php?rest_route=\/wp\/v2\/posts"}],"about":[{"href":"https:\/\/www.ceipmaestrorafaelbravomartin.es\/index.php?rest_route=\/wp\/v2\/types\/post"}],"author":[{"embeddable":true,"href":"https:\/\/www.ceipmaestrorafaelbravomartin.es\/index.php?rest_route=\/wp\/v2\/users\/4"}],"replies":[{"embeddable":true,"href":"https:\/\/www.ceipmaestrorafaelbravomartin.es\/index.php?rest_route=%2Fwp%2Fv2%2Fcomments&post=274"}],"version-history":[{"count":1,"href":"https:\/\/www.ceipmaestrorafaelbravomartin.es\/index.php?rest_route=\/wp\/v2\/posts\/274\/revisions"}],"predecessor-version":[{"id":410,"href":"https:\/\/www.ceipmaestrorafaelbravomartin.es\/index.php?rest_route=\/wp\/v2\/posts\/274\/revisions\/410"}],"wp:attachment":[{"href":"https:\/\/www.ceipmaestrorafaelbravomartin.es\/index.php?rest_route=%2Fwp%2Fv2%2Fmedia&parent=274"}],"wp:term":[{"taxonomy":"category","embeddable":true,"href":"https:\/\/www.ceipmaestrorafaelbravomartin.es\/index.php?rest_route=%2Fwp%2Fv2%2Fcategories&post=274"},{"taxonomy":"post_tag","embeddable":true,"href":"https:\/\/www.ceipmaestrorafaelbravomartin.es\/index.php?rest_route=%2Fwp%2Fv2%2Ftags&post=274"}],"curies":[{"name":"wp","href":"https:\/\/api.w.org\/{rel}","templated":true}]}}