{"id":2761,"date":"2020-06-18T14:01:05","date_gmt":"2020-06-18T12:01:05","guid":{"rendered":"http:\/\/www.ceipmaestrorafaelbravomartin.es\/?p=2761"},"modified":"2020-10-28T11:26:47","modified_gmt":"2020-10-28T10:26:47","slug":"recogida-de-libros-de-texto","status":"publish","type":"post","link":"https:\/\/www.ceipmaestrorafaelbravomartin.es\/?p=2761","title":{"rendered":"Recogida de libros de texto"},"content":{"rendered":"\n<p>Estimadas familias. <\/p>\n\n\n\n<p>Siguiendo las instrucciones de la Delegaci\u00f3n de educaci\u00f3n de Sevilla, se llevar\u00e1 a cabo la recogida de todos los libros de texto. Esta recogida es para todo el alumnado desde 3\u00ba de primaria a 6\u00ba. Se han establecido los siguientes turnos para la entrega: <\/p>\n\n\n\n<p>&#x25aa; Viernes 19 \u2022 6\u00ba A: 11:00 a 12:00 <\/p>\n\n\n\n<p>&#x25aa; Martes 23 \u2022 6\u00ba B: 11:00 a 12:00 <\/p>\n\n\n\n<p>&#x25aa; Mi\u00e9rcoles 24 \u2022 5\u00ba A: 9:30 a 10:15 \u2022 5\u00ba B: 10:15 a 11:00 \u2022 5\u00ba C: 11:00 a 11:45 \u2022 6\u00ba C: 11:45 a 12:30 <\/p>\n\n\n\n<p>&#x25aa; Jueves 25 \u2022 3\u00ba A: 9:30 a 10:15 \u2022 3\u00ba B: 10:15 a 11:00 \u2022 3\u00ba C: 11:00 a 11:45 \u2022 4\u00ba A: 11:45 a 12:30 \u2022 4\u00ba B: 12:30 a 13:15<\/p>\n\n\n\n<p>Todos aquellos que tengan alg\u00fan libro de la biblioteca del centro, es muy importante que lo entreguen junto con los libros de texto. <\/p>\n\n\n\n<p>Un cordial saludo. <\/p>\n\n\n\n<p>El equipo directivo. <\/p>\n","protected":false},"excerpt":{"rendered":"<p>Estimadas familias. Siguiendo las instrucciones de la Delegaci\u00f3n de educaci\u00f3n de Sevilla, se llevar\u00e1 a cabo la recogida de todos los libros de texto. Esta recogida es para todo el alumnado desde 3\u00ba de primaria a 6\u00ba. Se han establecido los siguientes turnos para la entrega: &#x25aa; Viernes 19 \u2022 [&hellip;]<\/p>\n","protected":false},"author":6,"featured_media":0,"comment_status":"closed","ping_status":"closed","sticky":false,"template":"","format":"standard","meta":{"jetpack_post_was_ever_published":false,"_jetpack_newsletter_access":"","_jetpack_dont_email_post_to_subs":false,"_jetpack_newsletter_tier_id":0,"_jetpack_memberships_contains_paywalled_content":false,"_jetpack_memberships_contains_paid_content":false,"footnotes":""},"categories":[20],"tags":[],"class_list":["post-2761","post","type-post","status-publish","format-standard","hentry","category-info-biblioteca"],"jetpack_featured_media_url":"","jetpack_sharing_enabled":true,"jetpack_shortlink":"https:\/\/wp.me\/p9VlHp-Ix","jetpack-related-posts":[{"id":1633,"url":"https:\/\/www.ceipmaestrorafaelbravomartin.es\/?p=1633","url_meta":{"origin":2761,"position":0},"title":"1\u00aa Campa\u00f1a solidaria de recogida de juguetes","author":"CEIP Maestro Rafael Bravo Mart\u00edn","date":"24 diciembre, 2016","format":false,"excerpt":"Desde el CEIP Maestro Rafael Bravo Mart\u00edn, agradecemos a las Hermandades alcalare\u00f1as su colaboraci\u00f3n para difundir y recoger todo lo aportado en la 1\u00aa Campa\u00f1a solidaria de recogida de juguetes Mar\u00eda Jes\u00fas C\u00e1mara Dur\u00e1n. Dichas hermandades har\u00e1n llegar a su destino todos los juguetes. Gracias a la colaboraci\u00f3n de todos\u2026","rel":"","context":"En \u00abEl centro\u00bb","block_context":{"text":"El centro","link":"https:\/\/www.ceipmaestrorafaelbravomartin.es\/?cat=10"},"img":{"alt_text":"primera-campana","src":"https:\/\/i0.wp.com\/www.ceipmaestrorafaelbravomartin.es\/wp-content\/uploads\/2016\/12\/primera-campa%C3%B1a-1024x751.jpg?resize=350%2C200","width":350,"height":200,"srcset":"https:\/\/i0.wp.com\/www.ceipmaestrorafaelbravomartin.es\/wp-content\/uploads\/2016\/12\/primera-campa%C3%B1a-1024x751.jpg?resize=350%2C200 1x, https:\/\/i0.wp.com\/www.ceipmaestrorafaelbravomartin.es\/wp-content\/uploads\/2016\/12\/primera-campa%C3%B1a-1024x751.jpg?resize=525%2C300 1.5x"},"classes":[]},{"id":22,"url":"https:\/\/www.ceipmaestrorafaelbravomartin.es\/?p=22","url_meta":{"origin":2761,"position":1},"title":"Materiales Escolares Curso 2010\/11","author":"CEIP Maestro Rafael Bravo Mart\u00edn","date":"14 septiembre, 2010","format":false,"excerpt":"Aqu\u00ed puedes consultar los materiales para el presente curso escolar.Haz clic en el siguiente enlace para descargar los libros de texto para el curso 2010\/11, \u00a0los cuales ya est\u00e1n incluidos en el cheque-libro correspondiente al programa de gratuidad de libros de texto:Libros de texto incluidos en el cheque-libro.En los enlaces\u2026","rel":"","context":"En \u00abPlanes y programas\u00bb","block_context":{"text":"Planes y programas","link":"https:\/\/www.ceipmaestrorafaelbravomartin.es\/?cat=9"},"img":{"alt_text":"","src":"","width":0,"height":0},"classes":[]},{"id":58,"url":"https:\/\/www.ceipmaestrorafaelbravomartin.es\/?p=58","url_meta":{"origin":2761,"position":2},"title":"Excursi\u00f3n de 5\u00ba de primaria a la Mancomunidad de Servicios La Vega.","author":"CEIP Maestro Rafael Bravo Mart\u00edn","date":"4 mayo, 2010","format":false,"excerpt":"El d\u00eda 4 de mayo, los\/as alumnos\/as de 5\u00ba curso fuimos a la planta de recogida de residuos de la \"Mancomunidad de servicios de la Vega\", que se encarga de la recogida de residuos org\u00e1nicos (los de los contenedores tradicionales) y envases de pl\u00e1sticos, tetra-brick y latas (contenedores amarillos) de\u2026","rel":"","context":"En \u00abCurso 2009\/10\u00bb","block_context":{"text":"Curso 2009\/10","link":"https:\/\/www.ceipmaestrorafaelbravomartin.es\/?cat=27"},"img":{"alt_text":"","src":"","width":0,"height":0},"classes":[]},{"id":222,"url":"https:\/\/www.ceipmaestrorafaelbravomartin.es\/?p=222","url_meta":{"origin":2761,"position":3},"title":"\u00abCampa\u00f1a recogida de tapones\u00bb","author":"CEIP Maestro Rafael Bravo Mart\u00edn","date":"19 enero, 2012","format":false,"excerpt":"Estimados\/as padres y madres: \u00a0 \u00a0\u00a0\u00a0 Los\/as padres\/madres que han llevado a cabo la \"campa\u00f1a de recogida de tapones\" en el Centro, nos comunican que se ha conseguido el objetivo: OBTENER TRES TONELADAS de tapones para comprar un \"salvaescaleras\". \u00a0 \u00a0\u00a0\u00a0 Nos han pedido que os demos las gracias en\u2026","rel":"","context":"En \u00abEl centro\u00bb","block_context":{"text":"El centro","link":"https:\/\/www.ceipmaestrorafaelbravomartin.es\/?cat=10"},"img":{"alt_text":"","src":"","width":0,"height":0},"classes":[]},{"id":1363,"url":"https:\/\/www.ceipmaestrorafaelbravomartin.es\/?p=1363","url_meta":{"origin":2761,"position":4},"title":"Proceso de escolarizaci\u00f3n curso 2016\/2017","author":"CEIP Maestro Rafael Bravo Mart\u00edn","date":"19 febrero, 2016","format":false,"excerpt":"Del 1 al 31 de marzo, ambos inclusive, se abre plazo para la presentaci\u00f3n de solicitud de matriculaci\u00f3n para el pr\u00f3ximo curso tanto del alumnado de nuevo ingreso como del que cambie de centro. En el tabl\u00f3n de anuncios, se publicar\u00e1 toda la informaci\u00f3n al respecto: normativa, zona de influencia,\u2026","rel":"","context":"En \u00abDirecci\u00f3n\u00bb","block_context":{"text":"Direcci\u00f3n","link":"https:\/\/www.ceipmaestrorafaelbravomartin.es\/?cat=46"},"img":{"alt_text":"","src":"","width":0,"height":0},"classes":[]},{"id":146,"url":"https:\/\/www.ceipmaestrorafaelbravomartin.es\/?p=146","url_meta":{"origin":2761,"position":5},"title":"Abierto plazo de matriculaci\u00f3n para el curso 2011\/12","author":"CEIP Maestro Rafael Bravo Mart\u00edn","date":"2 marzo, 2011","format":false,"excerpt":"Se informa que durante todo el mes de marzo, hasta el d\u00eda 31 inclusive, \u00a0permanecer\u00e1 abierto el plazo de presentaci\u00f3n de solicitudes de admisi\u00f3n en los centros educativos p\u00fablicos y privados y concertados. Comienza de este modo el proceso de escolarizaci\u00f3n del curso 2011\/12 en el que participan todos los\u2026","rel":"","context":"En \u00abSecretar\u00eda\u00bb","block_context":{"text":"Secretar\u00eda","link":"https:\/\/www.ceipmaestrorafaelbravomartin.es\/?cat=16"},"img":{"alt_text":"","src":"","width":0,"height":0},"classes":[]}],"_links":{"self":[{"href":"https:\/\/www.ceipmaestrorafaelbravomartin.es\/index.php?rest_route=\/wp\/v2\/posts\/2761","targetHints":{"allow":["GET"]}}],"collection":[{"href":"https:\/\/www.ceipmaestrorafaelbravomartin.es\/index.php?rest_route=\/wp\/v2\/posts"}],"about":[{"href":"https:\/\/www.ceipmaestrorafaelbravomartin.es\/index.php?rest_route=\/wp\/v2\/types\/post"}],"author":[{"embeddable":true,"href":"https:\/\/www.ceipmaestrorafaelbravomartin.es\/index.php?rest_route=\/wp\/v2\/users\/6"}],"replies":[{"embeddable":true,"href":"https:\/\/www.ceipmaestrorafaelbravomartin.es\/index.php?rest_route=%2Fwp%2Fv2%2Fcomments&post=2761"}],"version-history":[{"count":1,"href":"https:\/\/www.ceipmaestrorafaelbravomartin.es\/index.php?rest_route=\/wp\/v2\/posts\/2761\/revisions"}],"predecessor-version":[{"id":2762,"href":"https:\/\/www.ceipmaestrorafaelbravomartin.es\/index.php?rest_route=\/wp\/v2\/posts\/2761\/revisions\/2762"}],"wp:attachment":[{"href":"https:\/\/www.ceipmaestrorafaelbravomartin.es\/index.php?rest_route=%2Fwp%2Fv2%2Fmedia&parent=2761"}],"wp:term":[{"taxonomy":"category","embeddable":true,"href":"https:\/\/www.ceipmaestrorafaelbravomartin.es\/index.php?rest_route=%2Fwp%2Fv2%2Fcategories&post=2761"},{"taxonomy":"post_tag","embeddable":true,"href":"https:\/\/www.ceipmaestrorafaelbravomartin.es\/index.php?rest_route=%2Fwp%2Fv2%2Ftags&post=2761"}],"curies":[{"name":"wp","href":"https:\/\/api.w.org\/{rel}","templated":true}]}}