{"id":2770,"date":"2020-06-26T21:30:31","date_gmt":"2020-06-26T19:30:31","guid":{"rendered":"http:\/\/www.ceipmaestrorafaelbravomartin.es\/?p=2770"},"modified":"2020-10-28T11:26:33","modified_gmt":"2020-10-28T10:26:33","slug":"cheque-libro-1o-y-2o","status":"publish","type":"post","link":"https:\/\/www.ceipmaestrorafaelbravomartin.es\/?p=2770","title":{"rendered":"Cheque-libro 1\u00ba y 2\u00ba"},"content":{"rendered":"\n<p>Los tutores legales podr\u00e1n recoger de forma telem\u00e1tica los cheques-libro. Para ello acceder\u00e1n mediante la introducci\u00f3n de la fecha de nacimiento del alumno y su clave iANDe (esta se encuentra en las comunicaciones de iPasen) en la siguiente ruta: <\/p>\n\n\n\n<p><a href=\"https:\/\/seneca.juntadeandalucia.es\/seneca\/puntoderecogida\/index.html\">https:\/\/seneca.juntadeandalucia.es\/seneca\/puntoderecogida\/index.html<\/a><\/p>\n\n\n\n<p> Una vez introducidos los datos de acceso, acceder\u00e1 a la pantalla, en la que se listar\u00e1n los documentos disponibles, que podr\u00e1 descargar mediante el bot\u00f3n de descarga. <\/p>\n\n\n\n<p>Los tutores legales presentar\u00e1n el cheque-libro en las papeler\u00edas o establecimientos proveedores. <\/p>\n\n\n\n<p><\/p>\n","protected":false},"excerpt":{"rendered":"<p>Los tutores legales podr\u00e1n recoger de forma telem\u00e1tica los cheques-libro. Para ello acceder\u00e1n mediante la introducci\u00f3n de la fecha de nacimiento del alumno y su clave iANDe (esta se encuentra en las comunicaciones de iPasen) en la siguiente ruta: https:\/\/seneca.juntadeandalucia.es\/seneca\/puntoderecogida\/index.html Una vez introducidos los datos de acceso, acceder\u00e1 a la [&hellip;]<\/p>\n","protected":false},"author":6,"featured_media":0,"comment_status":"closed","ping_status":"closed","sticky":false,"template":"","format":"standard","meta":{"jetpack_post_was_ever_published":false,"_jetpack_newsletter_access":"","_jetpack_dont_email_post_to_subs":false,"_jetpack_newsletter_tier_id":0,"_jetpack_memberships_contains_paywalled_content":false,"_jetpack_memberships_contains_paid_content":false,"footnotes":""},"categories":[20],"tags":[127],"class_list":["post-2770","post","type-post","status-publish","format-standard","hentry","category-info-biblioteca","tag-cheque-libro"],"jetpack_featured_media_url":"","jetpack_sharing_enabled":true,"jetpack_shortlink":"https:\/\/wp.me\/p9VlHp-IG","jetpack-related-posts":[{"id":136,"url":"https:\/\/www.ceipmaestrorafaelbravomartin.es\/?p=136","url_meta":{"origin":2770,"position":0},"title":"Convocator\u00eda de Reuni\u00f3n Informativa a las familias sobre PASEN","author":"CEIP Maestro Rafael Bravo Mart\u00edn","date":"24 enero, 2011","format":false,"excerpt":"Se convoca a los tutores legales del alumnado del Centro a la reuni\u00f3n informativa que tendr\u00e1 lugar el pr\u00f3ximo martes d\u00eda 1 de febrero en el Sal\u00f3n de Usos M\u00faltiples del Centro. El motivo es dar a conocer la plataforma educativa PASEN que durante el presente curso escolar vamos a\u2026","rel":"","context":"En \u00abNoticias TIC\u00bb","block_context":{"text":"Noticias TIC","link":"https:\/\/www.ceipmaestrorafaelbravomartin.es\/?cat=19"},"img":{"alt_text":"","src":"","width":0,"height":0},"classes":[]},{"id":171,"url":"https:\/\/www.ceipmaestrorafaelbravomartin.es\/?p=171","url_meta":{"origin":2770,"position":1},"title":"Informaci\u00f3n cheques-libro del primer ciclo de Primaria.","author":"CEIP Maestro Rafael Bravo Mart\u00edn","date":"28 junio, 2011","format":false,"excerpt":"Se informa a todos los padres, madres y\/o tutores legales del alumnado de 1\u00ba y 2\u00ba de Primaria que ya est\u00e1n disponibles los cheques-libro para el curso que viene. Pueden pasar a recogerlos por Secretar\u00eda en el horario habitual hasta el d\u00eda 30 de junio.","rel":"","context":"En \u00abSecretar\u00eda\u00bb","block_context":{"text":"Secretar\u00eda","link":"https:\/\/www.ceipmaestrorafaelbravomartin.es\/?cat=16"},"img":{"alt_text":"","src":"","width":0,"height":0},"classes":[]},{"id":129,"url":"https:\/\/www.ceipmaestrorafaelbravomartin.es\/?p=129","url_meta":{"origin":2770,"position":2},"title":"Presentaci\u00f3n Pasen perfil profesorado y manuales","author":"CEIP Maestro Rafael Bravo Mart\u00edn","date":"17 enero, 2011","format":false,"excerpt":"Presentaci\u00f3n sobre PASEN, m\u00f3dulo que actualmente forma parte de SENECA (plataforma para la gesti\u00f3n de los centros docentes de Andaluc\u00eda) y que permite la comunicaci\u00f3n entre profesorado, alumnado y tutores legales. A continuaci\u00f3n pod\u00e9is encontrar tambi\u00e9n los manuales a los que se hace referencia en la presentaci\u00f3n. \u00a0 - Manual\u2026","rel":"","context":"En \u00abDocumentos TIC\u00bb","block_context":{"text":"Documentos TIC","link":"https:\/\/www.ceipmaestrorafaelbravomartin.es\/?cat=37"},"img":{"alt_text":"","src":"","width":0,"height":0},"classes":[]},{"id":201,"url":"https:\/\/www.ceipmaestrorafaelbravomartin.es\/?p=201","url_meta":{"origin":2770,"position":3},"title":"Convocatoria Reuni\u00f3n Informativa a las familias sobre PASEN","author":"CEIP Maestro Rafael Bravo Mart\u00edn","date":"9 noviembre, 2011","format":false,"excerpt":"Se convoca a todos los padres, madres y\/o los tutores legales del alumnado de 1\u00ba, 2\u00ba, y 3\u00ba de primaria a la reuni\u00f3n informativa que tendr\u00e1 lugar el pr\u00f3ximo martes d\u00eda 15 de noviembre a las 17 horas en el Sal\u00f3n de Usos M\u00faltiples del Centro. El motivo es dar\u2026","rel":"","context":"En \u00abNoticias TIC\u00bb","block_context":{"text":"Noticias TIC","link":"https:\/\/www.ceipmaestrorafaelbravomartin.es\/?cat=19"},"img":{"alt_text":"","src":"","width":0,"height":0},"classes":[]},{"id":206,"url":"https:\/\/www.ceipmaestrorafaelbravomartin.es\/?p=206","url_meta":{"origin":2770,"position":4},"title":"Convocatoria Reuni\u00f3n Informativa a las familias sobre PASEN","author":"CEIP Maestro Rafael Bravo Mart\u00edn","date":"18 noviembre, 2011","format":false,"excerpt":"Se convoca a todos los padres, madres y\/o los tutores legales del alumnado de 4\u00ba, 5\u00ba y 6\u00ba de primaria a la reuni\u00f3n informativa que tendr\u00e1 lugar el pr\u00f3ximo martes d\u00eda 22 de noviembre a las 17 horas en el Sal\u00f3n de Usos M\u00faltiples del Centro. El motivo es dar\u2026","rel":"","context":"En \u00abNoticias TIC\u00bb","block_context":{"text":"Noticias TIC","link":"https:\/\/www.ceipmaestrorafaelbravomartin.es\/?cat=19"},"img":{"alt_text":"","src":"","width":0,"height":0},"classes":[]},{"id":139,"url":"https:\/\/www.ceipmaestrorafaelbravomartin.es\/?p=139","url_meta":{"origin":2770,"position":5},"title":"Incidencias en Pasen","author":"CEIP Maestro Rafael Bravo Mart\u00edn","date":"4 febrero, 2011","format":false,"excerpt":"Tras la sesi\u00f3n informativa sobre el uso de Pasen que se celebr\u00f3 el pasado martes, hemos recibido numerosas incidencias en relaci\u00f3n a las credenciales que se les ha proporcionado a los tutores legales y alumnado. Por causas ajenas al Centro, algunas de las claves no son correctas. Por tanto, si\u2026","rel":"","context":"En \u00abNoticias TIC\u00bb","block_context":{"text":"Noticias TIC","link":"https:\/\/www.ceipmaestrorafaelbravomartin.es\/?cat=19"},"img":{"alt_text":"","src":"","width":0,"height":0},"classes":[]}],"_links":{"self":[{"href":"https:\/\/www.ceipmaestrorafaelbravomartin.es\/index.php?rest_route=\/wp\/v2\/posts\/2770","targetHints":{"allow":["GET"]}}],"collection":[{"href":"https:\/\/www.ceipmaestrorafaelbravomartin.es\/index.php?rest_route=\/wp\/v2\/posts"}],"about":[{"href":"https:\/\/www.ceipmaestrorafaelbravomartin.es\/index.php?rest_route=\/wp\/v2\/types\/post"}],"author":[{"embeddable":true,"href":"https:\/\/www.ceipmaestrorafaelbravomartin.es\/index.php?rest_route=\/wp\/v2\/users\/6"}],"replies":[{"embeddable":true,"href":"https:\/\/www.ceipmaestrorafaelbravomartin.es\/index.php?rest_route=%2Fwp%2Fv2%2Fcomments&post=2770"}],"version-history":[{"count":2,"href":"https:\/\/www.ceipmaestrorafaelbravomartin.es\/index.php?rest_route=\/wp\/v2\/posts\/2770\/revisions"}],"predecessor-version":[{"id":2772,"href":"https:\/\/www.ceipmaestrorafaelbravomartin.es\/index.php?rest_route=\/wp\/v2\/posts\/2770\/revisions\/2772"}],"wp:attachment":[{"href":"https:\/\/www.ceipmaestrorafaelbravomartin.es\/index.php?rest_route=%2Fwp%2Fv2%2Fmedia&parent=2770"}],"wp:term":[{"taxonomy":"category","embeddable":true,"href":"https:\/\/www.ceipmaestrorafaelbravomartin.es\/index.php?rest_route=%2Fwp%2Fv2%2Fcategories&post=2770"},{"taxonomy":"post_tag","embeddable":true,"href":"https:\/\/www.ceipmaestrorafaelbravomartin.es\/index.php?rest_route=%2Fwp%2Fv2%2Ftags&post=2770"}],"curies":[{"name":"wp","href":"https:\/\/api.w.org\/{rel}","templated":true}]}}