{"id":278,"date":"2012-12-01T17:45:39","date_gmt":"2012-12-01T16:45:39","guid":{"rendered":"http:\/\/blogasuncion.es\/?p=278"},"modified":"2014-10-12T19:48:29","modified_gmt":"2014-10-12T17:48:29","slug":"la-amistad-no-caduca","status":"publish","type":"post","link":"https:\/\/www.ceipmaestrorafaelbravomartin.es\/?p=278","title":{"rendered":"LA AMISTAD NO CADUCA"},"content":{"rendered":"<p>\u00a0<\/p>\n<p style=\"text-align: center;\"><strong>No se trabaja de maestr@, se es maestr@.<\/strong><\/p>\n<p style=\"text-align: center;\">\u00a0<\/p>\n<p style=\"text-align: center;\">Un colegio no s\u00f3lo une maestr@s en su trabajo, los hace amig@s.<\/p>\n<p style=\"text-align: center;\">Se comparten, se viven muchas cosas, que crean una amistad<\/p>\n<p style=\"text-align: center;\">duradera mucho m\u00e1s all\u00e1 del colegio y del tiempo.<\/p>\n<p style=\"text-align: center;\">\u00a0<\/p>\n<p><object codebase=\"http:\/\/download.macromedia.com\/pub\/shockwave\/cabs\/flash\/swflash.cab#version=10,0,32,18\" classid=\"clsid:d27cdb6e-ae6d-11cf-96b8-444553540000\" type=\"application\/x-shockwave-flash\" height=\"315\" width=\"560\" style=\"display: block; margin-left: auto; margin-right: auto;\"><param name=\"allowFullScreen\" value=\"true\" \/><param name=\"allowscriptaccess\" value=\"always\" \/><param name=\"src\" value=\"http:\/\/www.youtube.com\/v\/RUwQI9q5KGY?version=3&amp;hl=es_ES&amp;rel=0\" \/><\/object><br \/>\n&nbsp; {jcomments on}<\/p>\n","protected":false},"excerpt":{"rendered":"<p>\u00a0 No se trabaja de maestr@, se es maestr@. \u00a0 Un colegio no s\u00f3lo une maestr@s en su trabajo, los hace amig@s. Se comparten, se viven muchas cosas, que crean una amistad duradera mucho m\u00e1s all\u00e1 del colegio y del tiempo. \u00a0 &nbsp; {jcomments on}<\/p>\n","protected":false},"author":4,"featured_media":0,"comment_status":"closed","ping_status":"closed","sticky":false,"template":"","format":"standard","meta":{"jetpack_post_was_ever_published":false,"_jetpack_newsletter_access":"","_jetpack_dont_email_post_to_subs":false,"_jetpack_newsletter_tier_id":0,"_jetpack_memberships_contains_paywalled_content":false,"_jetpack_memberships_contains_paid_content":false,"footnotes":""},"categories":[24],"tags":[],"class_list":["post-278","post","type-post","status-publish","format-standard","hentry","category-c59-dedicatorias"],"jetpack_featured_media_url":"","jetpack_sharing_enabled":true,"jetpack_shortlink":"https:\/\/wp.me\/p9VlHp-4u","jetpack-related-posts":[{"id":314,"url":"https:\/\/www.ceipmaestrorafaelbravomartin.es\/?p=314","url_meta":{"origin":278,"position":0},"title":"Poemas para nuestro amigo AMIR","author":"CEIP Maestro Rafael Bravo Mart\u00edn","date":"10 abril, 2013","format":false,"excerpt":"Desde esta entrada de nuestra web, queremos mandar todo el \u00e1nimo y apoyo del mundo a nuestro compa\u00f1ero Amir de 6\u00baB, para que se recupere lo antes posible de la operaci\u00f3n que le acaban de realizar. Esperamos que, la lectura de estos \"poemas de amistad\", te insufle \u00e1nimos y fuerzas\u2026","rel":"","context":"En \u00abDedicatorias\u00bb","block_context":{"text":"Dedicatorias","link":"https:\/\/www.ceipmaestrorafaelbravomartin.es\/?cat=24"},"img":{"alt_text":"","src":"","width":0,"height":0},"classes":[]},{"id":68,"url":"https:\/\/www.ceipmaestrorafaelbravomartin.es\/?p=68","url_meta":{"origin":278,"position":1},"title":"Bob esponja y sus amigos y amigas","author":"CEIP Maestro Rafael Bravo Mart\u00edn","date":"26 octubre, 2010","format":false,"excerpt":"\u00a0\u00a0 Para los y las peques\u00a0Ya desde el curso pasado, las peripecias y aventuras de nuestro bob esponja, patricio, arenita, calamardo, el se\u00f1or cangrejo, plancton y demas personajes de este orignal serie entusuasma a ni\u00f1os y ni\u00f1as de nuestro colegio,Podemos destacar el alto grado de valores presentes en la serie,\u2026","rel":"","context":"En \u00abRecomendaciones\u00bb","block_context":{"text":"Recomendaciones","link":"https:\/\/www.ceipmaestrorafaelbravomartin.es\/?cat=22"},"img":{"alt_text":"","src":"https:\/\/i0.wp.com\/blogasuncion.es\/wp-content\/uploads\/2010\/10\/bob.jpg?resize=350%2C200","width":350,"height":200},"classes":[]},{"id":1999,"url":"https:\/\/www.ceipmaestrorafaelbravomartin.es\/?p=1999","url_meta":{"origin":278,"position":2},"title":"S\u00c9PTIMO ANIVERSARIO","author":"CEIP Maestro Rafael Bravo Mart\u00edn","date":"19 enero, 2020","format":false,"excerpt":"S\u00c9PTIMO ANIVERSARIO \"Una de las caracter\u00edsticas que tiene la verdadera amistad, es que supera cualquier distancia.\" Despu\u00e9s de siete a\u00f1os tu amistad supera la distancia del tiempo...adem\u00e1s de compa\u00f1ero fuiste un amigo. \"Nunca digo adi\u00f3s, no dejo que las personas m\u00e1s cercanas a m\u00ed se vayan.\"","rel":"","context":"En \u00abDedicatorias\u00bb","block_context":{"text":"Dedicatorias","link":"https:\/\/www.ceipmaestrorafaelbravomartin.es\/?cat=24"},"img":{"alt_text":"","src":"https:\/\/i0.wp.com\/www.ceipmaestrorafaelbravomartin.es\/wp-content\/uploads\/2020\/01\/S%C3%89PTIMO-ANIVERSARIO.jpg?resize=350%2C200&ssl=1","width":350,"height":200,"srcset":"https:\/\/i0.wp.com\/www.ceipmaestrorafaelbravomartin.es\/wp-content\/uploads\/2020\/01\/S%C3%89PTIMO-ANIVERSARIO.jpg?resize=350%2C200&ssl=1 1x, https:\/\/i0.wp.com\/www.ceipmaestrorafaelbravomartin.es\/wp-content\/uploads\/2020\/01\/S%C3%89PTIMO-ANIVERSARIO.jpg?resize=525%2C300&ssl=1 1.5x, https:\/\/i0.wp.com\/www.ceipmaestrorafaelbravomartin.es\/wp-content\/uploads\/2020\/01\/S%C3%89PTIMO-ANIVERSARIO.jpg?resize=700%2C400&ssl=1 2x, https:\/\/i0.wp.com\/www.ceipmaestrorafaelbravomartin.es\/wp-content\/uploads\/2020\/01\/S%C3%89PTIMO-ANIVERSARIO.jpg?resize=1050%2C600&ssl=1 3x, https:\/\/i0.wp.com\/www.ceipmaestrorafaelbravomartin.es\/wp-content\/uploads\/2020\/01\/S%C3%89PTIMO-ANIVERSARIO.jpg?resize=1400%2C800&ssl=1 4x"},"classes":[]},{"id":52,"url":"https:\/\/www.ceipmaestrorafaelbravomartin.es\/?p=52","url_meta":{"origin":278,"position":3},"title":"El oto\u00f1o lleg\u00f3 a nuestro colegio.","author":"CEIP Maestro Rafael Bravo Mart\u00edn","date":"29 septiembre, 2009","format":false,"excerpt":"Desde el 9 al 13 de noviembre de 2009 \u00a0realizamos en el colegio varias actividades relacionadas con el oto\u00f1o.- Se decor\u00f3 el colegio con adornos realizados por los alumnos\/as .- El mi\u00e9rcoles 11 vino un CASTA\u00d1ERO para que todos comieramos casta\u00f1as y todos los alumnos\/as se disfrazaron como viejecitos\/as.- El\u2026","rel":"","context":"En \u00abCurso 2009\/10\u00bb","block_context":{"text":"Curso 2009\/10","link":"https:\/\/www.ceipmaestrorafaelbravomartin.es\/?cat=27"},"img":{"alt_text":"","src":"","width":0,"height":0},"classes":[]},{"id":81,"url":"https:\/\/www.ceipmaestrorafaelbravomartin.es\/?p=81","url_meta":{"origin":278,"position":4},"title":"Haloween 2010","author":"CEIP Maestro Rafael Bravo Mart\u00edn","date":"2 noviembre, 2010","format":false,"excerpt":"El pasado 29 de octubre celebramos en el colegio la fiesta de Haloween. Entre las actividades que se realizaron, destacamos el trabajo realizado por el alumnado de 3\u00ba B, que en colaboraci\u00f3n con la clase de 5\u00ba B que se encarg\u00f3 de la decoraci\u00f3n, elabor\u00f3 unas calabazas que fueron expuestas\u2026","rel":"","context":"En \u00abActividades extraescolares\u00bb","block_context":{"text":"Actividades extraescolares","link":"https:\/\/www.ceipmaestrorafaelbravomartin.es\/?cat=14"},"img":{"alt_text":"","src":"","width":0,"height":0},"classes":[]},{"id":1731,"url":"https:\/\/www.ceipmaestrorafaelbravomartin.es\/?p=1731","url_meta":{"origin":278,"position":5},"title":"BIENVENIDA CURSO 2017-2018","author":"CEIP Maestro Rafael Bravo Mart\u00edn","date":"14 septiembre, 2017","format":false,"excerpt":"BIENVENIDA Todo el claustro de profesores\/as os damos la bienvenida a este nuevo curso y a vuestro colegio. Como todo lo que comienza genera nuevas expectativas, ilusiones y posibilidades de mejorar aquello que sea necesario. El esp\u00edritu cr\u00edtico constructivo, emprendedor, el gusto por descubrir, aprender, colaborar, cooperar, respetar a todo\u2026","rel":"","context":"En \u00abDirecci\u00f3n\u00bb","block_context":{"text":"Direcci\u00f3n","link":"https:\/\/www.ceipmaestrorafaelbravomartin.es\/?cat=46"},"img":{"alt_text":"Principito","src":"https:\/\/i0.wp.com\/www.ceipmaestrorafaelbravomartin.es\/wp-content\/uploads\/2017\/09\/Principito-292x300.png?resize=350%2C200","width":350,"height":200},"classes":[]}],"_links":{"self":[{"href":"https:\/\/www.ceipmaestrorafaelbravomartin.es\/index.php?rest_route=\/wp\/v2\/posts\/278","targetHints":{"allow":["GET"]}}],"collection":[{"href":"https:\/\/www.ceipmaestrorafaelbravomartin.es\/index.php?rest_route=\/wp\/v2\/posts"}],"about":[{"href":"https:\/\/www.ceipmaestrorafaelbravomartin.es\/index.php?rest_route=\/wp\/v2\/types\/post"}],"author":[{"embeddable":true,"href":"https:\/\/www.ceipmaestrorafaelbravomartin.es\/index.php?rest_route=\/wp\/v2\/users\/4"}],"replies":[{"embeddable":true,"href":"https:\/\/www.ceipmaestrorafaelbravomartin.es\/index.php?rest_route=%2Fwp%2Fv2%2Fcomments&post=278"}],"version-history":[{"count":2,"href":"https:\/\/www.ceipmaestrorafaelbravomartin.es\/index.php?rest_route=\/wp\/v2\/posts\/278\/revisions"}],"predecessor-version":[{"id":858,"href":"https:\/\/www.ceipmaestrorafaelbravomartin.es\/index.php?rest_route=\/wp\/v2\/posts\/278\/revisions\/858"}],"wp:attachment":[{"href":"https:\/\/www.ceipmaestrorafaelbravomartin.es\/index.php?rest_route=%2Fwp%2Fv2%2Fmedia&parent=278"}],"wp:term":[{"taxonomy":"category","embeddable":true,"href":"https:\/\/www.ceipmaestrorafaelbravomartin.es\/index.php?rest_route=%2Fwp%2Fv2%2Fcategories&post=278"},{"taxonomy":"post_tag","embeddable":true,"href":"https:\/\/www.ceipmaestrorafaelbravomartin.es\/index.php?rest_route=%2Fwp%2Fv2%2Ftags&post=278"}],"curies":[{"name":"wp","href":"https:\/\/api.w.org\/{rel}","templated":true}]}}