{"id":279,"date":"2012-12-07T12:44:10","date_gmt":"2012-12-07T11:44:10","guid":{"rendered":"http:\/\/blogasuncion.es\/?p=279"},"modified":"2014-10-12T19:47:57","modified_gmt":"2014-10-12T17:47:57","slug":"navidad-primer-ciclo","status":"publish","type":"post","link":"https:\/\/www.ceipmaestrorafaelbravomartin.es\/?p=279","title":{"rendered":"NAVIDAD PRIMER CICLO"},"content":{"rendered":"<p style=\"text-align: center;\">\u00a0<\/p>\n<p style=\"text-align: center;\">Se acercan las esperadas fiestas de Navidad y en el colegio nos vamos llenando de ambiente navide\u00f1o.<\/p>\n<p style=\"text-align: center;\">Primer ciclo ya est\u00e1 preparando el certamen de villancicos de este a\u00f1o y para que puedan practicar en casa os dejamos las dos canciones que interpretar\u00e1n el \u00faltimo d\u00eda de clase.<\/p>\n<p style=\"text-align: center;\">\u00a0<\/p>\n<p><object codebase=\"http:\/\/download.macromedia.com\/pub\/shockwave\/cabs\/flash\/swflash.cab#version=10,0,32,18\" classid=\"clsid:d27cdb6e-ae6d-11cf-96b8-444553540000\" type=\"application\/x-shockwave-flash\" height=\"292\" width=\"480\" style=\"display: block; margin-left: auto; margin-right: auto;\"><param name=\"allowScriptAccess\" value=\"always\" \/><param name=\"src\" value=\"https:\/\/www.youtube.com\/v\/rlr4uXAz-JM?version=3&amp;autoplay=0\" \/>&nbsp;<\/embed>&nbsp;<\/object><br \/>\n&nbsp;  &nbsp;<\/p>\n<p style=\"text-align: center;\">\u00a0<\/p>\n<p><object codebase=\"http:\/\/download.macromedia.com\/pub\/shockwave\/cabs\/flash\/swflash.cab#version=10,0,32,18\" classid=\"clsid:d27cdb6e-ae6d-11cf-96b8-444553540000\" type=\"application\/x-shockwave-flash\" height=\"292\" width=\"480\" style=\"display: block; margin-left: auto; margin-right: auto;\"><param name=\"allowScriptAccess\" value=\"always\" \/><param name=\"src\" value=\"https:\/\/www.youtube.com\/v\/TeNJmOsBS94?version=3&amp;autoplay=0\" \/>&nbsp;<\/object><br \/>\n&nbsp; &nbsp; &nbsp; &nbsp; &nbsp; &nbsp;<\/p>\n<p style=\"text-align: center;\">\u00a0<\/p>\n<p>&nbsp;  &nbsp;&nbsp;  Merry Christmas!!<\/p>\n","protected":false},"excerpt":{"rendered":"<p>\u00a0 Se acercan las esperadas fiestas de Navidad y en el colegio nos vamos llenando de ambiente navide\u00f1o. Primer ciclo ya est\u00e1 preparando el certamen de villancicos de este a\u00f1o y para que puedan practicar en casa os dejamos las dos canciones que interpretar\u00e1n el \u00faltimo d\u00eda de clase. \u00a0 [&hellip;]<\/p>\n","protected":false},"author":4,"featured_media":0,"comment_status":"closed","ping_status":"closed","sticky":false,"template":"","format":"standard","meta":{"jetpack_post_was_ever_published":false,"_jetpack_newsletter_access":"","_jetpack_dont_email_post_to_subs":false,"_jetpack_newsletter_tier_id":0,"_jetpack_memberships_contains_paywalled_content":false,"_jetpack_memberships_contains_paid_content":false,"footnotes":""},"categories":[14],"tags":[],"class_list":["post-279","post","type-post","status-publish","format-standard","hentry","category-estraexcolares"],"jetpack_featured_media_url":"","jetpack_sharing_enabled":true,"jetpack_shortlink":"https:\/\/wp.me\/p9VlHp-4v","jetpack-related-posts":[{"id":221,"url":"https:\/\/www.ceipmaestrorafaelbravomartin.es\/?p=221","url_meta":{"origin":279,"position":0},"title":"Celebraci\u00f3n de la Navidad","author":"CEIP Maestro Rafael Bravo Mart\u00edn","date":"9 enero, 2012","format":false,"excerpt":"Con motivo de la Navidad se han llevado a cabo en el Centro varias actividades, algunas de las cuales queremos compartir con toda la Comunidad Educativa. Para comenzar, os dejamos el Certamen de Villancicos que el primer ciclo de Primaria realiz\u00f3 en el sal\u00f3n de actos del Centro. \u00a0 \u00a0\u00a0\u2026","rel":"","context":"En \u00abCurso 2011\/12\u00bb","block_context":{"text":"Curso 2011\/12","link":"https:\/\/www.ceipmaestrorafaelbravomartin.es\/?cat=45"},"img":{"alt_text":"Taller cocina","src":"https:\/\/i0.wp.com\/www.ceipmaestrorafaelbravomartin.es\/wp-content\/uploads\/2012\/01\/collage.jpg?resize=350%2C200&ssl=1","width":350,"height":200,"srcset":"https:\/\/i0.wp.com\/www.ceipmaestrorafaelbravomartin.es\/wp-content\/uploads\/2012\/01\/collage.jpg?resize=350%2C200&ssl=1 1x, https:\/\/i0.wp.com\/www.ceipmaestrorafaelbravomartin.es\/wp-content\/uploads\/2012\/01\/collage.jpg?resize=525%2C300&ssl=1 1.5x, https:\/\/i0.wp.com\/www.ceipmaestrorafaelbravomartin.es\/wp-content\/uploads\/2012\/01\/collage.jpg?resize=700%2C400&ssl=1 2x"},"classes":[]},{"id":122,"url":"https:\/\/www.ceipmaestrorafaelbravomartin.es\/?p=122","url_meta":{"origin":279,"position":1},"title":"Celebraci\u00f3n de la navidad en el cole","author":"CEIP Maestro Rafael Bravo Mart\u00edn","date":"27 diciembre, 2010","format":false,"excerpt":"Aqu\u00ed les dejamos una presentaci\u00f3n de im\u00e1genes a modo resumen de las actividades realizadas en nuestro Centro durante la Navidad.\u00a0 Navidad en el Primer Ciclo - diapositivas","rel":"","context":"En \u00abCurso 2010\/11\u00bb","block_context":{"text":"Curso 2010\/11","link":"https:\/\/www.ceipmaestrorafaelbravomartin.es\/?cat=40"},"img":{"alt_text":"","src":"","width":0,"height":0},"classes":[]},{"id":1793,"url":"https:\/\/www.ceipmaestrorafaelbravomartin.es\/?p=1793","url_meta":{"origin":279,"position":2},"title":"TARJETAS NAVIDE\u00d1AS","author":"CEIP Maestro Rafael Bravo Mart\u00edn","date":"7 diciembre, 2017","format":false,"excerpt":"En la semana del 17 al 22 de diciembre, el alumnado de SEXTO, tiene prevista la visita a la Residencia de Ancianos de Alcal\u00e1 del R\u00edo. Quieren llevar a nuestros mayores un poquito de alegr\u00eda en estas fechas pr\u00f3ximas a la Navidad. Cantar\u00e1n para ellos y con ellos, algunos villancicos\u2026","rel":"","context":"En \u00abActividades extraescolares\u00bb","block_context":{"text":"Actividades extraescolares","link":"https:\/\/www.ceipmaestrorafaelbravomartin.es\/?cat=14"},"img":{"alt_text":"","src":"","width":0,"height":0},"classes":[]},{"id":1799,"url":"https:\/\/www.ceipmaestrorafaelbravomartin.es\/?p=1799","url_meta":{"origin":279,"position":3},"title":"\u00a1Navidad!","author":"CEIP Maestro Rafael Bravo Mart\u00edn","date":"20 diciembre, 2017","format":false,"excerpt":"Siempre se ha dicho que la Navidad es una fiesta para estar en familia, por eso pensamos que es muy importante dedicar algo de tiempo a nuestros mayores. El alumnado de sexto ha estado en la Residencia de Ancianos para llevarles un cachito de Navidad. Queremos compartir con vosotros nuestros\u2026","rel":"","context":"En \u00abEventos\u00bb","block_context":{"text":"Eventos","link":"https:\/\/www.ceipmaestrorafaelbravomartin.es\/?cat=103"},"img":{"alt_text":"","src":"","width":0,"height":0},"classes":[]},{"id":1406,"url":"https:\/\/www.ceipmaestrorafaelbravomartin.es\/?p=1406","url_meta":{"origin":279,"position":4},"title":"Excursi\u00f3n al Cirklas.","author":"CEIP Maestro Rafael Bravo Mart\u00edn","date":"10 marzo, 2016","format":false,"excerpt":"La formaci\u00f3n fuera de las aulas tambi\u00e9n es importante en nuestro colegio, ya que el juego y la diversi\u00f3n debe ser una parte importante en el proceso de aprendizaje de nuestros alumn@s. Aqu\u00ed ten\u00e9is la excursi\u00f3n realizada por el Primer Ciclo, donde podr\u00e9is comprobar lo bien que lo pasamos alumn@s\u2026","rel":"","context":"En \u00abPrimer Ciclo\u00bb","block_context":{"text":"Primer Ciclo","link":"https:\/\/www.ceipmaestrorafaelbravomartin.es\/?cat=107"},"img":{"alt_text":"","src":"https:\/\/i0.wp.com\/img.youtube.com\/vi\/-ZcR5IXmFl8\/0.jpg?resize=350%2C200","width":350,"height":200},"classes":[]},{"id":10,"url":"https:\/\/www.ceipmaestrorafaelbravomartin.es\/?p=10","url_meta":{"origin":279,"position":5},"title":"Instalaciones","author":"CEIP Maestro Rafael Bravo Mart\u00edn","date":"13 octubre, 2010","format":false,"excerpt":"Nuestro colegio est\u00e1 formado por tres edificios: El primer edificio cuenta con tres plantas donde se ubican las aulas de Educaci\u00f3n Primaria: Ciclo 1\u00ba en planta baja.Ciclo 2\u00ba en planta primera.Ciclo 3\u00ba en la segunda planta. En el segundo edificio se ubica: Infantil (dos aulas de cada nivel).Dos aulas de\u2026","rel":"","context":"En \u00abEl centro\u00bb","block_context":{"text":"El centro","link":"https:\/\/www.ceipmaestrorafaelbravomartin.es\/?cat=10"},"img":{"alt_text":"","src":"","width":0,"height":0},"classes":[]}],"_links":{"self":[{"href":"https:\/\/www.ceipmaestrorafaelbravomartin.es\/index.php?rest_route=\/wp\/v2\/posts\/279","targetHints":{"allow":["GET"]}}],"collection":[{"href":"https:\/\/www.ceipmaestrorafaelbravomartin.es\/index.php?rest_route=\/wp\/v2\/posts"}],"about":[{"href":"https:\/\/www.ceipmaestrorafaelbravomartin.es\/index.php?rest_route=\/wp\/v2\/types\/post"}],"author":[{"embeddable":true,"href":"https:\/\/www.ceipmaestrorafaelbravomartin.es\/index.php?rest_route=\/wp\/v2\/users\/4"}],"replies":[{"embeddable":true,"href":"https:\/\/www.ceipmaestrorafaelbravomartin.es\/index.php?rest_route=%2Fwp%2Fv2%2Fcomments&post=279"}],"version-history":[{"count":1,"href":"https:\/\/www.ceipmaestrorafaelbravomartin.es\/index.php?rest_route=\/wp\/v2\/posts\/279\/revisions"}],"predecessor-version":[{"id":856,"href":"https:\/\/www.ceipmaestrorafaelbravomartin.es\/index.php?rest_route=\/wp\/v2\/posts\/279\/revisions\/856"}],"wp:attachment":[{"href":"https:\/\/www.ceipmaestrorafaelbravomartin.es\/index.php?rest_route=%2Fwp%2Fv2%2Fmedia&parent=279"}],"wp:term":[{"taxonomy":"category","embeddable":true,"href":"https:\/\/www.ceipmaestrorafaelbravomartin.es\/index.php?rest_route=%2Fwp%2Fv2%2Fcategories&post=279"},{"taxonomy":"post_tag","embeddable":true,"href":"https:\/\/www.ceipmaestrorafaelbravomartin.es\/index.php?rest_route=%2Fwp%2Fv2%2Ftags&post=279"}],"curies":[{"name":"wp","href":"https:\/\/api.w.org\/{rel}","templated":true}]}}