{"id":280,"date":"2012-12-17T17:09:14","date_gmt":"2012-12-17T16:09:14","guid":{"rendered":"http:\/\/blogasuncion.es\/?p=280"},"modified":"2014-12-15T13:24:19","modified_gmt":"2014-12-15T12:24:19","slug":"entrega-de-boletines","status":"publish","type":"post","link":"https:\/\/www.ceipmaestrorafaelbravomartin.es\/?p=280","title":{"rendered":"ENTREGA DE BOLETINES"},"content":{"rendered":"<p>Ma\u00f1ana<strong> martes 18 de diciembre de 2012<\/strong>, se entregar\u00e1n los<strong> BOLETINES DE CALIFICACIONES<\/strong> correspondientes a la PRIMERA EVALUACI\u00d3N del presente curso, a los\/as tutores\/tutoras legales del alumnado.<\/p>\n<p>&nbsp;<\/p>\n<p>El <strong>horario de entrega ser\u00e1 de 16:00 a 18:00 horas <\/strong>en el aula de sus hijos\/hijas.<\/p>\n<p>&nbsp;<\/p>\n<p>EL EQUIPO DIRECTIVO<\/p>\n","protected":false},"excerpt":{"rendered":"<p>Ma\u00f1ana martes 18 de diciembre de 2012, se entregar\u00e1n los BOLETINES DE CALIFICACIONES correspondientes a la PRIMERA EVALUACI\u00d3N del presente curso, a los\/as tutores\/tutoras legales del alumnado. &nbsp; El horario de entrega ser\u00e1 de 16:00 a 18:00 horas en el aula de sus hijos\/hijas. &nbsp; EL EQUIPO DIRECTIVO<\/p>\n","protected":false},"author":4,"featured_media":0,"comment_status":"closed","ping_status":"open","sticky":false,"template":"","format":"standard","meta":{"jetpack_post_was_ever_published":false,"_jetpack_newsletter_access":"","_jetpack_dont_email_post_to_subs":false,"_jetpack_newsletter_tier_id":0,"_jetpack_memberships_contains_paywalled_content":false,"_jetpack_memberships_contains_paid_content":false,"footnotes":""},"categories":[10],"tags":[],"class_list":["post-280","post","type-post","status-publish","format-standard","hentry","category-centro"],"jetpack_featured_media_url":"","jetpack_sharing_enabled":true,"jetpack_shortlink":"https:\/\/wp.me\/p9VlHp-4w","jetpack-related-posts":[{"id":1041,"url":"https:\/\/www.ceipmaestrorafaelbravomartin.es\/?p=1041","url_meta":{"origin":280,"position":0},"title":"Entrega de boletines","author":"CEIP Maestro Rafael Bravo Mart\u00edn","date":"15 diciembre, 2014","format":false,"excerpt":"Ma\u00f1ana, martes 16 de diciembre de 2014, se entregar\u00e1n los BOLETINES DE CALIFICACIONES de la PRIMERA EVALUACI\u00d3N al alumnado de Primar\u00eda a las 14:00 horas antes de salir de clase. Por la tarde, desde las 16:00 a las 18:00 horas, podr\u00e1n acudir aquellos\/as tutores\/as legales, que deseen hace alguna consulta\u2026","rel":"","context":"En \u00abEl centro\u00bb","block_context":{"text":"El centro","link":"https:\/\/www.ceipmaestrorafaelbravomartin.es\/?cat=10"},"img":{"alt_text":"","src":"","width":0,"height":0},"classes":[]},{"id":2054,"url":"https:\/\/www.ceipmaestrorafaelbravomartin.es\/?p=2054","url_meta":{"origin":280,"position":1},"title":"H\u00c1BITOS DE VIDA SALUDABLE","author":"CEIP Maestro Rafael Bravo Mart\u00edn","date":"11 febrero, 2020","format":false,"excerpt":"En el marco del \u201cPlan Escolar de Consumo de Frutas y Hortalizas\", recurso para promover Estilos de Vida Saludable del que nuestro centro es beneficiario, nos comunican que hemos resultado seleccionados para recibir el\u00a0\"Kit de\u00a0Materiales para Huertos Escolares\u201d El\u00a0material del que consta el Kit se\u00a0repartir\u00e1\u00a0a los centros educativos beneficiarios\u00a0dividido\u00a0en dos\u2026","rel":"","context":"En \u00abEl centro\u00bb","block_context":{"text":"El centro","link":"https:\/\/www.ceipmaestrorafaelbravomartin.es\/?cat=10"},"img":{"alt_text":"","src":"https:\/\/i0.wp.com\/www.ceipmaestrorafaelbravomartin.es\/wp-content\/uploads\/2020\/02\/unnamed.jpg?resize=350%2C200","width":350,"height":200,"srcset":"https:\/\/i0.wp.com\/www.ceipmaestrorafaelbravomartin.es\/wp-content\/uploads\/2020\/02\/unnamed.jpg?resize=350%2C200 1x, https:\/\/i0.wp.com\/www.ceipmaestrorafaelbravomartin.es\/wp-content\/uploads\/2020\/02\/unnamed.jpg?resize=525%2C300 1.5x"},"classes":[]},{"id":244,"url":"https:\/\/www.ceipmaestrorafaelbravomartin.es\/?p=244","url_meta":{"origin":280,"position":2},"title":"\u00c1lvarez de la Chica entrega los Premios al Reconocimiento del M\u00e9rito en el \u00c1mbito Educ. de Sevilla","author":"CEIP Maestro Rafael Bravo Mart\u00edn","date":"13 abril, 2012","format":false,"excerpt":"Los galardones distinguen a personas y entidades que destacan por su contribuci\u00f3n a la mejora de la calidad de la ense\u00f1anza en la provincia Jueves, 12 de abril de 2012 El consejero de Educaci\u00f3n en funciones, Francisco \u00c1lvarez de la Chica, ha presidido el acto de entrega de los Premios\u2026","rel":"","context":"En \u00abEl centro\u00bb","block_context":{"text":"El centro","link":"https:\/\/www.ceipmaestrorafaelbravomartin.es\/?cat=10"},"img":{"alt_text":"","src":"","width":0,"height":0},"classes":[]},{"id":2761,"url":"https:\/\/www.ceipmaestrorafaelbravomartin.es\/?p=2761","url_meta":{"origin":280,"position":3},"title":"Recogida de libros de texto","author":"CEIP Maestro Rafael Bravo Mart\u00edn","date":"18 junio, 2020","format":false,"excerpt":"Estimadas familias. Siguiendo las instrucciones de la Delegaci\u00f3n de educaci\u00f3n de Sevilla, se llevar\u00e1 a cabo la recogida de todos los libros de texto. Esta recogida es para todo el alumnado desde 3\u00ba de primaria a 6\u00ba. Se han establecido los siguientes turnos para la entrega: \u25aa Viernes 19 \u2022\u2026","rel":"","context":"En \u00abInformaci\u00f3n\u00bb","block_context":{"text":"Informaci\u00f3n","link":"https:\/\/www.ceipmaestrorafaelbravomartin.es\/?cat=20"},"img":{"alt_text":"","src":"","width":0,"height":0},"classes":[]},{"id":678,"url":"https:\/\/www.ceipmaestrorafaelbravomartin.es\/?p=678","url_meta":{"origin":280,"position":4},"title":"Premios VIVE ALCAL\u00c1 DEL R\u00cdO","author":"CEIP Maestro Rafael Bravo Mart\u00edn","date":"1 marzo, 2014","format":false,"excerpt":"Se ha celebrado la tercera edici\u00f3n de la Gala de los Premios Vive. Una iniciativa que persigue reconocer el trabajo, labor y dedicaci\u00f3n de vecinos del municipio en diferentes \u00e1reas, como la cultura, la educaci\u00f3n, el deporte, bienestar social, etc . \"Un evento que nos re\u00fane cada 28 de Febrero\u2026","rel":"","context":"En \u00abDedicatorias\u00bb","block_context":{"text":"Dedicatorias","link":"https:\/\/www.ceipmaestrorafaelbravomartin.es\/?cat=24"},"img":{"alt_text":"028_CARTEL_PREMIOS_VIVE_2014.jpg_824362120","src":"https:\/\/i0.wp.com\/blogasuncion.es\/wp-content\/uploads\/2014\/03\/028_CARTEL_PREMIOS_VIVE_2014.jpg_824362120-211x300.jpg?resize=350%2C200","width":350,"height":200},"classes":[]},{"id":1363,"url":"https:\/\/www.ceipmaestrorafaelbravomartin.es\/?p=1363","url_meta":{"origin":280,"position":5},"title":"Proceso de escolarizaci\u00f3n curso 2016\/2017","author":"CEIP Maestro Rafael Bravo Mart\u00edn","date":"19 febrero, 2016","format":false,"excerpt":"Del 1 al 31 de marzo, ambos inclusive, se abre plazo para la presentaci\u00f3n de solicitud de matriculaci\u00f3n para el pr\u00f3ximo curso tanto del alumnado de nuevo ingreso como del que cambie de centro. En el tabl\u00f3n de anuncios, se publicar\u00e1 toda la informaci\u00f3n al respecto: normativa, zona de influencia,\u2026","rel":"","context":"En \u00abDirecci\u00f3n\u00bb","block_context":{"text":"Direcci\u00f3n","link":"https:\/\/www.ceipmaestrorafaelbravomartin.es\/?cat=46"},"img":{"alt_text":"","src":"","width":0,"height":0},"classes":[]}],"_links":{"self":[{"href":"https:\/\/www.ceipmaestrorafaelbravomartin.es\/index.php?rest_route=\/wp\/v2\/posts\/280","targetHints":{"allow":["GET"]}}],"collection":[{"href":"https:\/\/www.ceipmaestrorafaelbravomartin.es\/index.php?rest_route=\/wp\/v2\/posts"}],"about":[{"href":"https:\/\/www.ceipmaestrorafaelbravomartin.es\/index.php?rest_route=\/wp\/v2\/types\/post"}],"author":[{"embeddable":true,"href":"https:\/\/www.ceipmaestrorafaelbravomartin.es\/index.php?rest_route=\/wp\/v2\/users\/4"}],"replies":[{"embeddable":true,"href":"https:\/\/www.ceipmaestrorafaelbravomartin.es\/index.php?rest_route=%2Fwp%2Fv2%2Fcomments&post=280"}],"version-history":[{"count":4,"href":"https:\/\/www.ceipmaestrorafaelbravomartin.es\/index.php?rest_route=\/wp\/v2\/posts\/280\/revisions"}],"predecessor-version":[{"id":1044,"href":"https:\/\/www.ceipmaestrorafaelbravomartin.es\/index.php?rest_route=\/wp\/v2\/posts\/280\/revisions\/1044"}],"wp:attachment":[{"href":"https:\/\/www.ceipmaestrorafaelbravomartin.es\/index.php?rest_route=%2Fwp%2Fv2%2Fmedia&parent=280"}],"wp:term":[{"taxonomy":"category","embeddable":true,"href":"https:\/\/www.ceipmaestrorafaelbravomartin.es\/index.php?rest_route=%2Fwp%2Fv2%2Fcategories&post=280"},{"taxonomy":"post_tag","embeddable":true,"href":"https:\/\/www.ceipmaestrorafaelbravomartin.es\/index.php?rest_route=%2Fwp%2Fv2%2Ftags&post=280"}],"curies":[{"name":"wp","href":"https:\/\/api.w.org\/{rel}","templated":true}]}}