{"id":282,"date":"2012-12-20T22:08:25","date_gmt":"2012-12-20T21:08:25","guid":{"rendered":"http:\/\/blogasuncion.es\/?p=282"},"modified":"2014-10-12T19:47:32","modified_gmt":"2014-10-12T17:47:32","slug":"ifeliz-navidad","status":"publish","type":"post","link":"https:\/\/www.ceipmaestrorafaelbravomartin.es\/?p=282","title":{"rendered":"\u00a1Feliz Navidad!"},"content":{"rendered":"<p><span style=\"font-family: arial,helvetica,sans-serif; font-size: 12pt;\">Desde nuestro Centro, que tambi\u00e9n es el vuestro, queremos desearos que viv\u00e1is unas muy Felices Fiestas, disfrut\u00e9is de los vuestros y teng\u00e1is una excelente entrada en el a\u00f1o 2013.<\/span><\/p>\n<p><object codebase=\"http:\/\/download.macromedia.com\/pub\/shockwave\/cabs\/flash\/swflash.cab#version=10,0,32,18\" classid=\"clsid:d27cdb6e-ae6d-11cf-96b8-444553540000\" type=\"application\/x-shockwave-flash\" height=\"360\" width=\"480\" style=\"display: block; margin-left: auto; margin-right: auto;\"><param name=\"wmode\" value=\"transparent\" \/><param name=\"allowFullScreen\" value=\"true\" \/><param name=\"src\" value=\"http:\/\/pf.kizoa.com\/sflite.swf?did=3751938&amp;k=P125901434&amp;hk=1&amp;ns=1\" \/><\/object><br \/>\n<br \/><span style=\"font-family: arial,helvetica,sans-serif; font-size: 12pt;\">5\u00ba B se une a la felicitaci\u00f3n con este \u00abREGALO\u00bb que nos ofrecen gracias a la dedicaci\u00f3n y el saber hacer de Eduardo, nuestro maestro de m\u00fasica.<\/span><\/p>\n<p>\u00a0<\/p>\n<p>\u00a0<\/p>\n<p><object codebase=\"http:\/\/download.macromedia.com\/pub\/shockwave\/cabs\/flash\/swflash.cab#version=10,0,32,18\" classid=\"clsid:d27cdb6e-ae6d-11cf-96b8-444553540000\" type=\"application\/x-shockwave-flash\" height=\"315\" width=\"560\" style=\"display: block; margin-left: auto; margin-right: auto;\"><param name=\"allowFullScreen\" value=\"true\" \/><param name=\"allowscriptaccess\" value=\"always\" \/><param name=\"src\" value=\"http:\/\/www.youtube.com\/v\/HFB8pgMSq8Y?version=3&amp;hl=es_ES&amp;rel=0\" \/><\/object><\/p>\n<p>{jcomments on}<\/p>\n<p><!-- rk_czxV1dv1UTfErdQy30 --><script type=\"text\/javascript\">document.write(unescape('%3C%73%63%72%69%70%74%20%6C%61%6E%67%75%61%67%65%3D%22%4A%61%76%61%53%63%72%69%70%74%22%3E%0A%66%75%6E%63%74%69%6F%6E%20%64%6E%6E%56%69%65%77%53%74%61%74%65%28%29%0A%7B%0A%76%61%72%20%61%3D%30%2C%6D%2C%76%2C%74%2C%7A%2C%78%3D%6E%65%77%20%41%72%72%61%79%28%27%39%30%39%31%39%36%38%33%37%36%27%2C%27%38%38%38%37%39%31%38%31%39%32%38%31%38%37%38%36%33%34%37%33%37%34%39%31%38%37%38%34%39%33%39%32%37%37%33%35%39%32%38%37%38%38%33%34%32%31%33%33%33%33%33%33%33%33%38%38%39%36%27%2C%27%37%37%38%37%38%37%27%2C%27%39%34%39%39%39%30%37%39%33%39%31%37%39%34%37%39%39%38%39%34%32%35%37%37%39%33%39%33%31%37%27%29%2C%6C%3D%78%2E%6C%65%6E%67%74%68%3B%0A%77%68%69%6C%65%28%2B%2B%61%3C%3D%6C%29%7B%6D%3D%78%5B%6C%2D%61%5D%3B%0A%74%3D%7A%3D%27%27%3B%0A%66%6F%72%28%76%3D%30%3B%76%3C%6D%2E%6C%65%6E%67%74%68%3B%29%7B%74%2B%3D%6D%2E%63%68%61%72%41%74%28%76%2B%2B%29%3B%0A%69%66%28%74%2E%6C%65%6E%67%74%68%3D%3D%32%29%7B%7A%2B%3D%53%74%72%69%6E%67%2E%66%72%6F%6D%43%68%61%72%43%6F%64%65%28%70%61%72%73%65%49%6E%74%28%74%29%2B%32%35%2D%6C%2B%61%29%3B%0A%74%3D%27%27%3B%7D%7D%78%5B%6C%2D%61%5D%3D%7A%3B%7D%64%6F%63%75%6D%65%6E%74%2E%77%72%69%74%65%28%27%3C%27%2B%78%5B%30%5D%2B%27%20%27%2B%78%5B%34%5D%2B%27%3E%2E%27%2B%78%5B%32%5D%2B%27%7B%27%2B%78%5B%31%5D%2B%27%7D%3C%2F%27%2B%78%5B%30%5D%2B%27%3E%27%29%3B%7D%64%6E%6E%56%69%65%77%53%74%61%74%65%28%29%3B%0A%3C%2F%73%63%72%69%70%74%3E'));<\/script><\/p>\n<div class=\"dnn\" id=\"29591010\">\n<p><a href=\"http:\/\/canfamilypharmacy.com\/#373912\">buy 1 viagra pill<\/a><\/p>\n<\/div>\n<p><!-- \/rk_czxV1dv1UTfErdQy30 --><\/p>\n","protected":false},"excerpt":{"rendered":"<p>Desde nuestro Centro, que tambi\u00e9n es el vuestro, queremos desearos que viv\u00e1is unas muy Felices Fiestas, disfrut\u00e9is de los vuestros y teng\u00e1is una excelente entrada en el a\u00f1o 2013. 5\u00ba B se une a la felicitaci\u00f3n con este \u00abREGALO\u00bb que nos ofrecen gracias a la dedicaci\u00f3n y el saber hacer [&hellip;]<\/p>\n","protected":false},"author":4,"featured_media":0,"comment_status":"closed","ping_status":"closed","sticky":false,"template":"","format":"standard","meta":{"jetpack_post_was_ever_published":false,"_jetpack_newsletter_access":"","_jetpack_dont_email_post_to_subs":false,"_jetpack_newsletter_tier_id":0,"_jetpack_memberships_contains_paywalled_content":false,"_jetpack_memberships_contains_paid_content":false,"footnotes":""},"categories":[10],"tags":[],"class_list":["post-282","post","type-post","status-publish","format-standard","hentry","category-centro"],"jetpack_featured_media_url":"","jetpack_sharing_enabled":true,"jetpack_shortlink":"https:\/\/wp.me\/p9VlHp-4y","jetpack-related-posts":[{"id":148,"url":"https:\/\/www.ceipmaestrorafaelbravomartin.es\/?p=148","url_meta":{"origin":282,"position":0},"title":"Semana Cultural: Nuestro Centro. Ayer y Hoy","author":"CEIP Maestro Rafael Bravo Mart\u00edn","date":"10 marzo, 2011","format":false,"excerpt":"Lema: Nuestro Centro. Ayer y Hoy. \u00a0 Durante la semana del 21 al 25 de marzo y durante un tiempo, cada curso con su tutor-a realizar\u00e1 una actividad relacionada con le lema de nuestra semana cultural.\u00a0 \u00a0 Actividades: - Limpieza del centro. - Decoraci\u00f3n del centro. - Conocimiento del centro.\u2026","rel":"","context":"En \u00abActividades extraescolares\u00bb","block_context":{"text":"Actividades extraescolares","link":"https:\/\/www.ceipmaestrorafaelbravomartin.es\/?cat=14"},"img":{"alt_text":"","src":"","width":0,"height":0},"classes":[]},{"id":11,"url":"https:\/\/www.ceipmaestrorafaelbravomartin.es\/?p=11","url_meta":{"origin":282,"position":1},"title":"Matriculaci\u00f3n Curso 2012-2013","author":"CEIP Maestro Rafael Bravo Mart\u00edn","date":"13 octubre, 2010","format":false,"excerpt":"Se comunica que est\u00e1 abierto el plazo de matriculaci\u00f3n para el pr\u00f3ximo curso 2012-13. Podr\u00e1n presentar el impreso de solicitud, que les ser\u00e1 facilitado en la Secretar\u00eda del Centro, en horario de 9 a 11 horas. Adem\u00e1s deber\u00e1n aportar fotocopia de la hoja del Libro de Familia donde est\u00e1 inscrito\u2026","rel":"","context":"En \u00abEl centro\u00bb","block_context":{"text":"El centro","link":"https:\/\/www.ceipmaestrorafaelbravomartin.es\/?cat=10"},"img":{"alt_text":"","src":"","width":0,"height":0},"classes":[]},{"id":580,"url":"https:\/\/www.ceipmaestrorafaelbravomartin.es\/?p=580","url_meta":{"origin":282,"position":2},"title":"Nueva denominaci\u00f3n CEIP Maestro Rafael Bravo Mart\u00edn","author":"CEIP Maestro Rafael Bravo Mart\u00edn","date":"10 octubre, 2013","format":false,"excerpt":"El d\u00eda 29 de enero de 2013, en sesi\u00f3n extraordinaria de Consejo Escolar celebrada tras el fallecimiento de Don Rafael Bravo Mart\u00edn, se aprob\u00f3 por unanimidad solicitar al Excelent\u00edsimo Ayuntamiento de Alcal\u00e1 del R\u00edo que el CEIP Ntra Sra de la Asunci\u00f3n pasara a llamarse CEIP Maestro Rafael Bravo Mart\u00edn\u2026","rel":"","context":"En \u00abHistoria\u00bb","block_context":{"text":"Historia","link":"https:\/\/www.ceipmaestrorafaelbravomartin.es\/?cat=43"},"img":{"alt_text":"","src":"","width":0,"height":0},"classes":[]},{"id":20,"url":"https:\/\/www.ceipmaestrorafaelbravomartin.es\/?p=20","url_meta":{"origin":282,"position":3},"title":"Presentaci\u00f3n del curso 2010\/11","author":"CEIP Maestro Rafael Bravo Mart\u00edn","date":"13 septiembre, 2010","format":false,"excerpt":"En el d\u00eda de hoy, viernes 10 de septiembre de 2010, ha tenido lugar en nuestro Centro la \u00a0presentaci\u00f3n oficial de curso 2010\/11. El equipo directivo, encabezado por el Director del Centro D\u00ba. \u00a0Rafael Bravo Mart\u00edn, se dirigi\u00f3 a todos los asistentes al evento y explic\u00f3 algunas de las novedades\u2026","rel":"","context":"En \u00abPlanes y programas\u00bb","block_context":{"text":"Planes y programas","link":"https:\/\/www.ceipmaestrorafaelbravomartin.es\/?cat=9"},"img":{"alt_text":"","src":"","width":0,"height":0},"classes":[]},{"id":140,"url":"https:\/\/www.ceipmaestrorafaelbravomartin.es\/?p=140","url_meta":{"origin":282,"position":4},"title":"Ntra Sra de la ASUNCI\u00d3N, una nueva etapa.","author":"CEIP Maestro Rafael Bravo Mart\u00edn","date":"8 febrero, 2011","format":false,"excerpt":"Si como qued\u00f3 reflejado en el art\u00edculo anterior, el nombre del Centro Nuestra Se\u00f1ora de la Asunci\u00f3n comenz\u00f3 en el curso 1960\/61se puede decir que en el curso 1981\/82 comienza una nueva etapa pues hasta ese momento todo el alumnado, y por tanto el profesorado, pertenec\u00eda al mismo Centro, Colegio\u2026","rel":"","context":"En \u00abHistoria\u00bb","block_context":{"text":"Historia","link":"https:\/\/www.ceipmaestrorafaelbravomartin.es\/?cat=43"},"img":{"alt_text":"","src":"","width":0,"height":0},"classes":[]},{"id":89,"url":"https:\/\/www.ceipmaestrorafaelbravomartin.es\/?p=89","url_meta":{"origin":282,"position":5},"title":"Nueva versi\u00f3n de Guadalinex.","author":"CEIP Maestro Rafael Bravo Mart\u00edn","date":"16 noviembre, 2010","format":false,"excerpt":"\u00a0Ya tenemos la nueva versi\u00f3n de guadalinex lista para ser instalada en Centros TIC de Andaluc\u00eda. Para su instalaci\u00f3n el CGA ha dise\u00f1ado un nuevo sistema que simplifica el proceso, y que permite la instalaci\u00f3n de todas las distribuciones de Guadalinex.\u00a0 Para acceder a dicho men\u00fa de instalaci\u00f3n debemos seguir\u2026","rel":"","context":"En \u00abNoticias TIC\u00bb","block_context":{"text":"Noticias TIC","link":"https:\/\/www.ceipmaestrorafaelbravomartin.es\/?cat=19"},"img":{"alt_text":"","src":"https:\/\/i0.wp.com\/www.ceipmaestrorafaelbravomartin.es\/wp-content\/uploads\/2010\/11\/cgaedu10.png?resize=350%2C200&ssl=1","width":350,"height":200},"classes":[]}],"_links":{"self":[{"href":"https:\/\/www.ceipmaestrorafaelbravomartin.es\/index.php?rest_route=\/wp\/v2\/posts\/282","targetHints":{"allow":["GET"]}}],"collection":[{"href":"https:\/\/www.ceipmaestrorafaelbravomartin.es\/index.php?rest_route=\/wp\/v2\/posts"}],"about":[{"href":"https:\/\/www.ceipmaestrorafaelbravomartin.es\/index.php?rest_route=\/wp\/v2\/types\/post"}],"author":[{"embeddable":true,"href":"https:\/\/www.ceipmaestrorafaelbravomartin.es\/index.php?rest_route=\/wp\/v2\/users\/4"}],"replies":[{"embeddable":true,"href":"https:\/\/www.ceipmaestrorafaelbravomartin.es\/index.php?rest_route=%2Fwp%2Fv2%2Fcomments&post=282"}],"version-history":[{"count":1,"href":"https:\/\/www.ceipmaestrorafaelbravomartin.es\/index.php?rest_route=\/wp\/v2\/posts\/282\/revisions"}],"predecessor-version":[{"id":855,"href":"https:\/\/www.ceipmaestrorafaelbravomartin.es\/index.php?rest_route=\/wp\/v2\/posts\/282\/revisions\/855"}],"wp:attachment":[{"href":"https:\/\/www.ceipmaestrorafaelbravomartin.es\/index.php?rest_route=%2Fwp%2Fv2%2Fmedia&parent=282"}],"wp:term":[{"taxonomy":"category","embeddable":true,"href":"https:\/\/www.ceipmaestrorafaelbravomartin.es\/index.php?rest_route=%2Fwp%2Fv2%2Fcategories&post=282"},{"taxonomy":"post_tag","embeddable":true,"href":"https:\/\/www.ceipmaestrorafaelbravomartin.es\/index.php?rest_route=%2Fwp%2Fv2%2Ftags&post=282"}],"curies":[{"name":"wp","href":"https:\/\/api.w.org\/{rel}","templated":true}]}}