{"id":283,"date":"2013-01-15T12:58:05","date_gmt":"2013-01-15T11:58:05","guid":{"rendered":"http:\/\/blogasuncion.es\/?p=283"},"modified":"2014-10-12T19:47:18","modified_gmt":"2014-10-12T17:47:18","slug":"1o-tirada-del-periodico-2012-13","status":"publish","type":"post","link":"https:\/\/www.ceipmaestrorafaelbravomartin.es\/?p=283","title":{"rendered":"1\u00aa tirada del peri\u00f3dico &#8211;  2012-13"},"content":{"rendered":"<p>TALLER DE PERI\u00d3DICO<\/p>\n<p>Otro a\u00f1o mas nos disponemos a sacar el peri\u00f3dico del colegio Asunci\u00f3n. Por lo tanto animamos a todo el alumnado, profesorado, padres y madres, a participar en esta edici\u00f3n de \u201c Ventana Escolar\u201d.         Os recordamos la direcci\u00f3n de correo electr\u00f3nico:<\/p>\n<p><strong>periodicoasuncion@gmail.com<\/strong><\/p>\n<p>-Se admitir\u00e1n trabajos tanto a mano como con ordenador.<\/p>\n<p>-Los trabajos se entregar\u00e1n a los profesores-as o se enviar\u00e1n por e-mail.<\/p>\n<p>-Deben cumplir las recomendaciones propias del Taller de peri\u00f3dico. De lo contrario, no ser\u00e1n admitidos en la selecci\u00f3n definitiva.<\/p>\n<p>-Temporalizaci\u00f3n: saldr\u00e1 en la 2\u00aa quincena de febrero.<\/p>\n<p>-Dibujo de la portada: Andaluc\u00eda<\/p>\n<p>-Entrega de trabajos: lunes, 11 de febrero.<\/p>\n<p>\u00a0<\/p>\n<p>Las secciones del peri\u00f3dico son las siguientes:<\/p>\n<p>-CARTAS DE LOS LECTORES Y LECTORAS<\/p>\n<p>Expresar opini\u00f3n sobre cualquier tema<\/p>\n<p>-NOTICIAS INTERNAS ( Halloween, d\u00eda contra la violencia de g\u00e9nero, casta\u00f1ero,reyes magos, Navidad,  d\u00eda de la paz, carnavales, etc.)<\/p>\n<p>-NOTICIAS EXTERNAS          de la provincia, del pueblo, de Andaluc\u00eda, de Espa\u00f1a, del mundo<\/p>\n<p>-MIS LIBROS Y PEL\u00cdCULAS PREFERIDOS<\/p>\n<p>comentar alg\u00fan libro,pel\u00edcula, serie, que les haya gustado mucho<\/p>\n<p>-RECOMENDACIONES DE P\u00c1GINAS WEBS<\/p>\n<p>-DEPORTES<\/p>\n<p>comentarios de actos deportivos dentro o fuera del colegio<\/p>\n<p>-PASATIEMPOS<\/p>\n<p>chistes, adivinanzas, sopa de letras, etc.<\/p>\n<p>-RECETAS<\/p>\n<p>-CREACI\u00d3N LITERARIA<\/p>\n<p>cuentos, poemas, c\u00f3mics; todos inventados y no copiados<\/p>\n<p>\u00a0<\/p>\n<p style=\"text-align: center;\">RECOMENDACIONES<\/p>\n<p>El dibujo de la portada se har\u00e1 en un folio, como siempre sin colorear, respetando los m\u00e1rgenes, y se pasar\u00e1 a boli negro o azul.<\/p>\n<p>Los trabajos escritos deben respetar los m\u00e1rgenes que se se\u00f1alan en las plantillas (\u00e9stas deben usarse para ponerlas debajo o escribir por detr\u00e1s, nunca escribir sobre los renglones que llevan se\u00f1alados).<\/p>\n<p>Los trabajos de ordenador pueden usar cualquier tipo de letra entendible y color de fuente el negro.<\/p>\n<p>Tambi\u00e9n pueden adjuntar archivos.<\/p>\n<p>Los tutores-as deben seleccionar los trabajos del alumnado de su clase y mandarlos ya corregidos, tanto si est\u00e1n hechos a mano como si es con ordenador.<\/p>\n<p>Una vez seleccionados, corregidos y pasados a limpio con boli negro o azul, se pueden entregar en la clase de 5\u00ba B (Aurora) o en la biblioteca (Puri).<\/p>\n","protected":false},"excerpt":{"rendered":"<p>TALLER DE PERI\u00d3DICO Otro a\u00f1o mas nos disponemos a sacar el peri\u00f3dico del colegio Asunci\u00f3n. Por lo tanto animamos a todo el alumnado, profesorado, padres y madres, a participar en esta edici\u00f3n de \u201c Ventana Escolar\u201d. Os recordamos la direcci\u00f3n de correo electr\u00f3nico: periodicoasuncion@gmail.com -Se admitir\u00e1n trabajos tanto a mano [&hellip;]<\/p>\n","protected":false},"author":4,"featured_media":0,"comment_status":"closed","ping_status":"closed","sticky":false,"template":"","format":"standard","meta":{"jetpack_post_was_ever_published":false,"_jetpack_newsletter_access":"","_jetpack_dont_email_post_to_subs":false,"_jetpack_newsletter_tier_id":0,"_jetpack_memberships_contains_paywalled_content":false,"_jetpack_memberships_contains_paid_content":false,"footnotes":""},"categories":[17],"tags":[],"class_list":["post-283","post","type-post","status-publish","format-standard","hentry","category-c45-periodico"],"jetpack_featured_media_url":"","jetpack_sharing_enabled":true,"jetpack_shortlink":"https:\/\/wp.me\/p9VlHp-4z","jetpack-related-posts":[{"id":225,"url":"https:\/\/www.ceipmaestrorafaelbravomartin.es\/?p=225","url_meta":{"origin":283,"position":0},"title":"1\u00aa tirada del peri\u00f3dico &#8211; Curso 2011-12","author":"CEIP Maestro Rafael Bravo Mart\u00edn","date":"7 febrero, 2012","format":false,"excerpt":"\u00a0 TALLER DE PERI\u00d3DICO \u00a0 Un a\u00f1o m\u00e1s, y ya van unos pocos, nos disponemos a sacar el peri\u00f3dico del colegio Asunci\u00f3n. Por lo tanto animamos a todo el alumnado, profesorado, padres y madres, a participar en esta edici\u00f3n de \u201c Ventana Escolar\u201d. \u00a0 Os recordamos la direcci\u00f3n de correo\u2026","rel":"","context":"En \u00abInformaci\u00f3n\u00bb","block_context":{"text":"Informaci\u00f3n","link":"https:\/\/www.ceipmaestrorafaelbravomartin.es\/?cat=17"},"img":{"alt_text":"","src":"","width":0,"height":0},"classes":[]},{"id":91,"url":"https:\/\/www.ceipmaestrorafaelbravomartin.es\/?p=91","url_meta":{"origin":283,"position":1},"title":"1\u00aa  edici\u00f3n de la \u00abVentana Escolar\u00bb","author":"CEIP Maestro Rafael Bravo Mart\u00edn","date":"17 noviembre, 2010","format":false,"excerpt":"\u00a0A todos los ni\u00f1os y ni\u00f1as, maestros y maestras que deseen colaborar. Tambi\u00e9n a los padres, madres\u00a0 y antiguos alumnos\/as: estamos preparando la 1\u00aa edici\u00f3n de \"Ventana Escolar\". Por eso deb\u00e9is saber:","rel":"","context":"En \u00abInformaci\u00f3n\u00bb","block_context":{"text":"Informaci\u00f3n","link":"https:\/\/www.ceipmaestrorafaelbravomartin.es\/?cat=17"},"img":{"alt_text":"","src":"https:\/\/i0.wp.com\/www.ceipmaestrorafaelbravomartin.es\/wp-content\/uploads\/2010\/11\/ventana.png?resize=350%2C200&ssl=1","width":350,"height":200},"classes":[]},{"id":157,"url":"https:\/\/www.ceipmaestrorafaelbravomartin.es\/?p=157","url_meta":{"origin":283,"position":2},"title":"2\u00aa  edici\u00f3n de la \u00abVentana Escolar\u00bb","author":"CEIP Maestro Rafael Bravo Mart\u00edn","date":"16 mayo, 2011","format":false,"excerpt":"\u00a0A todos los ni\u00f1os y ni\u00f1as, maestros y maestras que deseen colaborar. Tambi\u00e9n a los padres, madres\u00a0 y antiguos alumnos\/as: estamos preparando la 2\u00aa edici\u00f3n de \"Ventana Escolar\". Por eso deb\u00e9is saber:","rel":"","context":"En \u00abInformaci\u00f3n\u00bb","block_context":{"text":"Informaci\u00f3n","link":"https:\/\/www.ceipmaestrorafaelbravomartin.es\/?cat=17"},"img":{"alt_text":"","src":"https:\/\/i0.wp.com\/www.ceipmaestrorafaelbravomartin.es\/wp-content\/uploads\/2010\/11\/ventana.png?resize=350%2C200&ssl=1","width":350,"height":200},"classes":[]},{"id":27,"url":"https:\/\/www.ceipmaestrorafaelbravomartin.es\/?p=27","url_meta":{"origin":283,"position":3},"title":"Peri\u00f3dico Escolar","author":"CEIP Maestro Rafael Bravo Mart\u00edn","date":"15 octubre, 2010","format":false,"excerpt":"Responsables D\u00f1a Pilar Criado Rodr\u00edguez D\u00f1a.Margarita Mu\u00f1oz Guti\u00e9rrez D\u00f1a. Matilde Mart\u00edn Ma\u00f1ero D\u00f1a. Mar\u00eda Luisa Henry Ben\u00edtez D\u00f1a. Mar\u00eda del Carmen Mart\u00edn Mostaza D\u00f1a. Aurora Mart\u00edn \u00c1lvarez D\u00f1a. Purificaci\u00f3n Garc\u00eda Cano Objetivos 1.Servir como medio de expresi\u00f3n y comunicaci\u00f3n de y entre los distintos miembros de la comunidad educativa. 2.Aprovechar\u2026","rel":"","context":"En \u00abPlanes y programas\u00bb","block_context":{"text":"Planes y programas","link":"https:\/\/www.ceipmaestrorafaelbravomartin.es\/?cat=23"},"img":{"alt_text":"","src":"","width":0,"height":0},"classes":[]},{"id":1502,"url":"https:\/\/www.ceipmaestrorafaelbravomartin.es\/?p=1502","url_meta":{"origin":283,"position":4},"title":"Ventana Escolar (junio 2016)","author":"CEIP Maestro Rafael Bravo Mart\u00edn","date":"21 junio, 2016","format":false,"excerpt":"Este curso s\u00f3lo hemos hecho una tirada de nuestro peri\u00f3dico. La publicamos ahora para que podamos ver la selecci\u00f3n de los trabajos realizados por nuestro alumnado. Dar las gracias a tod@s l@s participantes, aunque no se hayan publicado todos los art\u00edculos recibidos. \u00a1Feliz verano! \u00a0 Leer m\u00e1s publicaciones en Calam\u00e9o","rel":"","context":"En \u00abPeri\u00f3dico Escolar\u00bb","block_context":{"text":"Peri\u00f3dico Escolar","link":"https:\/\/www.ceipmaestrorafaelbravomartin.es\/?cat=6"},"img":{"alt_text":"","src":"","width":0,"height":0},"classes":[]},{"id":669,"url":"https:\/\/www.ceipmaestrorafaelbravomartin.es\/?p=669","url_meta":{"origin":283,"position":5},"title":"Pr\u00f3xima edici\u00f3n de \u00abPeri\u00f3dico Escolar\u00bb","author":"CEIP Maestro Rafael Bravo Mart\u00edn","date":"25 febrero, 2014","format":false,"excerpt":"\u00a1Hola a toda la comunidad educativa! Nos disponemos a sacar un nuevo n\u00famero de nuestro peri\u00f3dico.En \u00e9l pueden participar el alumnado, profesorado, padres, madres, antiguos alumnos y alumnas, etc. Esperamos, como siempre, una buena acogida y contamos con vuestra participaci\u00f3n. Saldr\u00e1 antes de Semana Santa y el d\u00eda tope para\u2026","rel":"","context":"En \u00abPeri\u00f3dico Escolar\u00bb","block_context":{"text":"Peri\u00f3dico Escolar","link":"https:\/\/www.ceipmaestrorafaelbravomartin.es\/?cat=6"},"img":{"alt_text":"","src":"","width":0,"height":0},"classes":[]}],"_links":{"self":[{"href":"https:\/\/www.ceipmaestrorafaelbravomartin.es\/index.php?rest_route=\/wp\/v2\/posts\/283","targetHints":{"allow":["GET"]}}],"collection":[{"href":"https:\/\/www.ceipmaestrorafaelbravomartin.es\/index.php?rest_route=\/wp\/v2\/posts"}],"about":[{"href":"https:\/\/www.ceipmaestrorafaelbravomartin.es\/index.php?rest_route=\/wp\/v2\/types\/post"}],"author":[{"embeddable":true,"href":"https:\/\/www.ceipmaestrorafaelbravomartin.es\/index.php?rest_route=\/wp\/v2\/users\/4"}],"replies":[{"embeddable":true,"href":"https:\/\/www.ceipmaestrorafaelbravomartin.es\/index.php?rest_route=%2Fwp%2Fv2%2Fcomments&post=283"}],"version-history":[{"count":1,"href":"https:\/\/www.ceipmaestrorafaelbravomartin.es\/index.php?rest_route=\/wp\/v2\/posts\/283\/revisions"}],"predecessor-version":[{"id":854,"href":"https:\/\/www.ceipmaestrorafaelbravomartin.es\/index.php?rest_route=\/wp\/v2\/posts\/283\/revisions\/854"}],"wp:attachment":[{"href":"https:\/\/www.ceipmaestrorafaelbravomartin.es\/index.php?rest_route=%2Fwp%2Fv2%2Fmedia&parent=283"}],"wp:term":[{"taxonomy":"category","embeddable":true,"href":"https:\/\/www.ceipmaestrorafaelbravomartin.es\/index.php?rest_route=%2Fwp%2Fv2%2Fcategories&post=283"},{"taxonomy":"post_tag","embeddable":true,"href":"https:\/\/www.ceipmaestrorafaelbravomartin.es\/index.php?rest_route=%2Fwp%2Fv2%2Ftags&post=283"}],"curies":[{"name":"wp","href":"https:\/\/api.w.org\/{rel}","templated":true}]}}