{"id":2906,"date":"2020-11-23T12:40:08","date_gmt":"2020-11-23T11:40:08","guid":{"rendered":"http:\/\/www.ceipmaestrorafaelbravomartin.es\/?p=2906"},"modified":"2020-11-23T12:40:10","modified_gmt":"2020-11-23T11:40:10","slug":"reportaje-fotografico-de-nuestro-centro","status":"publish","type":"post","link":"https:\/\/www.ceipmaestrorafaelbravomartin.es\/?p=2906","title":{"rendered":"Reportaje fotogr\u00e1fico de nuestro centro."},"content":{"rendered":"\n<p>Nos complace mucho presentaros el siguiente reportaje fotogr\u00e1fico, este ha sido realizado por el fot\u00f3grafo Fernando Alda. Pod\u00e9is encontrar fotograf\u00edas de nuestro colegio realizadas con mucho gusto y que esperemos os gusten tanto como a nosotros.<\/p>\n\n\n\n<p>Un saludo a todos\/as.<\/p>\n\n\n\n<p><a href=\"http:\/\/www.fernandoalda.com\/en\/works\/architecture\/1295\/ceip-maestro-rafael-bravo-marti%EF%BF%BDn\">http:\/\/www.fernandoalda.com\/en\/works\/architecture\/1295\/ceip-maestro-rafael-bravo-marti%EF%BF%BDn<\/a><\/p>\n","protected":false},"excerpt":{"rendered":"<p>Nos complace mucho presentaros el siguiente reportaje fotogr\u00e1fico, este ha sido realizado por el fot\u00f3grafo Fernando Alda. Pod\u00e9is encontrar fotograf\u00edas de nuestro colegio realizadas con mucho gusto y que esperemos os gusten tanto como a nosotros. Un saludo a todos\/as. http:\/\/www.fernandoalda.com\/en\/works\/architecture\/1295\/ceip-maestro-rafael-bravo-marti%EF%BF%BDn<\/p>\n","protected":false},"author":6,"featured_media":0,"comment_status":"closed","ping_status":"closed","sticky":false,"template":"","format":"standard","meta":{"jetpack_post_was_ever_published":false,"_jetpack_newsletter_access":"","_jetpack_dont_email_post_to_subs":false,"_jetpack_newsletter_tier_id":0,"_jetpack_memberships_contains_paywalled_content":false,"_jetpack_memberships_contains_paid_content":false,"footnotes":""},"categories":[20,1],"tags":[131],"class_list":["post-2906","post","type-post","status-publish","format-standard","hentry","category-info-biblioteca","category-sin-categoria","tag-reportaje"],"jetpack_featured_media_url":"","jetpack_sharing_enabled":true,"jetpack_shortlink":"https:\/\/wp.me\/p9VlHp-KS","jetpack-related-posts":[{"id":151,"url":"https:\/\/www.ceipmaestrorafaelbravomartin.es\/?p=151","url_meta":{"origin":2906,"position":0},"title":"Carnaval 2011","author":"CEIP Maestro Rafael Bravo Mart\u00edn","date":"17 marzo, 2011","format":false,"excerpt":"{jcomments on}Un a\u00f1o m\u00e1s nuestro colegio se visti\u00f3 con colores carnavalescos. Educaci\u00f3n Infantil y el Primer curso de Primaria, el pasado viernes, nos unimos para celebrar el Carnaval. Motivos meteorol\u00f3gicos adversos impidieron que nuestro ya tradicional \"pasacalles\" recorriera los aleda\u00f1os del Centro. \u00a0 No obstante la fiesta fue muy divertida:\u2026","rel":"","context":"En \u00abCurso 2010\/11\u00bb","block_context":{"text":"Curso 2010\/11","link":"https:\/\/www.ceipmaestrorafaelbravomartin.es\/?cat=40"},"img":{"alt_text":"","src":"","width":0,"height":0},"classes":[]},{"id":582,"url":"https:\/\/www.ceipmaestrorafaelbravomartin.es\/?p=582","url_meta":{"origin":2906,"position":1},"title":"Maestro RAFAEL BRAVO MART\u00cdN","author":"CEIP Maestro Rafael Bravo Mart\u00edn","date":"9 octubre, 2013","format":false,"excerpt":"Ayer 8 de octubre , se llev\u00f3 a cabo el acto de reconocimiento a la labor realizada por nuestro compa\u00f1ero y director RAFAEL BRAVO MART\u00cdN. De dicho evento queremos dejar constancia con el siguiente reportaje: \u00a0","rel":"","context":"En \u00abDedicatorias\u00bb","block_context":{"text":"Dedicatorias","link":"https:\/\/www.ceipmaestrorafaelbravomartin.es\/?cat=24"},"img":{"alt_text":"","src":"","width":0,"height":0},"classes":[]},{"id":1028,"url":"https:\/\/www.ceipmaestrorafaelbravomartin.es\/?p=1028","url_meta":{"origin":2906,"position":2},"title":"Simposio Internacional: Cien a\u00f1os de Platero y Yo","author":"CEIP Maestro Rafael Bravo Mart\u00edn","date":"30 noviembre, 2014","format":false,"excerpt":"Platero es peque\u00f1o,\u00a0 peludo, suave... y sigue si\u00e9ndolo \u00a1aunque ya ha cumplido 100 a\u00f1os! La C\u00e1tedra Juan Ram\u00f3n Jim\u00e9nez de la Universidad de Huelva ha celebrado durante los d\u00edas 24 a 28 de noviembre el Simposio Internacional: \"CIEN A\u00d1OS DE PLATERO Y YO\" y, como representantes de nuestro blog y\u2026","rel":"","context":"En \u00abEl centro\u00bb","block_context":{"text":"El centro","link":"https:\/\/www.ceipmaestrorafaelbravomartin.es\/?cat=10"},"img":{"alt_text":"http:\/\/www.moguerplatero2014.es\/","src":"https:\/\/i0.wp.com\/4.bp.blogspot.com\/-hHbQ5g5s3Fs\/Uz7M0itRmdI\/AAAAAAAADtc\/vTqyzIIp5Fs\/s1600\/Captura%2Bde%2Bpantalla%2B2014-04-04%2Ba%2Blas%2B17.16.05.png?resize=350%2C200","width":350,"height":200},"classes":[]},{"id":158,"url":"https:\/\/www.ceipmaestrorafaelbravomartin.es\/?p=158","url_meta":{"origin":2906,"position":3},"title":"EL TROMPO, UN MUNDO DE AMIGOS","author":"CEIP Maestro Rafael Bravo Mart\u00edn","date":"24 mayo, 2011","format":false,"excerpt":"Desde el \u00e1rea de Educaci\u00f3n F\u00edsica fomentamos la pr\u00e1ctica de Juegos Populares y Tradicionales, esos que conocemos como \" Los juegos de toda la vida\". Uno de ellos es el trompo o peonza. Llevamos varios a\u00f1os realizando un concurso de decoraci\u00f3n, donde los alumnos\/as pintan y decoran sus trompos. Un\u2026","rel":"","context":"En \u00abEd. F\u00edsica\u00bb","block_context":{"text":"Ed. F\u00edsica","link":"https:\/\/www.ceipmaestrorafaelbravomartin.es\/?cat=28"},"img":{"alt_text":"","src":"","width":0,"height":0},"classes":[]},{"id":2008,"url":"https:\/\/www.ceipmaestrorafaelbravomartin.es\/?p=2008","url_meta":{"origin":2906,"position":4},"title":"Planetario en el cole","author":"CEIP Maestro Rafael Bravo Mart\u00edn","date":"26 enero, 2020","format":false,"excerpt":"Esta semana hemos tenido la suerte, gracias a nuesta AMPA, de tener en el colegio la visita de un planetario portatil. En \u00e9l hemos aprendido mucho sobre constelaciones, planetas y estrellas. Ha sido una actividad muy enriquecedora y le ha encantado a todo nuestro alumnado. Seguiremos trabajando por los ni\u00f1os\/as\u2026","rel":"","context":"En \u00abA.M.P.A.\u00bb","block_context":{"text":"A.M.P.A.","link":"https:\/\/www.ceipmaestrorafaelbravomartin.es\/?cat=15"},"img":{"alt_text":"","src":"https:\/\/i0.wp.com\/www.ceipmaestrorafaelbravomartin.es\/wp-content\/uploads\/2020\/01\/20200125_140243-COLLAGE-01.jpeg?resize=350%2C200&ssl=1","width":350,"height":200,"srcset":"https:\/\/i0.wp.com\/www.ceipmaestrorafaelbravomartin.es\/wp-content\/uploads\/2020\/01\/20200125_140243-COLLAGE-01.jpeg?resize=350%2C200&ssl=1 1x, https:\/\/i0.wp.com\/www.ceipmaestrorafaelbravomartin.es\/wp-content\/uploads\/2020\/01\/20200125_140243-COLLAGE-01.jpeg?resize=525%2C300&ssl=1 1.5x, https:\/\/i0.wp.com\/www.ceipmaestrorafaelbravomartin.es\/wp-content\/uploads\/2020\/01\/20200125_140243-COLLAGE-01.jpeg?resize=700%2C400&ssl=1 2x"},"classes":[]},{"id":1763,"url":"https:\/\/www.ceipmaestrorafaelbravomartin.es\/?p=1763","url_meta":{"origin":2906,"position":5},"title":"Un d\u00eda de teatro.","author":"CEIP Maestro Rafael Bravo Mart\u00edn","date":"26 octubre, 2017","format":false,"excerpt":"En nuestro colegio tenemos muy claro que podemos aprender mucho fuera de nuestras paredes, por ese motivo hemos acudido a la casa de la cultura de la localidad, donde el grupo teatral\u00a0face to face\u00a0nos ha representado varias obras en ingl\u00e9s. Hemos disfrutado, nos hemos re\u00eddo y aprendido mucho","rel":"","context":"En \u00abBiling\u00fcismo\u00bb","block_context":{"text":"Biling\u00fcismo","link":"https:\/\/www.ceipmaestrorafaelbravomartin.es\/?cat=109"},"img":{"alt_text":"un d\u00eda de teatro","src":"https:\/\/i0.wp.com\/www.ceipmaestrorafaelbravomartin.es\/wp-content\/uploads\/2017\/10\/MONTAJE-TEATRO-300x225.jpg?resize=350%2C200","width":350,"height":200},"classes":[]}],"_links":{"self":[{"href":"https:\/\/www.ceipmaestrorafaelbravomartin.es\/index.php?rest_route=\/wp\/v2\/posts\/2906","targetHints":{"allow":["GET"]}}],"collection":[{"href":"https:\/\/www.ceipmaestrorafaelbravomartin.es\/index.php?rest_route=\/wp\/v2\/posts"}],"about":[{"href":"https:\/\/www.ceipmaestrorafaelbravomartin.es\/index.php?rest_route=\/wp\/v2\/types\/post"}],"author":[{"embeddable":true,"href":"https:\/\/www.ceipmaestrorafaelbravomartin.es\/index.php?rest_route=\/wp\/v2\/users\/6"}],"replies":[{"embeddable":true,"href":"https:\/\/www.ceipmaestrorafaelbravomartin.es\/index.php?rest_route=%2Fwp%2Fv2%2Fcomments&post=2906"}],"version-history":[{"count":1,"href":"https:\/\/www.ceipmaestrorafaelbravomartin.es\/index.php?rest_route=\/wp\/v2\/posts\/2906\/revisions"}],"predecessor-version":[{"id":2907,"href":"https:\/\/www.ceipmaestrorafaelbravomartin.es\/index.php?rest_route=\/wp\/v2\/posts\/2906\/revisions\/2907"}],"wp:attachment":[{"href":"https:\/\/www.ceipmaestrorafaelbravomartin.es\/index.php?rest_route=%2Fwp%2Fv2%2Fmedia&parent=2906"}],"wp:term":[{"taxonomy":"category","embeddable":true,"href":"https:\/\/www.ceipmaestrorafaelbravomartin.es\/index.php?rest_route=%2Fwp%2Fv2%2Fcategories&post=2906"},{"taxonomy":"post_tag","embeddable":true,"href":"https:\/\/www.ceipmaestrorafaelbravomartin.es\/index.php?rest_route=%2Fwp%2Fv2%2Ftags&post=2906"}],"curies":[{"name":"wp","href":"https:\/\/api.w.org\/{rel}","templated":true}]}}