{"id":2925,"date":"2020-12-14T09:53:12","date_gmt":"2020-12-14T08:53:12","guid":{"rendered":"http:\/\/www.ceipmaestrorafaelbravomartin.es\/?p=2925"},"modified":"2020-12-14T09:53:14","modified_gmt":"2020-12-14T08:53:14","slug":"ideas-para-un-desayuno-saludable-navideno","status":"publish","type":"post","link":"https:\/\/www.ceipmaestrorafaelbravomartin.es\/?p=2925","title":{"rendered":"Ideas para un desayuno saludable navide\u00f1o"},"content":{"rendered":"\n<p>Estimadas familias.<\/p>\n\n\n\n<p>La alimentaci\u00f3n es uno de los pilares fundamentales de la salud, as\u00ed desde el Plan de Creciendo en Salud, os proponemos las siguientes ideas para el desayuno que pueden traer al cole el d\u00eda 21 de diciembre.<\/p>\n\n\n\n<p>Os agradecemos de antemano vuestra colaboraci\u00f3n.<\/p>\n\n\n\n<p>Un saludo y felices fiestas.<\/p>\n\n\n\n<div class=\"wp-block-file\"><a href=\"http:\/\/www.ceipmaestrorafaelbravomartin.es\/wp-content\/uploads\/2020\/12\/DESAYUNO-NAVIDEN\u0303O.pdf\">DESAYUNO SALUDABLE NAVIDEN\u0303O<\/a><a href=\"http:\/\/www.ceipmaestrorafaelbravomartin.es\/wp-content\/uploads\/2020\/12\/DESAYUNO-NAVIDEN\u0303O.pdf\" class=\"wp-block-file__button\" download>Descarga<\/a><\/div>\n","protected":false},"excerpt":{"rendered":"<p>Estimadas familias. La alimentaci\u00f3n es uno de los pilares fundamentales de la salud, as\u00ed desde el Plan de Creciendo en Salud, os proponemos las siguientes ideas para el desayuno que pueden traer al cole el d\u00eda 21 de diciembre. Os agradecemos de antemano vuestra colaboraci\u00f3n. Un saludo y felices fiestas.<\/p>\n","protected":false},"author":6,"featured_media":0,"comment_status":"closed","ping_status":"closed","sticky":false,"template":"","format":"standard","meta":{"jetpack_post_was_ever_published":false,"_jetpack_newsletter_access":"","_jetpack_dont_email_post_to_subs":false,"_jetpack_newsletter_tier_id":0,"_jetpack_memberships_contains_paywalled_content":false,"_jetpack_memberships_contains_paid_content":false,"footnotes":""},"categories":[111,34],"tags":[95],"class_list":["post-2925","post","type-post","status-publish","format-standard","hentry","category-navidad","category-recetas","tag-navidad"],"jetpack_featured_media_url":"","jetpack_sharing_enabled":true,"jetpack_shortlink":"https:\/\/wp.me\/p9VlHp-Lb","jetpack-related-posts":[{"id":2850,"url":"https:\/\/www.ceipmaestrorafaelbravomartin.es\/?p=2850","url_meta":{"origin":2925,"position":0},"title":"Ideas para Halloween","author":"CEIP Maestro Rafael Bravo Mart\u00edn","date":"29 octubre, 2020","format":false,"excerpt":"Queridas familias: Desde el Plan Creciendo en Salud de nuestro colegio, y como siempre,fomentado los h\u00e1bitos de Vida saludable, os queremos invitar a que los peques traigan un desayuno saludable a la vez que Terror\u00edfico para el viernes. Con motivo de la celebraci\u00f3n de Halloween, pod\u00e9is fomentar en vuestras hijas\u2026","rel":"","context":"En \u00abEventos\u00bb","block_context":{"text":"Eventos","link":"https:\/\/www.ceipmaestrorafaelbravomartin.es\/?cat=103"},"img":{"alt_text":"","src":"","width":0,"height":0},"classes":[]},{"id":221,"url":"https:\/\/www.ceipmaestrorafaelbravomartin.es\/?p=221","url_meta":{"origin":2925,"position":1},"title":"Celebraci\u00f3n de la Navidad","author":"CEIP Maestro Rafael Bravo Mart\u00edn","date":"9 enero, 2012","format":false,"excerpt":"Con motivo de la Navidad se han llevado a cabo en el Centro varias actividades, algunas de las cuales queremos compartir con toda la Comunidad Educativa. Para comenzar, os dejamos el Certamen de Villancicos que el primer ciclo de Primaria realiz\u00f3 en el sal\u00f3n de actos del Centro. \u00a0 \u00a0\u00a0\u2026","rel":"","context":"En \u00abCurso 2011\/12\u00bb","block_context":{"text":"Curso 2011\/12","link":"https:\/\/www.ceipmaestrorafaelbravomartin.es\/?cat=45"},"img":{"alt_text":"Taller cocina","src":"https:\/\/i0.wp.com\/www.ceipmaestrorafaelbravomartin.es\/wp-content\/uploads\/2012\/01\/collage.jpg?resize=350%2C200&ssl=1","width":350,"height":200,"srcset":"https:\/\/i0.wp.com\/www.ceipmaestrorafaelbravomartin.es\/wp-content\/uploads\/2012\/01\/collage.jpg?resize=350%2C200&ssl=1 1x, https:\/\/i0.wp.com\/www.ceipmaestrorafaelbravomartin.es\/wp-content\/uploads\/2012\/01\/collage.jpg?resize=525%2C300&ssl=1 1.5x, https:\/\/i0.wp.com\/www.ceipmaestrorafaelbravomartin.es\/wp-content\/uploads\/2012\/01\/collage.jpg?resize=700%2C400&ssl=1 2x"},"classes":[]},{"id":1682,"url":"https:\/\/www.ceipmaestrorafaelbravomartin.es\/?p=1682","url_meta":{"origin":2925,"position":2},"title":"Celebraci\u00f3n del D\u00eda de Andaluc\u00eda.","author":"CEIP Maestro Rafael Bravo Mart\u00edn","date":"1 marzo, 2017","format":false,"excerpt":"El pasado viernes 24 de febrero, conmemoramos en nuestro colegio el D\u00eda de Andaluc\u00eda. Entre otras actividades, cantamos el himno, tuvimos un desayuno andaluz e hicimos unas ventanas con diferentes paisajes de nuestra comunidad aut\u00f3noma (\"una ventana al para\u00edso\"), entre otras muchas actividades. Os dejamos el v\u00eddeo de \"una ventana\u2026","rel":"","context":"En \u00abEl centro\u00bb","block_context":{"text":"El centro","link":"https:\/\/www.ceipmaestrorafaelbravomartin.es\/?cat=10"},"img":{"alt_text":"","src":"https:\/\/i0.wp.com\/img.youtube.com\/vi\/qB3wRcfgC20\/0.jpg?resize=350%2C200","width":350,"height":200},"classes":[]},{"id":55,"url":"https:\/\/www.ceipmaestrorafaelbravomartin.es\/?p=55","url_meta":{"origin":2925,"position":3},"title":"Excursi\u00f3n granja escuela del primer ciclo de primaria.","author":"CEIP Maestro Rafael Bravo Mart\u00edn","date":"19 abril, 2010","format":false,"excerpt":"El pasado lunes, 19 de Abril, los alumnos\/as del primer ciclo de nuestro colegio, visitamos la granja -escuela \u201cEncinar de Escardiel\u201d en la localidad de Castilblanco de los Arroyos.Salimos muy temprano y el viaje en el autob\u00fas fue algo accidentado por culpa de las curvas. Menos mal que por lo\u2026","rel":"","context":"En \u00abCurso 2009\/10\u00bb","block_context":{"text":"Curso 2009\/10","link":"https:\/\/www.ceipmaestrorafaelbravomartin.es\/?cat=27"},"img":{"alt_text":"","src":"","width":0,"height":0},"classes":[]},{"id":1368,"url":"https:\/\/www.ceipmaestrorafaelbravomartin.es\/?p=1368","url_meta":{"origin":2925,"position":4},"title":"D\u00eda de Andaluc\u00eda 2016","author":"CEIP Maestro Rafael Bravo Mart\u00edn","date":"24 febrero, 2016","format":false,"excerpt":"Con motivo de la celebraci\u00f3n del D\u00eda de Andaluc\u00eda, este a\u00f1o vamos a realizar el tradicional desayuno andaluz en colaboraci\u00f3n con nuestra AMPA. Tambi\u00e9n escucharemos y cantaremos el Himno de Andaluc\u00eda, acompa\u00f1ado por el alumnado de 6\u00ba con las flautas y el alumnado de 5\u00ba con cariocas verdiblancas. Los m\u00e1s\u2026","rel":"","context":"En \u00abEl centro\u00bb","block_context":{"text":"El centro","link":"https:\/\/www.ceipmaestrorafaelbravomartin.es\/?cat=10"},"img":{"alt_text":"Bandera-de-Andaluc\u00eda","src":"https:\/\/i0.wp.com\/blogasuncion.es\/wp-content\/uploads\/2016\/02\/Bandera-de-Andaluc%C3%ADa.jpg?resize=350%2C200","width":350,"height":200,"srcset":"https:\/\/i0.wp.com\/blogasuncion.es\/wp-content\/uploads\/2016\/02\/Bandera-de-Andaluc%C3%ADa.jpg?resize=350%2C200 1x, https:\/\/i0.wp.com\/blogasuncion.es\/wp-content\/uploads\/2016\/02\/Bandera-de-Andaluc%C3%ADa.jpg?resize=525%2C300 1.5x, https:\/\/i0.wp.com\/blogasuncion.es\/wp-content\/uploads\/2016\/02\/Bandera-de-Andaluc%C3%ADa.jpg?resize=700%2C400 2x"},"classes":[]},{"id":1793,"url":"https:\/\/www.ceipmaestrorafaelbravomartin.es\/?p=1793","url_meta":{"origin":2925,"position":5},"title":"TARJETAS NAVIDE\u00d1AS","author":"CEIP Maestro Rafael Bravo Mart\u00edn","date":"7 diciembre, 2017","format":false,"excerpt":"En la semana del 17 al 22 de diciembre, el alumnado de SEXTO, tiene prevista la visita a la Residencia de Ancianos de Alcal\u00e1 del R\u00edo. Quieren llevar a nuestros mayores un poquito de alegr\u00eda en estas fechas pr\u00f3ximas a la Navidad. Cantar\u00e1n para ellos y con ellos, algunos villancicos\u2026","rel":"","context":"En \u00abActividades extraescolares\u00bb","block_context":{"text":"Actividades extraescolares","link":"https:\/\/www.ceipmaestrorafaelbravomartin.es\/?cat=14"},"img":{"alt_text":"","src":"","width":0,"height":0},"classes":[]}],"_links":{"self":[{"href":"https:\/\/www.ceipmaestrorafaelbravomartin.es\/index.php?rest_route=\/wp\/v2\/posts\/2925","targetHints":{"allow":["GET"]}}],"collection":[{"href":"https:\/\/www.ceipmaestrorafaelbravomartin.es\/index.php?rest_route=\/wp\/v2\/posts"}],"about":[{"href":"https:\/\/www.ceipmaestrorafaelbravomartin.es\/index.php?rest_route=\/wp\/v2\/types\/post"}],"author":[{"embeddable":true,"href":"https:\/\/www.ceipmaestrorafaelbravomartin.es\/index.php?rest_route=\/wp\/v2\/users\/6"}],"replies":[{"embeddable":true,"href":"https:\/\/www.ceipmaestrorafaelbravomartin.es\/index.php?rest_route=%2Fwp%2Fv2%2Fcomments&post=2925"}],"version-history":[{"count":1,"href":"https:\/\/www.ceipmaestrorafaelbravomartin.es\/index.php?rest_route=\/wp\/v2\/posts\/2925\/revisions"}],"predecessor-version":[{"id":2927,"href":"https:\/\/www.ceipmaestrorafaelbravomartin.es\/index.php?rest_route=\/wp\/v2\/posts\/2925\/revisions\/2927"}],"wp:attachment":[{"href":"https:\/\/www.ceipmaestrorafaelbravomartin.es\/index.php?rest_route=%2Fwp%2Fv2%2Fmedia&parent=2925"}],"wp:term":[{"taxonomy":"category","embeddable":true,"href":"https:\/\/www.ceipmaestrorafaelbravomartin.es\/index.php?rest_route=%2Fwp%2Fv2%2Fcategories&post=2925"},{"taxonomy":"post_tag","embeddable":true,"href":"https:\/\/www.ceipmaestrorafaelbravomartin.es\/index.php?rest_route=%2Fwp%2Fv2%2Ftags&post=2925"}],"curies":[{"name":"wp","href":"https:\/\/api.w.org\/{rel}","templated":true}]}}