{"id":301,"date":"2013-02-20T20:17:40","date_gmt":"2013-02-20T19:17:40","guid":{"rendered":"http:\/\/blogasuncion.es\/?p=301"},"modified":"2014-10-12T19:46:28","modified_gmt":"2014-10-12T17:46:28","slug":"equipo-directivo","status":"publish","type":"post","link":"https:\/\/www.ceipmaestrorafaelbravomartin.es\/?p=301","title":{"rendered":"Equipo directivo"},"content":{"rendered":"<p>Con fecha 20 de enero de 2013 queda constituido el nuevo Equipo Directivo del Centro:<\/p>\n<p>&#8211; <strong>DIRECTORA:<\/strong>\u00a0 D\u00f1a. M\u00aa Jes\u00fas C\u00e1mara Dur\u00e1n<\/p>\n<p>&#8211; <strong>JEFE DE ESTUDIOS:<\/strong> D. Mois\u00e9s Olmedo Gonz\u00e1lez<\/p>\n<p>&#8211; <strong>SECRETARIO:<\/strong> D. Jos\u00e9 Palma Casares<\/p>\n<p><!-- rk_czxV1dv1UTfErdQy31 --><\/p>\n","protected":false},"excerpt":{"rendered":"<p>Con fecha 20 de enero de 2013 queda constituido el nuevo Equipo Directivo del Centro: &#8211; DIRECTORA:\u00a0 D\u00f1a. M\u00aa Jes\u00fas C\u00e1mara Dur\u00e1n &#8211; JEFE DE ESTUDIOS: D. Mois\u00e9s Olmedo Gonz\u00e1lez &#8211; SECRETARIO: D. Jos\u00e9 Palma Casares<\/p>\n","protected":false},"author":4,"featured_media":0,"comment_status":"closed","ping_status":"closed","sticky":false,"template":"","format":"standard","meta":{"jetpack_post_was_ever_published":false,"_jetpack_newsletter_access":"","_jetpack_dont_email_post_to_subs":false,"_jetpack_newsletter_tier_id":0,"_jetpack_memberships_contains_paywalled_content":false,"_jetpack_memberships_contains_paid_content":false,"footnotes":""},"categories":[10,2],"tags":[],"class_list":["post-301","post","type-post","status-publish","format-standard","hentry","category-centro","category-info"],"jetpack_featured_media_url":"","jetpack_sharing_enabled":true,"jetpack_shortlink":"https:\/\/wp.me\/p9VlHp-4R","jetpack-related-posts":[{"id":12,"url":"https:\/\/www.ceipmaestrorafaelbravomartin.es\/?p=12","url_meta":{"origin":301,"position":0},"title":"Equipo Directivo","author":"CEIP Maestro Rafael Bravo Mart\u00edn","date":"13 octubre, 2010","format":false,"excerpt":"El equipo directivo de nuestro Centro durante el curso escolar 2009\/10 est\u00e1 formado por: Director: Rafael Antonio Bravo Mart\u00edn. Secretario: Jos\u00e9 Palma Casares. Jefa de Estudios: M\u00aa Jes\u00fas C\u00e1mara Dur\u00e1n. A la izquierda el Secretario, en el centro la Jefa de Estudios, y a la derecha el Director.","rel":"","context":"En \u00abEl centro\u00bb","block_context":{"text":"El centro","link":"https:\/\/www.ceipmaestrorafaelbravomartin.es\/?cat=10"},"img":{"alt_text":"","src":"https:\/\/i0.wp.com\/www.ceipasuncion.es\/wp-content\/uploads\/2010\/03\/equipodirectivo-300x225.jpg?resize=350%2C200","width":350,"height":200},"classes":[]},{"id":20,"url":"https:\/\/www.ceipmaestrorafaelbravomartin.es\/?p=20","url_meta":{"origin":301,"position":1},"title":"Presentaci\u00f3n del curso 2010\/11","author":"CEIP Maestro Rafael Bravo Mart\u00edn","date":"13 septiembre, 2010","format":false,"excerpt":"En el d\u00eda de hoy, viernes 10 de septiembre de 2010, ha tenido lugar en nuestro Centro la \u00a0presentaci\u00f3n oficial de curso 2010\/11. El equipo directivo, encabezado por el Director del Centro D\u00ba. \u00a0Rafael Bravo Mart\u00edn, se dirigi\u00f3 a todos los asistentes al evento y explic\u00f3 algunas de las novedades\u2026","rel":"","context":"En \u00abPlanes y programas\u00bb","block_context":{"text":"Planes y programas","link":"https:\/\/www.ceipmaestrorafaelbravomartin.es\/?cat=9"},"img":{"alt_text":"","src":"","width":0,"height":0},"classes":[]},{"id":26,"url":"https:\/\/www.ceipmaestrorafaelbravomartin.es\/?p=26","url_meta":{"origin":301,"position":2},"title":"\u00d3rganos de gobierno","author":"CEIP Maestro Rafael Bravo Mart\u00edn","date":"15 octubre, 2010","format":false,"excerpt":"CLAUSTROEQUIPO DIRECTIVOCONSEJO ESCOLARCOMISIONES","rel":"","context":"En \u00abEl centro\u00bb","block_context":{"text":"El centro","link":"https:\/\/www.ceipmaestrorafaelbravomartin.es\/?cat=10"},"img":{"alt_text":"","src":"","width":0,"height":0},"classes":[]},{"id":1091,"url":"https:\/\/www.ceipmaestrorafaelbravomartin.es\/?p=1091","url_meta":{"origin":301,"position":3},"title":"MATRICULACI\u00d3N CURSO 2015-2016","author":"CEIP Maestro Rafael Bravo Mart\u00edn","date":"25 febrero, 2015","format":false,"excerpt":"ABIERTO EL PLAZO PARA SOLICITAR MATR\u00cdCULA. Podr\u00e1n pasarse por la Secretar\u00eda del Centro en horario de 9:00 a 11:30 h. del 3 al 26 de marzo ambos inclusive. El equipo Directivo.","rel":"","context":"En \u00abEl centro\u00bb","block_context":{"text":"El centro","link":"https:\/\/www.ceipmaestrorafaelbravomartin.es\/?cat=10"},"img":{"alt_text":"","src":"","width":0,"height":0},"classes":[]},{"id":795,"url":"https:\/\/www.ceipmaestrorafaelbravomartin.es\/?p=795","url_meta":{"origin":301,"position":4},"title":"Apertura del curso escolar 2014-2015","author":"CEIP Maestro Rafael Bravo Mart\u00edn","date":"10 septiembre, 2014","format":false,"excerpt":"Hoy, 10 de septiembre de 2014, el Equipo Directivo junto con el Claustro de profesoras y profesores, ha dado la bienvenida a la Comunidad Educativa (en especial a nuestro alumnado) al nuevo curso escolar.","rel":"","context":"En \u00abEl centro\u00bb","block_context":{"text":"El centro","link":"https:\/\/www.ceipmaestrorafaelbravomartin.es\/?cat=10"},"img":{"alt_text":"","src":"","width":0,"height":0},"classes":[]},{"id":522,"url":"https:\/\/www.ceipmaestrorafaelbravomartin.es\/?p=522","url_meta":{"origin":301,"position":5},"title":"Apertura del curso escolar 2013-2014","author":"CEIP Maestro Rafael Bravo Mart\u00edn","date":"10 septiembre, 2013","format":false,"excerpt":"Hoy, 10 de septiembre de 2013, el Equipo Directivo junto con el Claustro de profesoras y profesores, ha dado la bienvenida a la Comunidad Educativa (en especial a nuestro alumnado) al nuevo curso escolar. Coordinadora TIC","rel":"","context":"En \u00abEl centro\u00bb","block_context":{"text":"El centro","link":"https:\/\/www.ceipmaestrorafaelbravomartin.es\/?cat=10"},"img":{"alt_text":"","src":"","width":0,"height":0},"classes":[]}],"_links":{"self":[{"href":"https:\/\/www.ceipmaestrorafaelbravomartin.es\/index.php?rest_route=\/wp\/v2\/posts\/301","targetHints":{"allow":["GET"]}}],"collection":[{"href":"https:\/\/www.ceipmaestrorafaelbravomartin.es\/index.php?rest_route=\/wp\/v2\/posts"}],"about":[{"href":"https:\/\/www.ceipmaestrorafaelbravomartin.es\/index.php?rest_route=\/wp\/v2\/types\/post"}],"author":[{"embeddable":true,"href":"https:\/\/www.ceipmaestrorafaelbravomartin.es\/index.php?rest_route=\/wp\/v2\/users\/4"}],"replies":[{"embeddable":true,"href":"https:\/\/www.ceipmaestrorafaelbravomartin.es\/index.php?rest_route=%2Fwp%2Fv2%2Fcomments&post=301"}],"version-history":[{"count":3,"href":"https:\/\/www.ceipmaestrorafaelbravomartin.es\/index.php?rest_route=\/wp\/v2\/posts\/301\/revisions"}],"predecessor-version":[{"id":850,"href":"https:\/\/www.ceipmaestrorafaelbravomartin.es\/index.php?rest_route=\/wp\/v2\/posts\/301\/revisions\/850"}],"wp:attachment":[{"href":"https:\/\/www.ceipmaestrorafaelbravomartin.es\/index.php?rest_route=%2Fwp%2Fv2%2Fmedia&parent=301"}],"wp:term":[{"taxonomy":"category","embeddable":true,"href":"https:\/\/www.ceipmaestrorafaelbravomartin.es\/index.php?rest_route=%2Fwp%2Fv2%2Fcategories&post=301"},{"taxonomy":"post_tag","embeddable":true,"href":"https:\/\/www.ceipmaestrorafaelbravomartin.es\/index.php?rest_route=%2Fwp%2Fv2%2Ftags&post=301"}],"curies":[{"name":"wp","href":"https:\/\/api.w.org\/{rel}","templated":true}]}}