{"id":306,"date":"2013-02-27T20:20:56","date_gmt":"2013-02-27T19:20:56","guid":{"rendered":"http:\/\/blogasuncion.es\/?p=306"},"modified":"2014-10-12T19:46:09","modified_gmt":"2014-10-12T17:46:09","slug":"dia-de-andalucia-2013","status":"publish","type":"post","link":"https:\/\/www.ceipmaestrorafaelbravomartin.es\/?p=306","title":{"rendered":"D\u00eda de Andaluc\u00eda 2013"},"content":{"rendered":"<p style=\"text-align: center;\">Con motivo del D\u00eda de Andaluc\u00eda hemos realizado diversas actividades en nuestro Centro, tanto en Infantil como en Primaria.<\/p>\n<p style=\"text-align: center;\">En 5\u00baB, se ha elaborado una emisi\u00f3n de noticias intentado recoger dichas actividades.<\/p>\n<p style=\"text-align: center;\">Agradecer desde aqu\u00ed la colaboraci\u00f3n del alumnado y profesorado de las dos etapas.<\/p>\n<p><object style=\"display: block; margin-left: auto; margin-right: auto;\" width=\"560\" height=\"315\" classid=\"clsid:d27cdb6e-ae6d-11cf-96b8-444553540000\" codebase=\"http:\/\/download.macromedia.com\/pub\/shockwave\/cabs\/flash\/swflash.cab#version=6,0,40,0\"><param name=\"allowFullScreen\" value=\"true\" \/><param name=\"allowscriptaccess\" value=\"always\" \/><param name=\"src\" value=\"http:\/\/www.youtube.com\/v\/ogIiLTL16lk?version=3&amp;hl=es_ES&amp;rel=0\" \/><param name=\"allowfullscreen\" value=\"true\" \/><\/object><\/p>\n","protected":false},"excerpt":{"rendered":"<p>Con motivo del D\u00eda de Andaluc\u00eda hemos realizado diversas actividades en nuestro Centro, tanto en Infantil como en Primaria. En 5\u00baB, se ha elaborado una emisi\u00f3n de noticias intentado recoger dichas actividades. Agradecer desde aqu\u00ed la colaboraci\u00f3n del alumnado y profesorado de las dos etapas.<\/p>\n","protected":false},"author":4,"featured_media":0,"comment_status":"closed","ping_status":"closed","sticky":false,"template":"","format":"standard","meta":{"jetpack_post_was_ever_published":false,"_jetpack_newsletter_access":"","_jetpack_dont_email_post_to_subs":false,"_jetpack_newsletter_tier_id":0,"_jetpack_memberships_contains_paywalled_content":false,"_jetpack_memberships_contains_paid_content":false,"footnotes":""},"categories":[10,2],"tags":[],"class_list":["post-306","post","type-post","status-publish","format-standard","hentry","category-centro","category-info"],"jetpack_featured_media_url":"","jetpack_sharing_enabled":true,"jetpack_shortlink":"https:\/\/wp.me\/p9VlHp-4W","jetpack-related-posts":[{"id":1682,"url":"https:\/\/www.ceipmaestrorafaelbravomartin.es\/?p=1682","url_meta":{"origin":306,"position":0},"title":"Celebraci\u00f3n del D\u00eda de Andaluc\u00eda.","author":"CEIP Maestro Rafael Bravo Mart\u00edn","date":"1 marzo, 2017","format":false,"excerpt":"El pasado viernes 24 de febrero, conmemoramos en nuestro colegio el D\u00eda de Andaluc\u00eda. Entre otras actividades, cantamos el himno, tuvimos un desayuno andaluz e hicimos unas ventanas con diferentes paisajes de nuestra comunidad aut\u00f3noma (\"una ventana al para\u00edso\"), entre otras muchas actividades. Os dejamos el v\u00eddeo de \"una ventana\u2026","rel":"","context":"En \u00abEl centro\u00bb","block_context":{"text":"El centro","link":"https:\/\/www.ceipmaestrorafaelbravomartin.es\/?cat=10"},"img":{"alt_text":"","src":"https:\/\/i0.wp.com\/img.youtube.com\/vi\/qB3wRcfgC20\/0.jpg?resize=350%2C200","width":350,"height":200},"classes":[]},{"id":674,"url":"https:\/\/www.ceipmaestrorafaelbravomartin.es\/?p=674","url_meta":{"origin":306,"position":1},"title":"D\u00eda de Andaluc\u00eda 2014","author":"CEIP Maestro Rafael Bravo Mart\u00edn","date":"26 febrero, 2014","format":false,"excerpt":"Con motivo de la celebraci\u00f3n del D\u00eda de Andaluc\u00eda, se han realizado en nuestro Centro diversos trabajos y actividades. En el siguiente v\u00eddeo, dejamos una peque\u00f1a muestra de lo realizado en los niveles de 4\u00ba y 6\u00ba de Primaria. Los grupos de 4\u00ba han realizado trabajos de investigaci\u00f3n sobre el\u2026","rel":"","context":"En \u00abNoticiero\u00bb","block_context":{"text":"Noticiero","link":"https:\/\/www.ceipmaestrorafaelbravomartin.es\/?cat=3"},"img":{"alt_text":"","src":"","width":0,"height":0},"classes":[]},{"id":1096,"url":"https:\/\/www.ceipmaestrorafaelbravomartin.es\/?p=1096","url_meta":{"origin":306,"position":2},"title":"Celebramos el D\u00eda de Andaluc\u00eda","author":"CEIP Maestro Rafael Bravo Mart\u00edn","date":"26 febrero, 2015","format":false,"excerpt":"Hoy, 26 de febrero, hemos celebrado en el cole el D\u00eda de Andaluc\u00eda. Durante los d\u00edas anteriores a esta fecha, hemos realizado diversas actividades relacionadas con este evento. De la mayor\u00eda de ellas hemos tomado documentos gr\u00e1ficos, que se pueden disfrutar en el siguiente v\u00eddeo.","rel":"","context":"En \u00abEl centro\u00bb","block_context":{"text":"El centro","link":"https:\/\/www.ceipmaestrorafaelbravomartin.es\/?cat=10"},"img":{"alt_text":"","src":"","width":0,"height":0},"classes":[]},{"id":230,"url":"https:\/\/www.ceipmaestrorafaelbravomartin.es\/?p=230","url_meta":{"origin":306,"position":3},"title":"D\u00eda de Andaluc\u00eda","author":"CEIP Maestro Rafael Bravo Mart\u00edn","date":"2 marzo, 2012","format":false,"excerpt":"Con motivo de la celebraci\u00f3n de Di\u00e1 de Andaluc\u00eda, en nuestro Centro se llevaron a cabo diversas actividades durante la semana previa al mismo. \u00a0 En Infantil se trabaj\u00f3 en clase con la ralizaci\u00f3n de diversas fichas. \u00a0 Primer Ciclo de Primaria particip\u00f3 en una Gymkana que organizamos desde el\u2026","rel":"","context":"En \u00abSin categor\u00eda\u00bb","block_context":{"text":"Sin categor\u00eda","link":"https:\/\/www.ceipmaestrorafaelbravomartin.es\/?cat=1"},"img":{"alt_text":"","src":"","width":0,"height":0},"classes":[]},{"id":142,"url":"https:\/\/www.ceipmaestrorafaelbravomartin.es\/?p=142","url_meta":{"origin":306,"position":4},"title":"Recursos para el d\u00eda de Andaluc\u00eda","author":"CEIP Maestro Rafael Bravo Mart\u00edn","date":"19 febrero, 2011","format":false,"excerpt":"Con motivo del D\u00eda de Andaluc\u00eda que pr\u00f3ximamente se celebrar\u00e1 en nuestro Centro he realizado una selecci\u00f3n de recursos para que puedan ser utilizados por los\/las maestros\/as en clase o por el alumnado en sus casas. Espero sean de utilidad.Haz clic en la imagen para acceder a ellos: \u00a0","rel":"","context":"En \u00abRecursos TIC\u00bb","block_context":{"text":"Recursos TIC","link":"https:\/\/www.ceipmaestrorafaelbravomartin.es\/?cat=44"},"img":{"alt_text":"","src":"https:\/\/i0.wp.com\/blogasuncion.es\/wp-content\/uploads\/2011\/02\/andalucia.jpg?resize=350%2C200","width":350,"height":200},"classes":[]},{"id":1368,"url":"https:\/\/www.ceipmaestrorafaelbravomartin.es\/?p=1368","url_meta":{"origin":306,"position":5},"title":"D\u00eda de Andaluc\u00eda 2016","author":"CEIP Maestro Rafael Bravo Mart\u00edn","date":"24 febrero, 2016","format":false,"excerpt":"Con motivo de la celebraci\u00f3n del D\u00eda de Andaluc\u00eda, este a\u00f1o vamos a realizar el tradicional desayuno andaluz en colaboraci\u00f3n con nuestra AMPA. Tambi\u00e9n escucharemos y cantaremos el Himno de Andaluc\u00eda, acompa\u00f1ado por el alumnado de 6\u00ba con las flautas y el alumnado de 5\u00ba con cariocas verdiblancas. Los m\u00e1s\u2026","rel":"","context":"En \u00abEl centro\u00bb","block_context":{"text":"El centro","link":"https:\/\/www.ceipmaestrorafaelbravomartin.es\/?cat=10"},"img":{"alt_text":"Bandera-de-Andaluc\u00eda","src":"https:\/\/i0.wp.com\/blogasuncion.es\/wp-content\/uploads\/2016\/02\/Bandera-de-Andaluc%C3%ADa.jpg?resize=350%2C200","width":350,"height":200,"srcset":"https:\/\/i0.wp.com\/blogasuncion.es\/wp-content\/uploads\/2016\/02\/Bandera-de-Andaluc%C3%ADa.jpg?resize=350%2C200 1x, https:\/\/i0.wp.com\/blogasuncion.es\/wp-content\/uploads\/2016\/02\/Bandera-de-Andaluc%C3%ADa.jpg?resize=525%2C300 1.5x, https:\/\/i0.wp.com\/blogasuncion.es\/wp-content\/uploads\/2016\/02\/Bandera-de-Andaluc%C3%ADa.jpg?resize=700%2C400 2x"},"classes":[]}],"_links":{"self":[{"href":"https:\/\/www.ceipmaestrorafaelbravomartin.es\/index.php?rest_route=\/wp\/v2\/posts\/306","targetHints":{"allow":["GET"]}}],"collection":[{"href":"https:\/\/www.ceipmaestrorafaelbravomartin.es\/index.php?rest_route=\/wp\/v2\/posts"}],"about":[{"href":"https:\/\/www.ceipmaestrorafaelbravomartin.es\/index.php?rest_route=\/wp\/v2\/types\/post"}],"author":[{"embeddable":true,"href":"https:\/\/www.ceipmaestrorafaelbravomartin.es\/index.php?rest_route=\/wp\/v2\/users\/4"}],"replies":[{"embeddable":true,"href":"https:\/\/www.ceipmaestrorafaelbravomartin.es\/index.php?rest_route=%2Fwp%2Fv2%2Fcomments&post=306"}],"version-history":[{"count":2,"href":"https:\/\/www.ceipmaestrorafaelbravomartin.es\/index.php?rest_route=\/wp\/v2\/posts\/306\/revisions"}],"predecessor-version":[{"id":848,"href":"https:\/\/www.ceipmaestrorafaelbravomartin.es\/index.php?rest_route=\/wp\/v2\/posts\/306\/revisions\/848"}],"wp:attachment":[{"href":"https:\/\/www.ceipmaestrorafaelbravomartin.es\/index.php?rest_route=%2Fwp%2Fv2%2Fmedia&parent=306"}],"wp:term":[{"taxonomy":"category","embeddable":true,"href":"https:\/\/www.ceipmaestrorafaelbravomartin.es\/index.php?rest_route=%2Fwp%2Fv2%2Fcategories&post=306"},{"taxonomy":"post_tag","embeddable":true,"href":"https:\/\/www.ceipmaestrorafaelbravomartin.es\/index.php?rest_route=%2Fwp%2Fv2%2Ftags&post=306"}],"curies":[{"name":"wp","href":"https:\/\/api.w.org\/{rel}","templated":true}]}}