{"id":3066,"date":"2021-04-23T12:45:59","date_gmt":"2021-04-23T10:45:59","guid":{"rendered":"http:\/\/www.ceipmaestrorafaelbravomartin.es\/?p=3066"},"modified":"2021-04-23T12:46:01","modified_gmt":"2021-04-23T10:46:01","slug":"dia-del-libro-ampa","status":"publish","type":"post","link":"https:\/\/www.ceipmaestrorafaelbravomartin.es\/?p=3066","title":{"rendered":"D\u00eda del libro AMPA"},"content":{"rendered":"\n<p>Nuestra AMPA ha creado esta preciosa historia (con personajes que nos resultar\u00e1n muy familiares), para conmemorar el d\u00eda D\u00eda del Libro. Os animamos a todos\/as a verla y a leer miles de libros.<\/p>\n\n\n\n<figure class=\"wp-block-embed is-type-video is-provider-youtube wp-block-embed-youtube wp-embed-aspect-16-9 wp-has-aspect-ratio\"><div class=\"wp-block-embed__wrapper\">\n<span class=\"embed-youtube\" style=\"text-align:center; display: block;\"><iframe loading=\"lazy\" class=\"youtube-player\" width=\"750\" height=\"422\" src=\"https:\/\/www.youtube.com\/embed\/ymth4Ck8n80?version=3&#038;rel=1&#038;showsearch=0&#038;showinfo=1&#038;iv_load_policy=1&#038;fs=1&#038;hl=es-ES&#038;autohide=2&#038;wmode=transparent\" allowfullscreen=\"true\" style=\"border:0;\" sandbox=\"allow-scripts allow-same-origin allow-popups allow-presentation allow-popups-to-escape-sandbox\"><\/iframe><\/span>\n<\/div><\/figure>\n","protected":false},"excerpt":{"rendered":"<p>Nuestra AMPA ha creado esta preciosa historia (con personajes que nos resultar\u00e1n muy familiares), para conmemorar el d\u00eda D\u00eda del Libro. Os animamos a todos\/as a verla y a leer miles de libros.<\/p>\n","protected":false},"author":6,"featured_media":0,"comment_status":"closed","ping_status":"closed","sticky":false,"template":"","format":"standard","meta":{"jetpack_post_was_ever_published":false,"_jetpack_newsletter_access":"","_jetpack_dont_email_post_to_subs":false,"_jetpack_newsletter_tier_id":0,"_jetpack_memberships_contains_paywalled_content":false,"_jetpack_memberships_contains_paid_content":false,"footnotes":""},"categories":[15],"tags":[],"class_list":["post-3066","post","type-post","status-publish","format-standard","hentry","category-ampa"],"jetpack_featured_media_url":"","jetpack_sharing_enabled":true,"jetpack_shortlink":"https:\/\/wp.me\/p9VlHp-Ns","jetpack-related-posts":[{"id":1368,"url":"https:\/\/www.ceipmaestrorafaelbravomartin.es\/?p=1368","url_meta":{"origin":3066,"position":0},"title":"D\u00eda de Andaluc\u00eda 2016","author":"CEIP Maestro Rafael Bravo Mart\u00edn","date":"24 febrero, 2016","format":false,"excerpt":"Con motivo de la celebraci\u00f3n del D\u00eda de Andaluc\u00eda, este a\u00f1o vamos a realizar el tradicional desayuno andaluz en colaboraci\u00f3n con nuestra AMPA. Tambi\u00e9n escucharemos y cantaremos el Himno de Andaluc\u00eda, acompa\u00f1ado por el alumnado de 6\u00ba con las flautas y el alumnado de 5\u00ba con cariocas verdiblancas. Los m\u00e1s\u2026","rel":"","context":"En \u00abEl centro\u00bb","block_context":{"text":"El centro","link":"https:\/\/www.ceipmaestrorafaelbravomartin.es\/?cat=10"},"img":{"alt_text":"Bandera-de-Andaluc\u00eda","src":"https:\/\/i0.wp.com\/blogasuncion.es\/wp-content\/uploads\/2016\/02\/Bandera-de-Andaluc%C3%ADa.jpg?resize=350%2C200","width":350,"height":200,"srcset":"https:\/\/i0.wp.com\/blogasuncion.es\/wp-content\/uploads\/2016\/02\/Bandera-de-Andaluc%C3%ADa.jpg?resize=350%2C200 1x, https:\/\/i0.wp.com\/blogasuncion.es\/wp-content\/uploads\/2016\/02\/Bandera-de-Andaluc%C3%ADa.jpg?resize=525%2C300 1.5x, https:\/\/i0.wp.com\/blogasuncion.es\/wp-content\/uploads\/2016\/02\/Bandera-de-Andaluc%C3%ADa.jpg?resize=700%2C400 2x"},"classes":[]},{"id":1690,"url":"https:\/\/www.ceipmaestrorafaelbravomartin.es\/?p=1690","url_meta":{"origin":3066,"position":1},"title":"Jornada de convivencia 2017.","author":"CEIP Maestro Rafael Bravo Mart\u00edn","date":"31 marzo, 2017","format":false,"excerpt":"Ya es una costumbre en nuestro colegio, celebrar un d\u00eda de puertas abiertas donde familias, profesorado y comunidad educativa en general, compartimos unos ratos de risas, actividades y buena comida. Aqu\u00ed pod\u00e9is ver un resumen del d\u00eda. Gracias al AMPA Asunci\u00f3n por su inestimable colaboraci\u00f3n y a la comunidad educativa\u2026","rel":"","context":"En \u00abEl centro\u00bb","block_context":{"text":"El centro","link":"https:\/\/www.ceipmaestrorafaelbravomartin.es\/?cat=10"},"img":{"alt_text":"","src":"https:\/\/i0.wp.com\/img.youtube.com\/vi\/d65PtucVfbk\/0.jpg?resize=350%2C200","width":350,"height":200},"classes":[]},{"id":1682,"url":"https:\/\/www.ceipmaestrorafaelbravomartin.es\/?p=1682","url_meta":{"origin":3066,"position":2},"title":"Celebraci\u00f3n del D\u00eda de Andaluc\u00eda.","author":"CEIP Maestro Rafael Bravo Mart\u00edn","date":"1 marzo, 2017","format":false,"excerpt":"El pasado viernes 24 de febrero, conmemoramos en nuestro colegio el D\u00eda de Andaluc\u00eda. Entre otras actividades, cantamos el himno, tuvimos un desayuno andaluz e hicimos unas ventanas con diferentes paisajes de nuestra comunidad aut\u00f3noma (\"una ventana al para\u00edso\"), entre otras muchas actividades. Os dejamos el v\u00eddeo de \"una ventana\u2026","rel":"","context":"En \u00abEl centro\u00bb","block_context":{"text":"El centro","link":"https:\/\/www.ceipmaestrorafaelbravomartin.es\/?cat=10"},"img":{"alt_text":"","src":"https:\/\/i0.wp.com\/img.youtube.com\/vi\/qB3wRcfgC20\/0.jpg?resize=350%2C200","width":350,"height":200},"classes":[]},{"id":14,"url":"https:\/\/www.ceipmaestrorafaelbravomartin.es\/?p=14","url_meta":{"origin":3066,"position":3},"title":"Nota informativa: actividades extraescolares","author":"CEIP Maestro Rafael Bravo Mart\u00edn","date":"13 octubre, 2010","format":false,"excerpt":"Estimados padres y madres,Desde el AMPA queremos informaros de las actividades extraescolares que se llevar\u00e1n a cabo a partir del 15 de Octubre. Cada una de ellas ser\u00e1 dos d\u00edas a la semana, una hora al d\u00eda, por las tardes a partir de las 16:00 h.","rel":"","context":"En \u00abA.M.P.A.\u00bb","block_context":{"text":"A.M.P.A.","link":"https:\/\/www.ceipmaestrorafaelbravomartin.es\/?cat=15"},"img":{"alt_text":"","src":"","width":0,"height":0},"classes":[]},{"id":1572,"url":"https:\/\/www.ceipmaestrorafaelbravomartin.es\/?p=1572","url_meta":{"origin":3066,"position":4},"title":"Halloween 2016","author":"CEIP Maestro Rafael Bravo Mart\u00edn","date":"2 noviembre, 2016","format":false,"excerpt":"Como venimos haciendo en nuestro colegio desde algunos a\u00f1os, el pasado viernes 28 de octubre, celebramos Halloween con un mont\u00f3n de actividades. Aqu\u00ed ten\u00e9is un v\u00eddeo resumen de todo lo que hubo en nuestro cole. https:\/\/youtu.be\/MAaA5_wjLtA Igualmente, queremos agradecer a las familias, AMPA y al profesorado participante del centro, su\u2026","rel":"","context":"En \u00abBiling\u00fcismo\u00bb","block_context":{"text":"Biling\u00fcismo","link":"https:\/\/www.ceipmaestrorafaelbravomartin.es\/?cat=109"},"img":{"alt_text":"","src":"https:\/\/i0.wp.com\/img.youtube.com\/vi\/MAaA5_wjLtA\/0.jpg?resize=350%2C200","width":350,"height":200},"classes":[]},{"id":1685,"url":"https:\/\/www.ceipmaestrorafaelbravomartin.es\/?p=1685","url_meta":{"origin":3066,"position":5},"title":"Carnaval 2017","author":"CEIP Maestro Rafael Bravo Mart\u00edn","date":"6 marzo, 2017","format":false,"excerpt":"Porque no todo es trabajar, en nuestro colegio nos lo pasamos muy bien. El pasado 3 de marzo celebramos el carnaval donde tuvimos la actuaci\u00f3n de una charanga y las actuaciones de las chirigotas de los sextos. Fue un d\u00eda muy divertido. https:\/\/youtu.be\/JmzhhtZ_CBI Nuestros agradecimiento a la AMPA Asunci\u00f3n y\u2026","rel":"","context":"En \u00abEl centro\u00bb","block_context":{"text":"El centro","link":"https:\/\/www.ceipmaestrorafaelbravomartin.es\/?cat=10"},"img":{"alt_text":"","src":"https:\/\/i0.wp.com\/img.youtube.com\/vi\/JmzhhtZ_CBI\/0.jpg?resize=350%2C200","width":350,"height":200},"classes":[]}],"_links":{"self":[{"href":"https:\/\/www.ceipmaestrorafaelbravomartin.es\/index.php?rest_route=\/wp\/v2\/posts\/3066","targetHints":{"allow":["GET"]}}],"collection":[{"href":"https:\/\/www.ceipmaestrorafaelbravomartin.es\/index.php?rest_route=\/wp\/v2\/posts"}],"about":[{"href":"https:\/\/www.ceipmaestrorafaelbravomartin.es\/index.php?rest_route=\/wp\/v2\/types\/post"}],"author":[{"embeddable":true,"href":"https:\/\/www.ceipmaestrorafaelbravomartin.es\/index.php?rest_route=\/wp\/v2\/users\/6"}],"replies":[{"embeddable":true,"href":"https:\/\/www.ceipmaestrorafaelbravomartin.es\/index.php?rest_route=%2Fwp%2Fv2%2Fcomments&post=3066"}],"version-history":[{"count":2,"href":"https:\/\/www.ceipmaestrorafaelbravomartin.es\/index.php?rest_route=\/wp\/v2\/posts\/3066\/revisions"}],"predecessor-version":[{"id":3068,"href":"https:\/\/www.ceipmaestrorafaelbravomartin.es\/index.php?rest_route=\/wp\/v2\/posts\/3066\/revisions\/3068"}],"wp:attachment":[{"href":"https:\/\/www.ceipmaestrorafaelbravomartin.es\/index.php?rest_route=%2Fwp%2Fv2%2Fmedia&parent=3066"}],"wp:term":[{"taxonomy":"category","embeddable":true,"href":"https:\/\/www.ceipmaestrorafaelbravomartin.es\/index.php?rest_route=%2Fwp%2Fv2%2Fcategories&post=3066"},{"taxonomy":"post_tag","embeddable":true,"href":"https:\/\/www.ceipmaestrorafaelbravomartin.es\/index.php?rest_route=%2Fwp%2Fv2%2Ftags&post=3066"}],"curies":[{"name":"wp","href":"https:\/\/api.w.org\/{rel}","templated":true}]}}