{"id":312,"date":"2013-04-09T20:24:45","date_gmt":"2013-04-09T18:24:45","guid":{"rendered":"http:\/\/blogasuncion.es\/?p=312"},"modified":"2014-10-12T19:45:45","modified_gmt":"2014-10-12T17:45:45","slug":"programa-jornadas-culturales-abril-2013","status":"publish","type":"post","link":"https:\/\/www.ceipmaestrorafaelbravomartin.es\/?p=312","title":{"rendered":"PROGRAMA JORNADAS CULTURALES, ABRIL 2013"},"content":{"rendered":"<p><span style=\"text-decoration: underline;\"><strong>D\u00eda 1 (lunes):<\/strong><\/span><\/p>\n<p>Teatro de ingl\u00e9s por la compa\u00f1\u00eda FACE 2 FACE THEATRE.<\/p>\n<p>Lugar: <span style=\"text-decoration: underline;\">Casa de la Cultura.<\/span><\/p>\n<p><span style=\"text-decoration: underline;\"><strong>D\u00eda 2 (martes) y hasta finalizar la tarea:<\/strong><\/span><\/p>\n<p>Decoraci\u00f3n de la nueva entrada:<\/p>\n<p>Cuentos infantiles. (Alumnado de Infantil, 4 y 5 a\u00f1os, y Primaria)<\/p>\n<p><span style=\"text-decoration: underline;\"><strong>D\u00eda 10 (mi\u00e9rcole):<\/strong><\/span><\/p>\n<p>Intercambio-Cambalache de cuentos, c\u00f3mics&#8230;<\/p>\n<p><span style=\"text-decoration: underline;\">Lugar: Patios de Infantil y Primaria.<\/span><\/p>\n<p>En el caso de que el tiempo lo impidiera, esta actividad se realizar\u00eda en el SUM y pasillo (Infantil) y en el Gimnasio (Primaria)<\/p>\n<p><span style=\"text-decoration: underline;\"><strong>D\u00eda 11 (jueves):<\/strong><\/span><\/p>\n<p><strong>09:00 horas:<\/strong> Cuentos en ingl\u00e9s, en el SUM (Alumnado de 1\u00baA, 2\u00baA y 3\u00baA).<\/p>\n<p><strong>10:00 horas:<\/strong> Cuentacuentos \u00abUn mundo de Colores\u00bb (Alumnado de Infantil, 3 y 4 a\u00f1os).<\/p>\n<p><span style=\"text-decoration: underline;\">Lugar: Casa de la Cultura.<\/span><\/p>\n<p><strong>11:00 horas: <\/strong>Charla-coloquio de C\u00e1ritas (Alumnado de 4\u00ba, 5\u00ba y 6\u00ba de Primaria).<\/p>\n<p><span style=\"text-decoration: underline;\">Lugar: SUM<\/span><\/p>\n<p><strong>12:15 horas:<\/strong> Cuentos en ingl\u00e9s, en el SUM (Alumnado de 1\u00baBy 2\u00baB).<\/p>\n<p><strong>Durante toda la ma\u00f1ana:<\/strong> Cuentos en la web, elaborados por 5\u00baB.<\/p>\n<p><span style=\"text-decoration: underline;\"><strong>D\u00eda 12 (viernes):<\/strong><\/span><\/p>\n<p><strong>13:15 horas: <\/strong>Puertas Abiertas (Comida-convivencia organizada por el AMPA y con la colaboraci\u00f3n de todas las familias)<\/p>\n<p><span style=\"text-decoration: underline;\">Lugar: Patio de albero o Gimnasio (si llueve).<\/span><\/p>\n<p><span style=\"text-decoration: underline;\"><strong>D\u00edas 22 (lunes) a 26 (viernes):<\/strong><\/span><\/p>\n<p>Exposici\u00f3n de las portadas de cuentos realizadas estos d\u00edas.<\/p>\n<p><span style=\"text-decoration: underline;\"> Lugar: Pasillos de Primaria.<\/span><\/p>\n<p><span style=\"text-decoration: underline;\"><strong>D\u00eda 25 de abril (jueves):<\/strong><\/span><\/p>\n<p>6\u00baA y 5\u00baA: Actividad organizada por el Ayuntamiento.<\/p>\n<p><span style=\"text-decoration: underline;\">Lugar: Biblioteca y Visita patrimonial.<\/span><\/p>\n","protected":false},"excerpt":{"rendered":"<p>D\u00eda 1 (lunes): Teatro de ingl\u00e9s por la compa\u00f1\u00eda FACE 2 FACE THEATRE. Lugar: Casa de la Cultura. D\u00eda 2 (martes) y hasta finalizar la tarea: Decoraci\u00f3n de la nueva entrada: Cuentos infantiles. (Alumnado de Infantil, 4 y 5 a\u00f1os, y Primaria) D\u00eda 10 (mi\u00e9rcole): Intercambio-Cambalache de cuentos, c\u00f3mics&#8230; Lugar: [&hellip;]<\/p>\n","protected":false},"author":4,"featured_media":0,"comment_status":"closed","ping_status":"closed","sticky":false,"template":"","format":"standard","meta":{"jetpack_post_was_ever_published":false,"_jetpack_newsletter_access":"","_jetpack_dont_email_post_to_subs":false,"_jetpack_newsletter_tier_id":0,"_jetpack_memberships_contains_paywalled_content":false,"_jetpack_memberships_contains_paid_content":false,"footnotes":""},"categories":[10,2],"tags":[],"class_list":["post-312","post","type-post","status-publish","format-standard","hentry","category-centro","category-info"],"jetpack_featured_media_url":"","jetpack_sharing_enabled":true,"jetpack_shortlink":"https:\/\/wp.me\/p9VlHp-52","jetpack-related-posts":[{"id":82,"url":"https:\/\/www.ceipmaestrorafaelbravomartin.es\/?p=82","url_meta":{"origin":312,"position":0},"title":"Reuni\u00f3n con las familias en Ed. Infantil","author":"CEIP Maestro Rafael Bravo Mart\u00edn","date":"29 noviembre, 2009","format":false,"excerpt":"El 26 de octubre del 2010 se llev\u00f3 a cabo la reuni\u00f3n con las \u00a0 familias del alumnado de Educaci\u00f3n Infantil. En ella se trataron entre otros los siguientes puntos:","rel":"","context":"En \u00abEducaci\u00f3n Infantil\u00bb","block_context":{"text":"Educaci\u00f3n Infantil","link":"https:\/\/www.ceipmaestrorafaelbravomartin.es\/?cat=26"},"img":{"alt_text":"*","src":"file:\/\/\/C:\/DOCUME~1\/ANGELO~1\/CONFIG~1\/Temp\/msohtml1\/01\/clip_image001.gif","width":350,"height":200},"classes":[]},{"id":19,"url":"https:\/\/www.ceipmaestrorafaelbravomartin.es\/?p=19","url_meta":{"origin":312,"position":1},"title":"Normas de entradas y salidas del alumnado del Centro","author":"CEIP Maestro Rafael Bravo Mart\u00edn","date":"13 octubre, 2010","format":false,"excerpt":"Se informa a toda la comunidad educativa sobre las normas que rigen la entrada y salida del alumnado del Centro.","rel":"","context":"En \u00abEl centro\u00bb","block_context":{"text":"El centro","link":"https:\/\/www.ceipmaestrorafaelbravomartin.es\/?cat=10"},"img":{"alt_text":"","src":"","width":0,"height":0},"classes":[]},{"id":136,"url":"https:\/\/www.ceipmaestrorafaelbravomartin.es\/?p=136","url_meta":{"origin":312,"position":2},"title":"Convocator\u00eda de Reuni\u00f3n Informativa a las familias sobre PASEN","author":"CEIP Maestro Rafael Bravo Mart\u00edn","date":"24 enero, 2011","format":false,"excerpt":"Se convoca a los tutores legales del alumnado del Centro a la reuni\u00f3n informativa que tendr\u00e1 lugar el pr\u00f3ximo martes d\u00eda 1 de febrero en el Sal\u00f3n de Usos M\u00faltiples del Centro. El motivo es dar a conocer la plataforma educativa PASEN que durante el presente curso escolar vamos a\u2026","rel":"","context":"En \u00abNoticias TIC\u00bb","block_context":{"text":"Noticias TIC","link":"https:\/\/www.ceipmaestrorafaelbravomartin.es\/?cat=19"},"img":{"alt_text":"","src":"","width":0,"height":0},"classes":[]},{"id":30,"url":"https:\/\/www.ceipmaestrorafaelbravomartin.es\/?p=30","url_meta":{"origin":312,"position":3},"title":"Tr\u00e1nsito Infantil-Primaria.","author":"CEIP Maestro Rafael Bravo Mart\u00edn","date":"15 octubre, 2010","format":false,"excerpt":"El Programa de Tr\u00e1nsito (entendido como paso de una etapa a otra) de Infantil a Primaria se incluye dentro del Plan de Acci\u00f3n Tutorial, incluido a su vez en el Plan Anual de Centro (PAC) seg\u00fan la Orden 16\/11\/2007, por la que se regula la organizaci\u00f3n de la orientaci\u00f3n y\u2026","rel":"","context":"En \u00abPlanes y programas\u00bb","block_context":{"text":"Planes y programas","link":"https:\/\/www.ceipmaestrorafaelbravomartin.es\/?cat=23"},"img":{"alt_text":"","src":"","width":0,"height":0},"classes":[]},{"id":1182,"url":"https:\/\/www.ceipmaestrorafaelbravomartin.es\/?p=1182","url_meta":{"origin":312,"position":4},"title":"Comenzamos el nuevo curso.","author":"CEIP Maestro Rafael Bravo Mart\u00edn","date":"7 septiembre, 2015","format":false,"excerpt":"El pr\u00f3ximo jueves 10 de septiembre, tendr\u00e1 lugar la Presentaci\u00f3n del curso 2015\/2016. La entrada al centro comenzar\u00e1 con una bienvenida en el patio \"Antonio Mill\u00e1n Ruvira\" a las 12:30 horas. Dicho acto ser\u00e1 realizado por la directora, as\u00ed como por la coordinadora de biling\u00fcismo. A continuaci\u00f3n la presentaci\u00f3n por\u2026","rel":"","context":"En \u00abEventos\u00bb","block_context":{"text":"Eventos","link":"https:\/\/www.ceipmaestrorafaelbravomartin.es\/?cat=103"},"img":{"alt_text":"","src":"","width":0,"height":0},"classes":[]},{"id":616,"url":"https:\/\/www.ceipmaestrorafaelbravomartin.es\/?p=616","url_meta":{"origin":312,"position":5},"title":"6 DE DICIEMBRE DE 2013","author":"CEIP Maestro Rafael Bravo Mart\u00edn","date":"3 diciembre, 2013","format":false,"excerpt":"Con motivo de la celebraci\u00f3n del D\u00eda de la Constituci\u00f3n, se llev\u00f3 a cabo el pasado jueves 5 de diciembre la lectura de varios art\u00edculos de la misma por un grupo de alumnas y alumnos de los distintos niveles desde Infantil de 5 a\u00f1os hasta 6\u00ba de Primaria, despu\u00e9s de\u2026","rel":"","context":"En \u00abEl centro\u00bb","block_context":{"text":"El centro","link":"https:\/\/www.ceipmaestrorafaelbravomartin.es\/?cat=10"},"img":{"alt_text":"","src":"","width":0,"height":0},"classes":[]}],"_links":{"self":[{"href":"https:\/\/www.ceipmaestrorafaelbravomartin.es\/index.php?rest_route=\/wp\/v2\/posts\/312","targetHints":{"allow":["GET"]}}],"collection":[{"href":"https:\/\/www.ceipmaestrorafaelbravomartin.es\/index.php?rest_route=\/wp\/v2\/posts"}],"about":[{"href":"https:\/\/www.ceipmaestrorafaelbravomartin.es\/index.php?rest_route=\/wp\/v2\/types\/post"}],"author":[{"embeddable":true,"href":"https:\/\/www.ceipmaestrorafaelbravomartin.es\/index.php?rest_route=\/wp\/v2\/users\/4"}],"replies":[{"embeddable":true,"href":"https:\/\/www.ceipmaestrorafaelbravomartin.es\/index.php?rest_route=%2Fwp%2Fv2%2Fcomments&post=312"}],"version-history":[{"count":2,"href":"https:\/\/www.ceipmaestrorafaelbravomartin.es\/index.php?rest_route=\/wp\/v2\/posts\/312\/revisions"}],"predecessor-version":[{"id":846,"href":"https:\/\/www.ceipmaestrorafaelbravomartin.es\/index.php?rest_route=\/wp\/v2\/posts\/312\/revisions\/846"}],"wp:attachment":[{"href":"https:\/\/www.ceipmaestrorafaelbravomartin.es\/index.php?rest_route=%2Fwp%2Fv2%2Fmedia&parent=312"}],"wp:term":[{"taxonomy":"category","embeddable":true,"href":"https:\/\/www.ceipmaestrorafaelbravomartin.es\/index.php?rest_route=%2Fwp%2Fv2%2Fcategories&post=312"},{"taxonomy":"post_tag","embeddable":true,"href":"https:\/\/www.ceipmaestrorafaelbravomartin.es\/index.php?rest_route=%2Fwp%2Fv2%2Ftags&post=312"}],"curies":[{"name":"wp","href":"https:\/\/api.w.org\/{rel}","templated":true}]}}