{"id":314,"date":"2013-04-10T20:25:46","date_gmt":"2013-04-10T18:25:46","guid":{"rendered":"http:\/\/blogasuncion.es\/?p=314"},"modified":"2014-10-12T19:45:31","modified_gmt":"2014-10-12T17:45:31","slug":"poemas-para-nuestro-amigo-amir","status":"publish","type":"post","link":"https:\/\/www.ceipmaestrorafaelbravomartin.es\/?p=314","title":{"rendered":"Poemas para nuestro amigo AMIR"},"content":{"rendered":"<p style=\"text-align: center;\">Desde esta entrada de nuestra web, queremos mandar todo el \u00e1nimo y apoyo del mundo a nuestro compa\u00f1ero Amir de 6\u00baB, para que se recupere lo antes posible de la operaci\u00f3n que le acaban de realizar.<\/p>\n<p style=\"text-align: center;\">Esperamos que, la lectura de estos <strong>\u00ab<span style=\"text-decoration: underline;\">poemas de amistad<\/span><\/strong>\u00ab, te insufle \u00e1nimos y fuerzas para que pronto est\u00e9s entre nosotros, jugando en nuestro colegio.<\/p>\n<p style=\"text-align: center;\">Un saludo de toda la comunidad educativa, y que disfrutes de la lectura de estos poemas de tus compa\u00f1eras y compa\u00f1eros.<\/p>\n<div><object style=\"display: block; margin-left: auto; margin-right: auto;\" width=\"513\" height=\"363\" classid=\"clsid:d27cdb6e-ae6d-11cf-96b8-444553540000\" codebase=\"http:\/\/download.macromedia.com\/pub\/shockwave\/cabs\/flash\/swflash.cab#version=6,0,40,0\"><param name=\"allowfullscreen\" value=\"true\" \/><param name=\"menu\" value=\"false\" \/><param name=\"allowscriptaccess\" value=\"always\" \/><param name=\"src\" value=\"http:\/\/static.issuu.com\/webembed\/viewers\/style1\/v1\/IssuuViewer.swf?mode=embed&amp;layout=http%3A%2F%2Fskin.issuu.com%2Fv%2Fcartoon%2Flayout.xml&amp;showFlipBtn=true&amp;documentId=130410182951-70a27b59f9b84140903091e73389a81f&amp;docName=20130410115057865&amp;username=asunquivir&amp;loadingInfoText=Poemas%20para%20nuestro%20amigo&amp;et=1365619487772&amp;er=4\" \/><\/object><\/div>\n","protected":false},"excerpt":{"rendered":"<p>Desde esta entrada de nuestra web, queremos mandar todo el \u00e1nimo y apoyo del mundo a nuestro compa\u00f1ero Amir de 6\u00baB, para que se recupere lo antes posible de la operaci\u00f3n que le acaban de realizar. Esperamos que, la lectura de estos \u00abpoemas de amistad\u00ab, te insufle \u00e1nimos y fuerzas [&hellip;]<\/p>\n","protected":false},"author":4,"featured_media":0,"comment_status":"closed","ping_status":"closed","sticky":false,"template":"","format":"standard","meta":{"jetpack_post_was_ever_published":false,"_jetpack_newsletter_access":"","_jetpack_dont_email_post_to_subs":false,"_jetpack_newsletter_tier_id":0,"_jetpack_memberships_contains_paywalled_content":false,"_jetpack_memberships_contains_paid_content":false,"footnotes":""},"categories":[24,3],"tags":[],"class_list":["post-314","post","type-post","status-publish","format-standard","hentry","category-c59-dedicatorias","category-noticiero"],"jetpack_featured_media_url":"","jetpack_sharing_enabled":true,"jetpack_shortlink":"https:\/\/wp.me\/p9VlHp-54","jetpack-related-posts":[{"id":1582,"url":"https:\/\/www.ceipmaestrorafaelbravomartin.es\/?p=1582","url_meta":{"origin":314,"position":0},"title":"Celebramos el trig\u00e9simo aniversario de nuestra Biblioteca Municipal","author":"CEIP Maestro Rafael Bravo Mart\u00edn","date":"21 noviembre, 2016","format":false,"excerpt":"La Biblioteca Municipal de Alcal\u00e1 del R\u00edo cumple 30 a\u00f1os y la Delegaci\u00f3n de Cultura est\u00e1 realizando actividades de fomento de la lectura en el marco de dicha celebraci\u00f3n. El alumnado de 5\u00ba de Primaria del CEIP Maestro Rafael Bravo Mart\u00edn ha realizado una actividad de decoraci\u00f3n de piedras que\u2026","rel":"","context":"En \u00abEl centro\u00bb","block_context":{"text":"El centro","link":"https:\/\/www.ceipmaestrorafaelbravomartin.es\/?cat=10"},"img":{"alt_text":"","src":"","width":0,"height":0},"classes":[]},{"id":153,"url":"https:\/\/www.ceipmaestrorafaelbravomartin.es\/?p=153","url_meta":{"origin":314,"position":1},"title":"Semana Cultural (I)","author":"CEIP Maestro Rafael Bravo Mart\u00edn","date":"24 marzo, 2011","format":false,"excerpt":"{jcomments on} Como ya sab\u00e9is, durante estos d\u00edas se celebra la Semana Cultural en nuestro Cole.\"NUESTRO CENTRO. AYER Y HOY\" \u00a0 De las muchas actividades propuestas para estos d\u00edas, se han llevado a cabo ya algunas. Se han ido tomando im\u00e1genes de: - Conferencias de la Historia de Nuestro Centro\u2026","rel":"","context":"En \u00abCurso 2010\/11\u00bb","block_context":{"text":"Curso 2010\/11","link":"https:\/\/www.ceipmaestrorafaelbravomartin.es\/?cat=40"},"img":{"alt_text":"","src":"","width":0,"height":0},"classes":[]},{"id":601,"url":"https:\/\/www.ceipmaestrorafaelbravomartin.es\/?p=601","url_meta":{"origin":314,"position":2},"title":"25 de noviembre: D\u00eda Internacional de la Eliminaci\u00f3n de la Violencia contra la Mujer","author":"CEIP Maestro Rafael Bravo Mart\u00edn","date":"25 noviembre, 2013","format":false,"excerpt":"A trav\u00e9s de nuestro Ayuntamiento nos unimos a la propuesta del Instituto Andaluz de la Mujer con la lectura simult\u00e1nea del libro \"NI UN BESITO A LA FUERZA\" un cuento coeditado en 2009 por dicho Instituto y que este a\u00f1o se utiliza como recurso coeducativo para trabajar con el alumnado\u2026","rel":"","context":"En \u00abNoticiero\u00bb","block_context":{"text":"Noticiero","link":"https:\/\/www.ceipmaestrorafaelbravomartin.es\/?cat=3"},"img":{"alt_text":"","src":"","width":0,"height":0},"classes":[]},{"id":25,"url":"https:\/\/www.ceipmaestrorafaelbravomartin.es\/?p=25","url_meta":{"origin":314,"position":3},"title":"Consejos para padres y madres.","author":"CEIP Maestro Rafael Bravo Mart\u00edn","date":"14 octubre, 2010","format":false,"excerpt":"\u00a0Normas sobre lecturas para padres y madres:","rel":"","context":"En \u00abInformaci\u00f3n\u00bb","block_context":{"text":"Informaci\u00f3n","link":"https:\/\/www.ceipmaestrorafaelbravomartin.es\/?cat=20"},"img":{"alt_text":"","src":"","width":0,"height":0},"classes":[]},{"id":34,"url":"https:\/\/www.ceipmaestrorafaelbravomartin.es\/?p=34","url_meta":{"origin":314,"position":4},"title":"Biblioteca Escolar","author":"CEIP Maestro Rafael Bravo Mart\u00edn","date":"18 octubre, 2010","format":false,"excerpt":"El colegio p\u00fablico Nuestra Se\u00f1ora de Asunci\u00f3n de Alcal\u00e1 del R\u00edo dispone de una magnifica biblioteca de centro, instalada en una sala de la segunda planta , dicha sala est\u00e1 habilitada con 9 mesas y unas 40 sillas para la lectura y el estudio, 5 estanter\u00edas grandes\u00a0 de madera de\u2026","rel":"","context":"En \u00abPlanes y programas\u00bb","block_context":{"text":"Planes y programas","link":"https:\/\/www.ceipmaestrorafaelbravomartin.es\/?cat=23"},"img":{"alt_text":"","src":"","width":0,"height":0},"classes":[]},{"id":235,"url":"https:\/\/www.ceipmaestrorafaelbravomartin.es\/?p=235","url_meta":{"origin":314,"position":5},"title":"200 de La Pepa y 20 de la Expo&#8217;92","author":"CEIP Maestro Rafael Bravo Mart\u00edn","date":"19 marzo, 2012","format":false,"excerpt":"\u00a0 Este a\u00f1o Ntra. Sra. de La Asunci\u00f3n dedica su Semana Cultural a dos acontecimientos trascendentes en nuestra historia: -Hace hoy 200 a\u00f1os que se aprob\u00f3 en C\u00e1diz, \u00fanica ciudad espa\u00f1ola que nunca lleg\u00f3 a ser invadida por los franceses, la 1\u00aa Constituci\u00f3n Espa\u00f1ola: La Pepa. -Este a\u00f1o se cumplen\u2026","rel":"","context":"En \u00abTercer ciclo de Primaria\u00bb","block_context":{"text":"Tercer ciclo de Primaria","link":"https:\/\/www.ceipmaestrorafaelbravomartin.es\/?cat=25"},"img":{"alt_text":"","src":"https:\/\/i0.wp.com\/www.ceipmaestrorafaelbravomartin.es\/wp-content\/uploads\/2012\/03\/Captura%2Bde%2Bpantalla%2B2012-03-19%2Ba%2Blas%2B16.50.44.png?resize=350%2C200&ssl=1","width":350,"height":200},"classes":[]}],"_links":{"self":[{"href":"https:\/\/www.ceipmaestrorafaelbravomartin.es\/index.php?rest_route=\/wp\/v2\/posts\/314","targetHints":{"allow":["GET"]}}],"collection":[{"href":"https:\/\/www.ceipmaestrorafaelbravomartin.es\/index.php?rest_route=\/wp\/v2\/posts"}],"about":[{"href":"https:\/\/www.ceipmaestrorafaelbravomartin.es\/index.php?rest_route=\/wp\/v2\/types\/post"}],"author":[{"embeddable":true,"href":"https:\/\/www.ceipmaestrorafaelbravomartin.es\/index.php?rest_route=\/wp\/v2\/users\/4"}],"replies":[{"embeddable":true,"href":"https:\/\/www.ceipmaestrorafaelbravomartin.es\/index.php?rest_route=%2Fwp%2Fv2%2Fcomments&post=314"}],"version-history":[{"count":2,"href":"https:\/\/www.ceipmaestrorafaelbravomartin.es\/index.php?rest_route=\/wp\/v2\/posts\/314\/revisions"}],"predecessor-version":[{"id":845,"href":"https:\/\/www.ceipmaestrorafaelbravomartin.es\/index.php?rest_route=\/wp\/v2\/posts\/314\/revisions\/845"}],"wp:attachment":[{"href":"https:\/\/www.ceipmaestrorafaelbravomartin.es\/index.php?rest_route=%2Fwp%2Fv2%2Fmedia&parent=314"}],"wp:term":[{"taxonomy":"category","embeddable":true,"href":"https:\/\/www.ceipmaestrorafaelbravomartin.es\/index.php?rest_route=%2Fwp%2Fv2%2Fcategories&post=314"},{"taxonomy":"post_tag","embeddable":true,"href":"https:\/\/www.ceipmaestrorafaelbravomartin.es\/index.php?rest_route=%2Fwp%2Fv2%2Ftags&post=314"}],"curies":[{"name":"wp","href":"https:\/\/api.w.org\/{rel}","templated":true}]}}