{"id":3142,"date":"2021-07-22T20:41:16","date_gmt":"2021-07-22T18:41:16","guid":{"rendered":"http:\/\/www.ceipmaestrorafaelbravomartin.es\/?p=3142"},"modified":"2021-07-22T20:41:18","modified_gmt":"2021-07-22T18:41:18","slug":"resultados-delf-prim-2","status":"publish","type":"post","link":"https:\/\/www.ceipmaestrorafaelbravomartin.es\/?p=3142","title":{"rendered":"Resultados DELF PRIM"},"content":{"rendered":"\n<p>Ayer se publicaron los resultados de los ex\u00e1menes oficiales de franc\u00e9s de los niveles A1.1 y A1, realizados en nuestro colegio. Nos alegra comunicar que el 100% de nuestros alumnos\/as, que se presentaron a la prueba, han aprobado.<\/p>\n\n\n\n<p>\u00a1Muchas felicidades a todos\/as!<\/p>\n\n\n\n<p><\/p>\n","protected":false},"excerpt":{"rendered":"<p>Ayer se publicaron los resultados de los ex\u00e1menes oficiales de franc\u00e9s de los niveles A1.1 y A1, realizados en nuestro colegio. Nos alegra comunicar que el 100% de nuestros alumnos\/as, que se presentaron a la prueba, han aprobado. \u00a1Muchas felicidades a todos\/as!<\/p>\n","protected":false},"author":6,"featured_media":0,"comment_status":"closed","ping_status":"closed","sticky":false,"template":"","format":"standard","meta":{"jetpack_post_was_ever_published":false,"_jetpack_newsletter_access":"","_jetpack_dont_email_post_to_subs":false,"_jetpack_newsletter_tier_id":0,"_jetpack_memberships_contains_paywalled_content":false,"_jetpack_memberships_contains_paid_content":false,"footnotes":""},"categories":[137],"tags":[132,133],"class_list":["post-3142","post","type-post","status-publish","format-standard","hentry","category-frances","tag-delf-prim","tag-frances"],"jetpack_featured_media_url":"","jetpack_sharing_enabled":true,"jetpack_shortlink":"https:\/\/wp.me\/p9VlHp-OG","jetpack-related-posts":[{"id":2958,"url":"https:\/\/www.ceipmaestrorafaelbravomartin.es\/?p=2958","url_meta":{"origin":3142,"position":0},"title":"Resultados DELF PRIM","author":"CEIP Maestro Rafael Bravo Mart\u00edn","date":"1 febrero, 2021","format":false,"excerpt":"Nos complace comunicaros que el 100% del alumnado de nuestro centro, que se present\u00f3 a las pruebas oficiales para la obtenci\u00f3n del t\u00edtulo A1.1 de franc\u00e9s, HA APROBADO con muy buenas notas. Dichas pruebas se realizaron en nuestro colegio ya que es centro examinador. Felicidades a todos\/as por vuestro gran\u2026","rel":"","context":"En \u00abBiling\u00fcismo\u00bb","block_context":{"text":"Biling\u00fcismo","link":"https:\/\/www.ceipmaestrorafaelbravomartin.es\/?cat=109"},"img":{"alt_text":"","src":"","width":0,"height":0},"classes":[]},{"id":2938,"url":"https:\/\/www.ceipmaestrorafaelbravomartin.es\/?p=2938","url_meta":{"origin":3142,"position":1},"title":"Pruebas DELF-PRIM","author":"CEIP Maestro Rafael Bravo Mart\u00edn","date":"20 diciembre, 2020","format":false,"excerpt":"Durante este mes, nuestro centro ha acogido las pruebas oficiales el DELF Prim,\u00a0Dipl\u00f4me d\u2019\u00e9tudes en langue fran\u00e7aise\u00a0(Diploma de Estudios en Lengua Francesa), que es una\u00a0certificaci\u00f3n oficial internacional expedida por\u00a0el el Ministerio de Educaci\u00f3n Nacional de Francia, para acreditar las competencias en franc\u00e9s de los candidatos extranjeros. En estas pruebas han\u2026","rel":"","context":"En \u00abBiling\u00fcismo\u00bb","block_context":{"text":"Biling\u00fcismo","link":"https:\/\/www.ceipmaestrorafaelbravomartin.es\/?cat=109"},"img":{"alt_text":"","src":"https:\/\/i0.wp.com\/www.ceipmaestrorafaelbravomartin.es\/wp-content\/uploads\/2020\/12\/delf-prim-scaled.jpg?resize=350%2C200&ssl=1","width":350,"height":200,"srcset":"https:\/\/i0.wp.com\/www.ceipmaestrorafaelbravomartin.es\/wp-content\/uploads\/2020\/12\/delf-prim-scaled.jpg?resize=350%2C200&ssl=1 1x, https:\/\/i0.wp.com\/www.ceipmaestrorafaelbravomartin.es\/wp-content\/uploads\/2020\/12\/delf-prim-scaled.jpg?resize=525%2C300&ssl=1 1.5x, https:\/\/i0.wp.com\/www.ceipmaestrorafaelbravomartin.es\/wp-content\/uploads\/2020\/12\/delf-prim-scaled.jpg?resize=700%2C400&ssl=1 2x, https:\/\/i0.wp.com\/www.ceipmaestrorafaelbravomartin.es\/wp-content\/uploads\/2020\/12\/delf-prim-scaled.jpg?resize=1050%2C600&ssl=1 3x, https:\/\/i0.wp.com\/www.ceipmaestrorafaelbravomartin.es\/wp-content\/uploads\/2020\/12\/delf-prim-scaled.jpg?resize=1400%2C800&ssl=1 4x"},"classes":[]},{"id":2975,"url":"https:\/\/www.ceipmaestrorafaelbravomartin.es\/?p=2975","url_meta":{"origin":3142,"position":2},"title":"DELF PRIM","author":"CEIP Maestro Rafael Bravo Mart\u00edn","date":"19 febrero, 2021","format":false,"excerpt":"Bonjour! Estimadas familias: Os comunicamos que este curso 2020\/2021 el alumnado de sexto se podr\u00e1 presentar a las pruebas oficiales para obtener el Diploma de Estudios en Lengua Francesa (DELF PRIM) y as\u00ed poder acreditar su nivel de competencia en este idioma, realizando las pruebas orales y escritas de los\u2026","rel":"","context":"En \u00abFranc\u00e9s\u00bb","block_context":{"text":"Franc\u00e9s","link":"https:\/\/www.ceipmaestrorafaelbravomartin.es\/?cat=137"},"img":{"alt_text":"","src":"","width":0,"height":0},"classes":[]},{"id":3225,"url":"https:\/\/www.ceipmaestrorafaelbravomartin.es\/?p=3225","url_meta":{"origin":3142,"position":3},"title":"Centro examinador oficial DELF (franc\u00e9s) y Cambridge (ingl\u00e9s)","author":"CEIP Maestro Rafael Bravo Mart\u00edn","date":"7 febrero, 2022","format":false,"excerpt":"Estimadas familias,Os comunicamos que adem\u00e1s de ser uno de los tres centros examinadores del DELF (franc\u00e9s) de la provincia, tambi\u00e9n seremos a partir de este a\u00f1o centro examinador de Cambridge, ex\u00e1menes oficiales que aportan la certificaci\u00f3n correspondiente de Ingl\u00e9s. La preparaci\u00f3n a los mismos ser\u00e1 dentro del horario de clases.\u2026","rel":"","context":"En \u00abInformaci\u00f3n\u00bb","block_context":{"text":"Informaci\u00f3n","link":"https:\/\/www.ceipmaestrorafaelbravomartin.es\/?cat=20"},"img":{"alt_text":"","src":"https:\/\/i0.wp.com\/img.youtube.com\/vi\/vH_Qfuza_tw\/0.jpg?resize=350%2C200","width":350,"height":200},"classes":[]},{"id":722,"url":"https:\/\/www.ceipmaestrorafaelbravomartin.es\/?p=722","url_meta":{"origin":3142,"position":4},"title":"10 de abril de 2014: JORNADA DEPORTIVA","author":"CEIP Maestro Rafael Bravo Mart\u00edn","date":"10 abril, 2014","format":false,"excerpt":"Para concluir este 2\u00ba trimestre, desde el \u00e1rea de Educaci\u00f3n F\u00edsica, se ha organizado una jornada deportiva en nuestro centro. \"UNA IMAGEN (muchas en este caso) VALE M\u00c1S QUE MIL PALABRAS\" P.D. PUEDE QUE ECH\u00c9IS EN FALTA LOS RESULTADOS DE LOS PARTIDOS, PERO PENSAMOS QUE ESO ES LO QUE MENOS\u2026","rel":"","context":"En \u00abEd. F\u00edsica\u00bb","block_context":{"text":"Ed. F\u00edsica","link":"https:\/\/www.ceipmaestrorafaelbravomartin.es\/?cat=28"},"img":{"alt_text":"","src":"","width":0,"height":0},"classes":[]},{"id":135,"url":"https:\/\/www.ceipmaestrorafaelbravomartin.es\/?p=135","url_meta":{"origin":3142,"position":5},"title":"Consejo Escolar del 18 de enero de 2011","author":"CEIP Maestro Rafael Bravo Mart\u00edn","date":"24 enero, 2011","format":false,"excerpt":"En Alcal\u00e1 del R\u00edo, siendo las 17,15 horas del d\u00eda 18 de enero de 2011, se re\u00fane el Consejo Escolar del Centro para tratar los siguientes temas:1. An\u00e1lisis de los resultados escolares de la 1\u00aa Evaluaci\u00f3n en porcentajes, por \u00e1reas y \u00a0calificaciones medias por \u00e1reas y cursos.2. Se apruebe la\u2026","rel":"","context":"En \u00abConsejo escolar\u00bb","block_context":{"text":"Consejo escolar","link":"https:\/\/www.ceipmaestrorafaelbravomartin.es\/?cat=12"},"img":{"alt_text":"","src":"","width":0,"height":0},"classes":[]}],"_links":{"self":[{"href":"https:\/\/www.ceipmaestrorafaelbravomartin.es\/index.php?rest_route=\/wp\/v2\/posts\/3142","targetHints":{"allow":["GET"]}}],"collection":[{"href":"https:\/\/www.ceipmaestrorafaelbravomartin.es\/index.php?rest_route=\/wp\/v2\/posts"}],"about":[{"href":"https:\/\/www.ceipmaestrorafaelbravomartin.es\/index.php?rest_route=\/wp\/v2\/types\/post"}],"author":[{"embeddable":true,"href":"https:\/\/www.ceipmaestrorafaelbravomartin.es\/index.php?rest_route=\/wp\/v2\/users\/6"}],"replies":[{"embeddable":true,"href":"https:\/\/www.ceipmaestrorafaelbravomartin.es\/index.php?rest_route=%2Fwp%2Fv2%2Fcomments&post=3142"}],"version-history":[{"count":1,"href":"https:\/\/www.ceipmaestrorafaelbravomartin.es\/index.php?rest_route=\/wp\/v2\/posts\/3142\/revisions"}],"predecessor-version":[{"id":3143,"href":"https:\/\/www.ceipmaestrorafaelbravomartin.es\/index.php?rest_route=\/wp\/v2\/posts\/3142\/revisions\/3143"}],"wp:attachment":[{"href":"https:\/\/www.ceipmaestrorafaelbravomartin.es\/index.php?rest_route=%2Fwp%2Fv2%2Fmedia&parent=3142"}],"wp:term":[{"taxonomy":"category","embeddable":true,"href":"https:\/\/www.ceipmaestrorafaelbravomartin.es\/index.php?rest_route=%2Fwp%2Fv2%2Fcategories&post=3142"},{"taxonomy":"post_tag","embeddable":true,"href":"https:\/\/www.ceipmaestrorafaelbravomartin.es\/index.php?rest_route=%2Fwp%2Fv2%2Ftags&post=3142"}],"curies":[{"name":"wp","href":"https:\/\/api.w.org\/{rel}","templated":true}]}}