{"id":318,"date":"2013-06-10T20:29:07","date_gmt":"2013-06-10T18:29:07","guid":{"rendered":"http:\/\/blogasuncion.es\/?p=318"},"modified":"2014-10-12T19:45:07","modified_gmt":"2014-10-12T17:45:07","slug":"don-angel","status":"publish","type":"post","link":"https:\/\/www.ceipmaestrorafaelbravomartin.es\/?p=318","title":{"rendered":"Don \u00c1ngel"},"content":{"rendered":"<p style=\"text-align: center;\">El pasado viernes 7 de junio, tuvo lugar en nuestro centro un emotivo acto, llevado a cabo por SU alumnado, en reconocimiento a la labor docente realizada en el mismo durante 28 a\u00f1os por<strong> <\/strong><\/p>\n<p style=\"text-align: center;\"><strong>D. \u00c1ngel Vicente Hern\u00e1ndez<\/strong>.<\/p>\n<p><object style=\"display: block; margin-left: auto; margin-right: auto;\" width=\"560\" height=\"315\" classid=\"clsid:d27cdb6e-ae6d-11cf-96b8-444553540000\" codebase=\"http:\/\/download.macromedia.com\/pub\/shockwave\/cabs\/flash\/swflash.cab#version=6,0,40,0\"><param name=\"allowFullScreen\" value=\"true\" \/><param name=\"allowscriptaccess\" value=\"always\" \/><param name=\"src\" value=\"http:\/\/www.youtube.com\/v\/3yzSapF8a8w?version=3&amp;hl=es_ES&amp;rel=0\" \/><param name=\"allowfullscreen\" value=\"true\" \/><\/object><\/p>\n","protected":false},"excerpt":{"rendered":"<p>El pasado viernes 7 de junio, tuvo lugar en nuestro centro un emotivo acto, llevado a cabo por SU alumnado, en reconocimiento a la labor docente realizada en el mismo durante 28 a\u00f1os por D. \u00c1ngel Vicente Hern\u00e1ndez.<\/p>\n","protected":false},"author":4,"featured_media":0,"comment_status":"closed","ping_status":"closed","sticky":false,"template":"","format":"standard","meta":{"jetpack_post_was_ever_published":false,"_jetpack_newsletter_access":"","_jetpack_dont_email_post_to_subs":false,"_jetpack_newsletter_tier_id":0,"_jetpack_memberships_contains_paywalled_content":false,"_jetpack_memberships_contains_paid_content":false,"footnotes":""},"categories":[24,3],"tags":[],"class_list":["post-318","post","type-post","status-publish","format-standard","hentry","category-c59-dedicatorias","category-noticiero"],"jetpack_featured_media_url":"","jetpack_sharing_enabled":true,"jetpack_shortlink":"https:\/\/wp.me\/p9VlHp-58","jetpack-related-posts":[{"id":150,"url":"https:\/\/www.ceipmaestrorafaelbravomartin.es\/?p=150","url_meta":{"origin":318,"position":0},"title":"PROFESORADO DEL CENTRO DESDE EL CURSO 1981\/82","author":"CEIP Maestro Rafael Bravo Mart\u00edn","date":"8 junio, 2011","format":false,"excerpt":"\u00a0\u00a0\u00a0 Tras el art\u00edculo sobre los Equipos Directivos, para el que el trabajo fotogr\u00e1fico ha sido aportado por D\u00aa Aurora Mart\u00edn, publicamos ahora el listado del profesorado que ha desempe\u00f1ado su labor profesional en el Centro desde el curso 1981\/82.","rel":"","context":"En \u00abHistoria\u00bb","block_context":{"text":"Historia","link":"https:\/\/www.ceipmaestrorafaelbravomartin.es\/?cat=43"},"img":{"alt_text":"","src":"","width":0,"height":0},"classes":[]},{"id":165,"url":"https:\/\/www.ceipmaestrorafaelbravomartin.es\/?p=165","url_meta":{"origin":318,"position":1},"title":"Viaje Fin de Curso SEXTOS  2010\/2011","author":"CEIP Maestro Rafael Bravo Mart\u00edn","date":"24 junio, 2011","format":false,"excerpt":"Un a\u00f1o m\u00e1s, los alumnos y alumnas de 6\u00ba han realizado el viaje de Fin de Primaria a las Caba\u00f1as de Cumbres Mayores. \u00a0 Todos\/as se lo han pasado muy bien, participando en las actividades que los monitores y monitoras les propon\u00edan (tambi\u00e9n la maestra y el maestro). \u00a0 Queremos\u2026","rel":"","context":"En \u00abActividades extraescolares\u00bb","block_context":{"text":"Actividades extraescolares","link":"https:\/\/www.ceipmaestrorafaelbravomartin.es\/?cat=14"},"img":{"alt_text":"","src":"","width":0,"height":0},"classes":[]},{"id":164,"url":"https:\/\/www.ceipmaestrorafaelbravomartin.es\/?p=164","url_meta":{"origin":318,"position":2},"title":"Viaje Fin de Curso SEXTOS  2010\/2011","author":"CEIP Maestro Rafael Bravo Mart\u00edn","date":"24 junio, 2011","format":false,"excerpt":"Un a\u00f1o m\u00e1s, los alumnos y alumnas de 6\u00ba han realizado el viaje de Fin de Primaria a las Caba\u00f1as de Cumbres Mayores. \u00a0 Todos\/as se lo han pasado muy bien, participando en las actividades que los monitores y monitoras les propon\u00edan (tambi\u00e9n la maestra y el maestro). \u00a0 Queremos\u2026","rel":"","context":"En \u00abCurso 2010\/11\u00bb","block_context":{"text":"Curso 2010\/11","link":"https:\/\/www.ceipmaestrorafaelbravomartin.es\/?cat=40"},"img":{"alt_text":"","src":"","width":0,"height":0},"classes":[]},{"id":33,"url":"https:\/\/www.ceipmaestrorafaelbravomartin.es\/?p=33","url_meta":{"origin":318,"position":3},"title":"Centro TIC","author":"CEIP Maestro Rafael Bravo Mart\u00edn","date":"18 octubre, 2010","format":false,"excerpt":"Nuestra sociedad actual est\u00e1 caracterizada por cambios r\u00e1pidos y profundos, especialmente motivados por el desarrollo de las Nuevas Tecnolog\u00edas de la Informaci\u00f3n y el Conocimiento. La escuela no puede estar ajena a este fen\u00f3meno y tenemos la obligaci\u00f3n de preparar a nuestros alumnos y alumnas para esta sociedad, en la\u2026","rel":"","context":"En \u00abPlanes y programas\u00bb","block_context":{"text":"Planes y programas","link":"https:\/\/www.ceipmaestrorafaelbravomartin.es\/?cat=23"},"img":{"alt_text":"","src":"","width":0,"height":0},"classes":[]},{"id":303,"url":"https:\/\/www.ceipmaestrorafaelbravomartin.es\/?p=303","url_meta":{"origin":318,"position":4},"title":"Proceso de escolarizaci\u00f3n 2013\/2014","author":"CEIP Maestro Rafael Bravo Mart\u00edn","date":"21 febrero, 2013","format":false,"excerpt":"Normativa que regula los criterios y el procedimiento de admisi\u00f3n del alumnado en los centros docentes p\u00fablicos y privados concertados.\u00a0 DECRETO 40\/2011, de 22 de febrero, por el que se regulan los criterios y el procedimiento de admisi\u00f3n del alumnado en los centros docentes p\u00fablicos y privados concertados para cursar\u2026","rel":"","context":"En \u00abEl centro\u00bb","block_context":{"text":"El centro","link":"https:\/\/www.ceipmaestrorafaelbravomartin.es\/?cat=10"},"img":{"alt_text":"","src":"","width":0,"height":0},"classes":[]},{"id":687,"url":"https:\/\/www.ceipmaestrorafaelbravomartin.es\/?p=687","url_meta":{"origin":318,"position":5},"title":"Proceso de escolarizaci\u00f3n 2014\/2015","author":"CEIP Maestro Rafael Bravo Mart\u00edn","date":"4 marzo, 2014","format":false,"excerpt":"Normativa que regula los criterios y el procedimiento de admisi\u00f3n del alumnado en los centros docentes p\u00fablicos y privados concertados.\u00a0 DECRETO 40\/2011, de 22 de febrero, por el que se regulan los criterios y el procedimiento de admisi\u00f3n del alumnado en los centros docentes p\u00fablicos y privados concertados para cursar\u2026","rel":"","context":"En \u00abEl centro\u00bb","block_context":{"text":"El centro","link":"https:\/\/www.ceipmaestrorafaelbravomartin.es\/?cat=10"},"img":{"alt_text":"","src":"","width":0,"height":0},"classes":[]}],"_links":{"self":[{"href":"https:\/\/www.ceipmaestrorafaelbravomartin.es\/index.php?rest_route=\/wp\/v2\/posts\/318","targetHints":{"allow":["GET"]}}],"collection":[{"href":"https:\/\/www.ceipmaestrorafaelbravomartin.es\/index.php?rest_route=\/wp\/v2\/posts"}],"about":[{"href":"https:\/\/www.ceipmaestrorafaelbravomartin.es\/index.php?rest_route=\/wp\/v2\/types\/post"}],"author":[{"embeddable":true,"href":"https:\/\/www.ceipmaestrorafaelbravomartin.es\/index.php?rest_route=\/wp\/v2\/users\/4"}],"replies":[{"embeddable":true,"href":"https:\/\/www.ceipmaestrorafaelbravomartin.es\/index.php?rest_route=%2Fwp%2Fv2%2Fcomments&post=318"}],"version-history":[{"count":2,"href":"https:\/\/www.ceipmaestrorafaelbravomartin.es\/index.php?rest_route=\/wp\/v2\/posts\/318\/revisions"}],"predecessor-version":[{"id":843,"href":"https:\/\/www.ceipmaestrorafaelbravomartin.es\/index.php?rest_route=\/wp\/v2\/posts\/318\/revisions\/843"}],"wp:attachment":[{"href":"https:\/\/www.ceipmaestrorafaelbravomartin.es\/index.php?rest_route=%2Fwp%2Fv2%2Fmedia&parent=318"}],"wp:term":[{"taxonomy":"category","embeddable":true,"href":"https:\/\/www.ceipmaestrorafaelbravomartin.es\/index.php?rest_route=%2Fwp%2Fv2%2Fcategories&post=318"},{"taxonomy":"post_tag","embeddable":true,"href":"https:\/\/www.ceipmaestrorafaelbravomartin.es\/index.php?rest_route=%2Fwp%2Fv2%2Ftags&post=318"}],"curies":[{"name":"wp","href":"https:\/\/api.w.org\/{rel}","templated":true}]}}