{"id":3207,"date":"2021-12-16T12:47:26","date_gmt":"2021-12-16T11:47:26","guid":{"rendered":"http:\/\/www.ceipmaestrorafaelbravomartin.es\/?p=3207"},"modified":"2022-02-11T11:02:46","modified_gmt":"2022-02-11T10:02:46","slug":"seis-anos","status":"publish","type":"post","link":"https:\/\/www.ceipmaestrorafaelbravomartin.es\/?p=3207","title":{"rendered":"SEIS A\u00d1OS"},"content":{"rendered":"\n<p>Aunque hayan pasado seis a\u00f1os que no est\u00e1s aqu\u00ed, mientras sigas estando en alg\u00fan rinc\u00f3n de la memoria de aquellas personas que compartimos contigo momentos de nuestra vida, no te habr\u00e1s ido del todo.<\/p>\n\n\n\n<p class=\"has-text-align-right\">Aurora<\/p>\n\n\n\n<figure class=\"wp-block-image size-large is-style-default\"><img loading=\"lazy\" decoding=\"async\" width=\"1024\" height=\"576\" data-attachment-id=\"3209\" data-permalink=\"https:\/\/www.ceipmaestrorafaelbravomartin.es\/?attachment_id=3209\" data-orig-file=\"https:\/\/www.ceipmaestrorafaelbravomartin.es\/wp-content\/uploads\/2021\/12\/collage_2021-11-04_12-35-04.png\" data-orig-size=\"1920,1080\" data-comments-opened=\"0\" data-image-meta=\"{&quot;aperture&quot;:&quot;0&quot;,&quot;credit&quot;:&quot;&quot;,&quot;camera&quot;:&quot;&quot;,&quot;caption&quot;:&quot;&quot;,&quot;created_timestamp&quot;:&quot;0&quot;,&quot;copyright&quot;:&quot;&quot;,&quot;focal_length&quot;:&quot;0&quot;,&quot;iso&quot;:&quot;0&quot;,&quot;shutter_speed&quot;:&quot;0&quot;,&quot;title&quot;:&quot;&quot;,&quot;orientation&quot;:&quot;0&quot;}\" data-image-title=\"collage_2021-11-04_12-35-04\" data-image-description=\"\" data-image-caption=\"\" data-medium-file=\"https:\/\/www.ceipmaestrorafaelbravomartin.es\/wp-content\/uploads\/2021\/12\/collage_2021-11-04_12-35-04-300x169.png\" data-large-file=\"https:\/\/www.ceipmaestrorafaelbravomartin.es\/wp-content\/uploads\/2021\/12\/collage_2021-11-04_12-35-04-1024x576.png\" src=\"http:\/\/www.ceipmaestrorafaelbravomartin.es\/wp-content\/uploads\/2021\/12\/collage_2021-11-04_12-35-04-1024x576.png\" alt=\"\" class=\"wp-image-3209\" srcset=\"https:\/\/www.ceipmaestrorafaelbravomartin.es\/wp-content\/uploads\/2021\/12\/collage_2021-11-04_12-35-04-1024x576.png 1024w, https:\/\/www.ceipmaestrorafaelbravomartin.es\/wp-content\/uploads\/2021\/12\/collage_2021-11-04_12-35-04-300x169.png 300w, https:\/\/www.ceipmaestrorafaelbravomartin.es\/wp-content\/uploads\/2021\/12\/collage_2021-11-04_12-35-04-768x432.png 768w, https:\/\/www.ceipmaestrorafaelbravomartin.es\/wp-content\/uploads\/2021\/12\/collage_2021-11-04_12-35-04-1536x864.png 1536w, https:\/\/www.ceipmaestrorafaelbravomartin.es\/wp-content\/uploads\/2021\/12\/collage_2021-11-04_12-35-04.png 1920w\" sizes=\"auto, (max-width: 1024px) 100vw, 1024px\" \/><\/figure>\n\n\n\n<p><\/p>\n","protected":false},"excerpt":{"rendered":"<p>Aunque hayan pasado seis a\u00f1os que no est\u00e1s aqu\u00ed, mientras sigas estando en alg\u00fan rinc\u00f3n de la memoria de aquellas personas que compartimos contigo momentos de nuestra vida, no te habr\u00e1s ido del todo. Aurora<\/p>\n","protected":false},"author":4,"featured_media":0,"comment_status":"closed","ping_status":"closed","sticky":false,"template":"","format":"standard","meta":{"jetpack_post_was_ever_published":false,"_jetpack_newsletter_access":"","_jetpack_dont_email_post_to_subs":false,"_jetpack_newsletter_tier_id":0,"_jetpack_memberships_contains_paywalled_content":false,"_jetpack_memberships_contains_paid_content":false,"footnotes":""},"categories":[24,43,1],"tags":[],"class_list":["post-3207","post","type-post","status-publish","format-standard","hentry","category-c59-dedicatorias","category-historia","category-sin-categoria"],"jetpack_featured_media_url":"","jetpack_sharing_enabled":true,"jetpack_shortlink":"https:\/\/wp.me\/p9VlHp-PJ","jetpack-related-posts":[{"id":704,"url":"https:\/\/www.ceipmaestrorafaelbravomartin.es\/?p=704","url_meta":{"origin":3207,"position":0},"title":"Jornadas Culturales 2014:PLATERO CUMPLE CIEN A\u00d1OS","author":"CEIP Maestro Rafael Bravo Mart\u00edn","date":"26 marzo, 2014","format":false,"excerpt":"No hay otro burrito m\u00e1s longevo que Platero. Este a\u00f1o es el a\u00f1o de Platero. Cumple 100 a\u00f1os. La importancia de Platero la podemos comprobar por la cantidad de ediciones de esta eleg\u00eda, que s\u00f3lo es superada por la Biblia y el Quijote . Nuestro centro le dedica sus Jornadas\u2026","rel":"","context":"En \u00abNoticiero\u00bb","block_context":{"text":"Noticiero","link":"https:\/\/www.ceipmaestrorafaelbravomartin.es\/?cat=3"},"img":{"alt_text":"","src":"","width":0,"height":0},"classes":[]},{"id":128,"url":"https:\/\/www.ceipmaestrorafaelbravomartin.es\/?p=128","url_meta":{"origin":3207,"position":1},"title":"\u00a1RICARDO!","author":"CEIP Maestro Rafael Bravo Mart\u00edn","date":"16 enero, 2011","format":false,"excerpt":"Hace poco ha venido a nuestro colegio una persona muy especial, (por lo menos para mi) es Ricardo! Para los que no sepan quien es Ricardo les dir\u00e9 que es un maestro y una persona m\u00e1s buena que el pan. Ricardo se fue de este colegio hace ya cinco o\u2026","rel":"","context":"En \u00abCartas de los lectores\/as.\u00bb","block_context":{"text":"Cartas de los lectores\/as.","link":"https:\/\/www.ceipmaestrorafaelbravomartin.es\/?cat=31"},"img":{"alt_text":"","src":"","width":0,"height":0},"classes":[]},{"id":1034,"url":"https:\/\/www.ceipmaestrorafaelbravomartin.es\/?p=1034","url_meta":{"origin":3207,"position":2},"title":"SEIS DE DICIEMBRE","author":"CEIP Maestro Rafael Bravo Mart\u00edn","date":"5 diciembre, 2014","format":false,"excerpt":"El 6 de diciembre de 1978 el Pueblo Espa\u00f1ol ratific\u00f3 en Refer\u00e9ndum la Constituci\u00f3n Espa\u00f1ola,la norma m\u00e1s importante de todos los espa\u00f1oles y a la que deben someterse todas las dem\u00e1s leyes: Para que os resulte m\u00e1s comprensible: Durante el d\u00eda 5 de diciembre de 2014, podremos leer y comentar\u2026","rel":"","context":"En \u00abEl centro\u00bb","block_context":{"text":"El centro","link":"https:\/\/www.ceipmaestrorafaelbravomartin.es\/?cat=10"},"img":{"alt_text":"","src":"","width":0,"height":0},"classes":[]},{"id":610,"url":"https:\/\/www.ceipmaestrorafaelbravomartin.es\/?p=610","url_meta":{"origin":3207,"position":3},"title":"SEIS DE DICIEMBRE","author":"CEIP Maestro Rafael Bravo Mart\u00edn","date":"27 noviembre, 2013","format":false,"excerpt":"El 6 de diciembre de 1978 el Pueblo Espa\u00f1ol ratific\u00f3 en Refer\u00e9ndum la Constituci\u00f3n Espa\u00f1ola, la norma m\u00e1s importante de todos los espa\u00f1oles y a la que deben someterse todas las dem\u00e1s leyes: \u00a0 Para que os resulte m\u00e1s comprensible: Durante el d\u00eda 5 de diciembre de 2013, podremos leer\u2026","rel":"","context":"En \u00abEl centro\u00bb","block_context":{"text":"El centro","link":"https:\/\/www.ceipmaestrorafaelbravomartin.es\/?cat=10"},"img":{"alt_text":"","src":"https:\/\/i0.wp.com\/1.bp.blogspot.com\/-BJSYGhogNXM\/UL8OfL-mPQI\/AAAAAAAAC3w\/yIyTGG1Ym7k\/s400\/Pantallazo.jpg?resize=350%2C200","width":350,"height":200},"classes":[]},{"id":82,"url":"https:\/\/www.ceipmaestrorafaelbravomartin.es\/?p=82","url_meta":{"origin":3207,"position":4},"title":"Reuni\u00f3n con las familias en Ed. Infantil","author":"CEIP Maestro Rafael Bravo Mart\u00edn","date":"29 noviembre, 2009","format":false,"excerpt":"El 26 de octubre del 2010 se llev\u00f3 a cabo la reuni\u00f3n con las \u00a0 familias del alumnado de Educaci\u00f3n Infantil. En ella se trataron entre otros los siguientes puntos:","rel":"","context":"En \u00abEducaci\u00f3n Infantil\u00bb","block_context":{"text":"Educaci\u00f3n Infantil","link":"https:\/\/www.ceipmaestrorafaelbravomartin.es\/?cat=26"},"img":{"alt_text":"*","src":"file:\/\/\/C:\/DOCUME~1\/ANGELO~1\/CONFIG~1\/Temp\/msohtml1\/01\/clip_image001.gif","width":350,"height":200},"classes":[]},{"id":1028,"url":"https:\/\/www.ceipmaestrorafaelbravomartin.es\/?p=1028","url_meta":{"origin":3207,"position":5},"title":"Simposio Internacional: Cien a\u00f1os de Platero y Yo","author":"CEIP Maestro Rafael Bravo Mart\u00edn","date":"30 noviembre, 2014","format":false,"excerpt":"Platero es peque\u00f1o,\u00a0 peludo, suave... y sigue si\u00e9ndolo \u00a1aunque ya ha cumplido 100 a\u00f1os! La C\u00e1tedra Juan Ram\u00f3n Jim\u00e9nez de la Universidad de Huelva ha celebrado durante los d\u00edas 24 a 28 de noviembre el Simposio Internacional: \"CIEN A\u00d1OS DE PLATERO Y YO\" y, como representantes de nuestro blog y\u2026","rel":"","context":"En \u00abEl centro\u00bb","block_context":{"text":"El centro","link":"https:\/\/www.ceipmaestrorafaelbravomartin.es\/?cat=10"},"img":{"alt_text":"http:\/\/www.moguerplatero2014.es\/","src":"https:\/\/i0.wp.com\/4.bp.blogspot.com\/-hHbQ5g5s3Fs\/Uz7M0itRmdI\/AAAAAAAADtc\/vTqyzIIp5Fs\/s1600\/Captura%2Bde%2Bpantalla%2B2014-04-04%2Ba%2Blas%2B17.16.05.png?resize=350%2C200","width":350,"height":200},"classes":[]}],"_links":{"self":[{"href":"https:\/\/www.ceipmaestrorafaelbravomartin.es\/index.php?rest_route=\/wp\/v2\/posts\/3207","targetHints":{"allow":["GET"]}}],"collection":[{"href":"https:\/\/www.ceipmaestrorafaelbravomartin.es\/index.php?rest_route=\/wp\/v2\/posts"}],"about":[{"href":"https:\/\/www.ceipmaestrorafaelbravomartin.es\/index.php?rest_route=\/wp\/v2\/types\/post"}],"author":[{"embeddable":true,"href":"https:\/\/www.ceipmaestrorafaelbravomartin.es\/index.php?rest_route=\/wp\/v2\/users\/4"}],"replies":[{"embeddable":true,"href":"https:\/\/www.ceipmaestrorafaelbravomartin.es\/index.php?rest_route=%2Fwp%2Fv2%2Fcomments&post=3207"}],"version-history":[{"count":2,"href":"https:\/\/www.ceipmaestrorafaelbravomartin.es\/index.php?rest_route=\/wp\/v2\/posts\/3207\/revisions"}],"predecessor-version":[{"id":3210,"href":"https:\/\/www.ceipmaestrorafaelbravomartin.es\/index.php?rest_route=\/wp\/v2\/posts\/3207\/revisions\/3210"}],"wp:attachment":[{"href":"https:\/\/www.ceipmaestrorafaelbravomartin.es\/index.php?rest_route=%2Fwp%2Fv2%2Fmedia&parent=3207"}],"wp:term":[{"taxonomy":"category","embeddable":true,"href":"https:\/\/www.ceipmaestrorafaelbravomartin.es\/index.php?rest_route=%2Fwp%2Fv2%2Fcategories&post=3207"},{"taxonomy":"post_tag","embeddable":true,"href":"https:\/\/www.ceipmaestrorafaelbravomartin.es\/index.php?rest_route=%2Fwp%2Fv2%2Ftags&post=3207"}],"curies":[{"name":"wp","href":"https:\/\/api.w.org\/{rel}","templated":true}]}}