{"id":326,"date":"2013-06-23T20:33:28","date_gmt":"2013-06-23T18:33:28","guid":{"rendered":"http:\/\/blogasuncion.es\/?p=326"},"modified":"2014-10-10T19:53:00","modified_gmt":"2014-10-10T17:53:00","slug":"verbena-2013","status":"publish","type":"post","link":"https:\/\/www.ceipmaestrorafaelbravomartin.es\/?p=326","title":{"rendered":"VERBENA 2013"},"content":{"rendered":"<p style=\"text-align: center;\">El pasado viernes 21 de junio se celebr\u00f3 la verbena con la que finaliza el curso 2012-2013 que, por primera vez y a partir de ahora, pasa a denominarse<\/p>\n<p style=\"text-align: center;\">VERBENA <strong>\u00abMAESTRO RAFAEL BRAVO\u00bb<\/strong>; dedicada a \u00e9l.<\/p>\n<p style=\"text-align: center;\">Dio comienzo comienzo con la bienvenida y agradecimientos de nuestra directora:<\/p>\n<p style=\"text-align: center;\"><object style=\"display: block; margin-left: auto; margin-right: auto;\" width=\"560\" height=\"315\" classid=\"clsid:d27cdb6e-ae6d-11cf-96b8-444553540000\" codebase=\"http:\/\/download.macromedia.com\/pub\/shockwave\/cabs\/flash\/swflash.cab#version=6,0,40,0\"><param name=\"allowFullScreen\" value=\"true\" \/><param name=\"allowscriptaccess\" value=\"always\" \/><param name=\"src\" value=\"http:\/\/www.youtube.com\/v\/bTGHcwwNXD0?version=3&amp;hl=es_ES&amp;rel=0\" \/><param name=\"allowfullscreen\" value=\"true\" \/>\u00a0\u00a0<\/object>\n<\/p>\n<p>A continuaci\u00f3n fue actuando el alumnado de los distintos niveles, de lo cual hemos recogido algunas im\u00e1genes:<\/p>\n<p style=\"text-align: center;\"><object style=\"display: block; margin-left: auto; margin-right: auto;\" width=\"560\" height=\"315\" classid=\"clsid:d27cdb6e-ae6d-11cf-96b8-444553540000\" codebase=\"http:\/\/download.macromedia.com\/pub\/shockwave\/cabs\/flash\/swflash.cab#version=6,0,40,0\"><param name=\"allowFullScreen\" value=\"true\" \/><param name=\"allowscriptaccess\" value=\"always\" \/><param name=\"src\" value=\"http:\/\/www.youtube.com\/v\/NQfv8wZHB6I?hl=es_ES&amp;version=3&amp;rel=0\" \/><param name=\"allowfullscreen\" value=\"true\" \/><\/object><\/p>\n<p><object style=\"display: block; margin-left: auto; margin-right: auto;\" width=\"560\" height=\"315\" classid=\"clsid:d27cdb6e-ae6d-11cf-96b8-444553540000\" codebase=\"http:\/\/download.macromedia.com\/pub\/shockwave\/cabs\/flash\/swflash.cab#version=6,0,40,0\"><param name=\"allowFullScreen\" value=\"true\" \/><param name=\"allowscriptaccess\" value=\"always\" \/><param name=\"src\" value=\"http:\/\/www.youtube.com\/v\/By4tlwkVp3s?version=3&amp;hl=es_ES&amp;rel=0\" \/><param name=\"allowfullscreen\" value=\"true\" \/><\/object><br \/>\n<object style=\"display: block; margin-left: auto; margin-right: auto;\" width=\"560\" height=\"315\" classid=\"clsid:d27cdb6e-ae6d-11cf-96b8-444553540000\" codebase=\"http:\/\/download.macromedia.com\/pub\/shockwave\/cabs\/flash\/swflash.cab#version=6,0,40,0\"><param name=\"allowFullScreen\" value=\"true\" \/><param name=\"allowscriptaccess\" value=\"always\" \/><param name=\"src\" value=\"http:\/\/www.youtube.com\/v\/z6tZgaCiRpU?version=3&amp;hl=es_ES&amp;rel=0\" \/><param name=\"allowfullscreen\" value=\"true\" \/><\/object><\/p>\n<p>Adem\u00e1s, por 1\u00aa vez y animando a que no sea la \u00faltima, un grupo de antiguas alumnas del centro, ya en secundaria, representando el sentir de otros muchos, ha homenajeado a su tutor con esta actuaci\u00f3n:<\/p>\n<p style=\"text-align: center;\"><object style=\"display: block; margin-left: auto; margin-right: auto;\" width=\"560\" height=\"315\" classid=\"clsid:d27cdb6e-ae6d-11cf-96b8-444553540000\" codebase=\"http:\/\/download.macromedia.com\/pub\/shockwave\/cabs\/flash\/swflash.cab#version=6,0,40,0\"><param name=\"allowFullScreen\" value=\"true\" \/><param name=\"allowscriptaccess\" value=\"always\" \/><param name=\"src\" value=\"http:\/\/www.youtube.com\/v\/Fk5e4ycnc14?version=3&amp;hl=es_ES&amp;rel=0\" \/><param name=\"allowfullscreen\" value=\"true\" \/><\/object><\/p>\n<p>Y con la certeza de que en la memoria de todos y todas los que acudimos a este acto&#8230; estaba Rafael, quisimos ponerlo de manifiesto con:<\/p>\n<p><object style=\"display: block; margin-left: auto; margin-right: auto;\" width=\"560\" height=\"315\" classid=\"clsid:d27cdb6e-ae6d-11cf-96b8-444553540000\" codebase=\"http:\/\/download.macromedia.com\/pub\/shockwave\/cabs\/flash\/swflash.cab#version=6,0,40,0\"><param name=\"allowFullScreen\" value=\"true\" \/><param name=\"allowscriptaccess\" value=\"always\" \/><param name=\"src\" value=\"http:\/\/www.youtube.com\/v\/Ggd9hfwmDXI?version=3&amp;hl=es_ES&amp;rel=0\" \/><param name=\"allowfullscreen\" value=\"true\" \/><\/object><\/p>\n","protected":false},"excerpt":{"rendered":"<p>El pasado viernes 21 de junio se celebr\u00f3 la verbena con la que finaliza el curso 2012-2013 que, por primera vez y a partir de ahora, pasa a denominarse VERBENA \u00abMAESTRO RAFAEL BRAVO\u00bb; dedicada a \u00e9l. Dio comienzo comienzo con la bienvenida y agradecimientos de nuestra directora: \u00a0\u00a0 A continuaci\u00f3n [&hellip;]<\/p>\n","protected":false},"author":4,"featured_media":0,"comment_status":"closed","ping_status":"closed","sticky":false,"template":"","format":"standard","meta":{"jetpack_post_was_ever_published":false,"_jetpack_newsletter_access":"","_jetpack_dont_email_post_to_subs":false,"_jetpack_newsletter_tier_id":0,"_jetpack_memberships_contains_paywalled_content":false,"_jetpack_memberships_contains_paid_content":false,"footnotes":""},"categories":[24,3],"tags":[],"class_list":["post-326","post","type-post","status-publish","format-standard","hentry","category-c59-dedicatorias","category-noticiero"],"jetpack_featured_media_url":"","jetpack_sharing_enabled":true,"jetpack_shortlink":"https:\/\/wp.me\/p9VlHp-5g","jetpack-related-posts":[{"id":170,"url":"https:\/\/www.ceipmaestrorafaelbravomartin.es\/?p=170","url_meta":{"origin":326,"position":0},"title":"Verbena 2011","author":"CEIP Maestro Rafael Bravo Mart\u00edn","date":"27 junio, 2011","format":false,"excerpt":"El pasado viernes 24 de junio, nuestro Cole ha celebrado el final de curso con su tradicional Verbena.","rel":"","context":"En \u00abActividades extraescolares\u00bb","block_context":{"text":"Actividades extraescolares","link":"https:\/\/www.ceipmaestrorafaelbravomartin.es\/?cat=14"},"img":{"alt_text":"","src":"","width":0,"height":0},"classes":[]},{"id":1699,"url":"https:\/\/www.ceipmaestrorafaelbravomartin.es\/?p=1699","url_meta":{"origin":326,"position":1},"title":"Verbena de fin de curso 2017","author":"CEIP Maestro Rafael Bravo Mart\u00edn","date":"17 junio, 2017","format":false,"excerpt":"Se acerca el final de curso y que mejor forma de celebrarlo con nuestra tradicional verbena, se celebrar\u00e1 el pr\u00f3ximo viernes 23 de junio. La hora de inicio ser\u00e1 las 21:00 horas en el patio de nuestro colegio. Os animamos a todos y a todas a asistir, veremos bailes y\u2026","rel":"","context":"En \u00abA.M.P.A.\u00bb","block_context":{"text":"A.M.P.A.","link":"https:\/\/www.ceipmaestrorafaelbravomartin.es\/?cat=15"},"img":{"alt_text":"IMG-20170613-WA0005","src":"https:\/\/i0.wp.com\/www.ceipmaestrorafaelbravomartin.es\/wp-content\/uploads\/2017\/06\/IMG-20170613-WA0005-212x300.jpg?resize=350%2C200","width":350,"height":200},"classes":[]},{"id":324,"url":"https:\/\/www.ceipmaestrorafaelbravomartin.es\/?p=324","url_meta":{"origin":326,"position":2},"title":"1\u00aa VERBENA \u00abMAESTRO RAFAEL BRAVO\u00bb","author":"CEIP Maestro Rafael Bravo Mart\u00edn","date":"20 junio, 2013","format":false,"excerpt":"El viernes 21 de junio de 2013, os esperamos a todos y a todas en las pistas de nuestro cole. Celebramos la 1\u00aa Verbena \"Maestro Rafael Bravo\" A las 21:30 h. \u00a0\u00a0 ORDEN DE ACTUACIONES: 3 A\u00d1OS A: \"Vacaciones de verano\"\u00a0\u00a0\u00a0\u00a0\u00a0\u00a0\u00a0\u00a0\u00a0\u00a0\u00a0\u00a0\u00a0\u00a0\u00a0\u00a0\u00a0\u00a0\u00a0 3 A\u00d1OS B: \"Verano, verano\"\u00a0\u00a0\u00a0\u00a0\u00a0\u00a0\u00a0\u00a0\u00a0\u00a0\u00a0\u00a0\u00a0\u00a0\u00a0\u00a0\u00a0\u00a0\u00a0\u00a0\u00a0\u00a0\u00a0\u00a0\u00a0\u00a0\u00a0\u00a0\u00a0\u00a0\u00a0 3 A\u00d1OS C: \"El\u2026","rel":"","context":"En \u00abEl centro\u00bb","block_context":{"text":"El centro","link":"https:\/\/www.ceipmaestrorafaelbravomartin.es\/?cat=10"},"img":{"alt_text":"","src":"","width":0,"height":0},"classes":[]},{"id":254,"url":"https:\/\/www.ceipmaestrorafaelbravomartin.es\/?p=254","url_meta":{"origin":326,"position":3},"title":"Verbena 2012","author":"CEIP Maestro Rafael Bravo Mart\u00edn","date":"14 junio, 2012","format":false,"excerpt":"\u00a0 Sexto A y Sexto B, se despiden del Cole. \u00a0 Nos obsequian con las siguientes actuaciones en la Verbena de este curso. \u00a0 \u00a0 \u00a0\u00a0 {jcomments on} \u00a0","rel":"","context":"En \u00abCurso 2011\/12\u00bb","block_context":{"text":"Curso 2011\/12","link":"https:\/\/www.ceipmaestrorafaelbravomartin.es\/?cat=45"},"img":{"alt_text":"","src":"","width":0,"height":0},"classes":[]},{"id":253,"url":"https:\/\/www.ceipmaestrorafaelbravomartin.es\/?p=253","url_meta":{"origin":326,"position":4},"title":"Presentaci\u00f3n Verbena 2012","author":"CEIP Maestro Rafael Bravo Mart\u00edn","date":"6 junio, 2012","format":false,"excerpt":"El pr\u00f3ximo viernes 8 de junio, a las 21,30 horas, celebraremos la Verbena 2012 en la pista de nuestro Centro. \u00a0 Este a\u00f1o por diferentes causas la verbena se ha tenido que adelantar al viernes 8 de junio. Los diferentes grupos han tenido menos tiempo de ensayo, pero \u00e1nimo que\u2026","rel":"","context":"En \u00abEl centro\u00bb","block_context":{"text":"El centro","link":"https:\/\/www.ceipmaestrorafaelbravomartin.es\/?cat=10"},"img":{"alt_text":"","src":"","width":0,"height":0},"classes":[]},{"id":760,"url":"https:\/\/www.ceipmaestrorafaelbravomartin.es\/?p=760","url_meta":{"origin":326,"position":5},"title":"VERBENA 2014 (SEXTOS)","author":"CEIP Maestro Rafael Bravo Mart\u00edn","date":"20 junio, 2014","format":false,"excerpt":"Empezamos y acabamos INFANTIL junt@s. Empezamos y acabamos PRIMARIA junt@s. Empezamos, de nuevo, y acabaremos junt@s... SECUNDARIA.","rel":"","context":"En \u00abGaler\u00eda multimedia\u00bb","block_context":{"text":"Galer\u00eda multimedia","link":"https:\/\/www.ceipmaestrorafaelbravomartin.es\/?cat=5"},"img":{"alt_text":"","src":"","width":0,"height":0},"classes":[]}],"_links":{"self":[{"href":"https:\/\/www.ceipmaestrorafaelbravomartin.es\/index.php?rest_route=\/wp\/v2\/posts\/326","targetHints":{"allow":["GET"]}}],"collection":[{"href":"https:\/\/www.ceipmaestrorafaelbravomartin.es\/index.php?rest_route=\/wp\/v2\/posts"}],"about":[{"href":"https:\/\/www.ceipmaestrorafaelbravomartin.es\/index.php?rest_route=\/wp\/v2\/types\/post"}],"author":[{"embeddable":true,"href":"https:\/\/www.ceipmaestrorafaelbravomartin.es\/index.php?rest_route=\/wp\/v2\/users\/4"}],"replies":[{"embeddable":true,"href":"https:\/\/www.ceipmaestrorafaelbravomartin.es\/index.php?rest_route=%2Fwp%2Fv2%2Fcomments&post=326"}],"version-history":[{"count":2,"href":"https:\/\/www.ceipmaestrorafaelbravomartin.es\/index.php?rest_route=\/wp\/v2\/posts\/326\/revisions"}],"predecessor-version":[{"id":809,"href":"https:\/\/www.ceipmaestrorafaelbravomartin.es\/index.php?rest_route=\/wp\/v2\/posts\/326\/revisions\/809"}],"wp:attachment":[{"href":"https:\/\/www.ceipmaestrorafaelbravomartin.es\/index.php?rest_route=%2Fwp%2Fv2%2Fmedia&parent=326"}],"wp:term":[{"taxonomy":"category","embeddable":true,"href":"https:\/\/www.ceipmaestrorafaelbravomartin.es\/index.php?rest_route=%2Fwp%2Fv2%2Fcategories&post=326"},{"taxonomy":"post_tag","embeddable":true,"href":"https:\/\/www.ceipmaestrorafaelbravomartin.es\/index.php?rest_route=%2Fwp%2Fv2%2Ftags&post=326"}],"curies":[{"name":"wp","href":"https:\/\/api.w.org\/{rel}","templated":true}]}}