{"id":3270,"date":"2023-06-01T08:49:36","date_gmt":"2023-06-01T06:49:36","guid":{"rendered":"http:\/\/www.ceipmaestrorafaelbravomartin.es\/?p=3270"},"modified":"2023-06-01T08:49:38","modified_gmt":"2023-06-01T06:49:38","slug":"matriculacion-curso-2022-2023","status":"publish","type":"post","link":"https:\/\/www.ceipmaestrorafaelbravomartin.es\/?p=3270","title":{"rendered":"Matriculaci\u00f3n curso 2023\/2024"},"content":{"rendered":"\n<p>Desde hoy hasta el pr\u00f3ximo 8 de junio, podr\u00e1n matricular a su hijo\/a en nuestro centro para el curso 2022\/2023 pinchando en el siguiente enlace:<br><br><a href=\"https:\/\/www.juntadeandalucia.es\/educacion\/secretariavirtual\/accesoTramite\/365\/\">https:\/\/www.juntadeandalucia.es\/educacion\/secretariavirtual\/accesoTramite\/365\/<\/a><br><\/p>\n\n\n\n<p>Ser\u00e1 necesario el c\u00f3digo iAnde, que se encuentra en el apartado de mensajes de iPasen. Igualmente podr\u00e1n solicitar aula matinal o comedor en el mismo proceso, debiendo adjuntar en este caso la documentaci\u00f3n necesaria. Las solicitudes de gratuidad\/bonificaci\u00f3n de estos servicios se presentar\u00e1n del 1 al 7 de&nbsp;septiembre.<\/p>\n\n\n\n<p>Os dejamos un tutorial para facilitaros el tr\u00e1mite.<br><\/p>\n\n\n\n<figure class=\"wp-block-embed is-type-video is-provider-youtube wp-block-embed-youtube wp-embed-aspect-16-9 wp-has-aspect-ratio\"><div class=\"wp-block-embed__wrapper\">\n<span class=\"embed-youtube\" style=\"text-align:center; display: block;\"><iframe loading=\"lazy\" class=\"youtube-player\" width=\"750\" height=\"422\" src=\"https:\/\/www.youtube.com\/embed\/VCcL3E5x7lk?version=3&#038;rel=1&#038;showsearch=0&#038;showinfo=1&#038;iv_load_policy=1&#038;fs=1&#038;hl=es-ES&#038;autohide=2&#038;wmode=transparent\" allowfullscreen=\"true\" style=\"border:0;\" sandbox=\"allow-scripts allow-same-origin allow-popups allow-presentation allow-popups-to-escape-sandbox\"><\/iframe><\/span>\n<\/div><\/figure>\n\n\n\n<p>Un cordial saludo.<\/p>\n","protected":false},"excerpt":{"rendered":"<p>Desde hoy hasta el pr\u00f3ximo 8 de junio, podr\u00e1n matricular a su hijo\/a en nuestro centro para el curso 2022\/2023 pinchando en el siguiente enlace: https:\/\/www.juntadeandalucia.es\/educacion\/secretariavirtual\/accesoTramite\/365\/ Ser\u00e1 necesario el c\u00f3digo iAnde, que se encuentra en el apartado de mensajes de iPasen. Igualmente podr\u00e1n solicitar aula matinal o comedor en el [&hellip;]<\/p>\n","protected":false},"author":6,"featured_media":0,"comment_status":"closed","ping_status":"closed","sticky":true,"template":"","format":"standard","meta":{"jetpack_post_was_ever_published":false,"_jetpack_newsletter_access":"","_jetpack_dont_email_post_to_subs":false,"_jetpack_newsletter_tier_id":0,"_jetpack_memberships_contains_paywalled_content":false,"_jetpack_memberships_contains_paid_content":false,"footnotes":""},"categories":[20],"tags":[],"class_list":["post-3270","post","type-post","status-publish","format-standard","hentry","category-info-biblioteca"],"jetpack_featured_media_url":"","jetpack_sharing_enabled":true,"jetpack_shortlink":"https:\/\/wp.me\/p9VlHp-QK","jetpack-related-posts":[{"id":3446,"url":"https:\/\/www.ceipmaestrorafaelbravomartin.es\/?p=3446","url_meta":{"origin":3270,"position":0},"title":"Matriculaci\u00f3n curso 2025\/2026","author":"CEIP Maestro Rafael Bravo Mart\u00edn","date":"1 junio, 2025","format":false,"excerpt":"Desde el 1 hasta el pr\u00f3ximo 9 de junio, podr\u00e1n matricular a su hijo\/a en nuestro centro para el curso 2025\/2026 pinchando en el siguiente enlace:https:\/\/www.juntadeandalucia.es\/educacion\/secretariavirtual\/accesoTramite\/365\/ Ser\u00e1 necesario el c\u00f3digo iAnde, que se encuentra en el apartado de mensajes de iPasen. Igualmente podr\u00e1n solicitar aula matinal o comedor en el\u2026","rel":"","context":"En \u00abMatriculaci\u00f3n\u00bb","block_context":{"text":"Matriculaci\u00f3n","link":"https:\/\/www.ceipmaestrorafaelbravomartin.es\/?cat=147"},"img":{"alt_text":"","src":"https:\/\/i0.wp.com\/img.youtube.com\/vi\/VCcL3E5x7lk\/0.jpg?resize=350%2C200","width":350,"height":200},"classes":[]},{"id":11,"url":"https:\/\/www.ceipmaestrorafaelbravomartin.es\/?p=11","url_meta":{"origin":3270,"position":1},"title":"Matriculaci\u00f3n Curso 2012-2013","author":"CEIP Maestro Rafael Bravo Mart\u00edn","date":"13 octubre, 2010","format":false,"excerpt":"Se comunica que est\u00e1 abierto el plazo de matriculaci\u00f3n para el pr\u00f3ximo curso 2012-13. Podr\u00e1n presentar el impreso de solicitud, que les ser\u00e1 facilitado en la Secretar\u00eda del Centro, en horario de 9 a 11 horas. Adem\u00e1s deber\u00e1n aportar fotocopia de la hoja del Libro de Familia donde est\u00e1 inscrito\u2026","rel":"","context":"En \u00abEl centro\u00bb","block_context":{"text":"El centro","link":"https:\/\/www.ceipmaestrorafaelbravomartin.es\/?cat=10"},"img":{"alt_text":"","src":"","width":0,"height":0},"classes":[]},{"id":227,"url":"https:\/\/www.ceipmaestrorafaelbravomartin.es\/?p=227","url_meta":{"origin":3270,"position":2},"title":"\u00abIngl\u00e9s en Infantil\u00bb","author":"CEIP Maestro Rafael Bravo Mart\u00edn","date":"22 febrero, 2012","format":false,"excerpt":"Aqu\u00ed ten\u00e9is un v\u00eddeo en el que se puede ver la forma que tenemos de trabajar el ingl\u00e9s en infantil; los ni\u00f1os y las ni\u00f1as aprenden en ingl\u00e9s vocabulario que trabajan en clase con las tutoras, ya que como anticipaci\u00f3n ling\u00fc\u00edstica, queremos que los contenidos vayan de la mano con\u2026","rel":"","context":"En \u00abEducaci\u00f3n Infantil\u00bb","block_context":{"text":"Educaci\u00f3n Infantil","link":"https:\/\/www.ceipmaestrorafaelbravomartin.es\/?cat=26"},"img":{"alt_text":"","src":"","width":0,"height":0},"classes":[]},{"id":1091,"url":"https:\/\/www.ceipmaestrorafaelbravomartin.es\/?p=1091","url_meta":{"origin":3270,"position":3},"title":"MATRICULACI\u00d3N CURSO 2015-2016","author":"CEIP Maestro Rafael Bravo Mart\u00edn","date":"25 febrero, 2015","format":false,"excerpt":"ABIERTO EL PLAZO PARA SOLICITAR MATR\u00cdCULA. Podr\u00e1n pasarse por la Secretar\u00eda del Centro en horario de 9:00 a 11:30 h. del 3 al 26 de marzo ambos inclusive. El equipo Directivo.","rel":"","context":"En \u00abEl centro\u00bb","block_context":{"text":"El centro","link":"https:\/\/www.ceipmaestrorafaelbravomartin.es\/?cat=10"},"img":{"alt_text":"","src":"","width":0,"height":0},"classes":[]},{"id":15,"url":"https:\/\/www.ceipmaestrorafaelbravomartin.es\/?p=15","url_meta":{"origin":3270,"position":4},"title":"Nota informativa sobre escuelas deportivas","author":"CEIP Maestro Rafael Bravo Mart\u00edn","date":"13 octubre, 2010","format":false,"excerpt":"Se comunica a todo\/as las madres y padres de las alumnas\/os del centro que el pr\u00f3ximo lunes, 4 de octubre comenzar\u00e1n el proyecto \u201cEscuelas deportivas\u201d (o talleres de multideporte).Los talleres ir\u00e1n dirigidos a los alumnos\/as de la etapa de educaci\u00f3n primaria (de 1\u00ba a 6\u00ba curso).","rel":"","context":"En \u00abEscuelas deportivas\u00bb","block_context":{"text":"Escuelas deportivas","link":"https:\/\/www.ceipmaestrorafaelbravomartin.es\/?cat=18"},"img":{"alt_text":"","src":"","width":0,"height":0},"classes":[]},{"id":148,"url":"https:\/\/www.ceipmaestrorafaelbravomartin.es\/?p=148","url_meta":{"origin":3270,"position":5},"title":"Semana Cultural: Nuestro Centro. Ayer y Hoy","author":"CEIP Maestro Rafael Bravo Mart\u00edn","date":"10 marzo, 2011","format":false,"excerpt":"Lema: Nuestro Centro. Ayer y Hoy. \u00a0 Durante la semana del 21 al 25 de marzo y durante un tiempo, cada curso con su tutor-a realizar\u00e1 una actividad relacionada con le lema de nuestra semana cultural.\u00a0 \u00a0 Actividades: - Limpieza del centro. - Decoraci\u00f3n del centro. - Conocimiento del centro.\u2026","rel":"","context":"En \u00abActividades extraescolares\u00bb","block_context":{"text":"Actividades extraescolares","link":"https:\/\/www.ceipmaestrorafaelbravomartin.es\/?cat=14"},"img":{"alt_text":"","src":"","width":0,"height":0},"classes":[]}],"_links":{"self":[{"href":"https:\/\/www.ceipmaestrorafaelbravomartin.es\/index.php?rest_route=\/wp\/v2\/posts\/3270","targetHints":{"allow":["GET"]}}],"collection":[{"href":"https:\/\/www.ceipmaestrorafaelbravomartin.es\/index.php?rest_route=\/wp\/v2\/posts"}],"about":[{"href":"https:\/\/www.ceipmaestrorafaelbravomartin.es\/index.php?rest_route=\/wp\/v2\/types\/post"}],"author":[{"embeddable":true,"href":"https:\/\/www.ceipmaestrorafaelbravomartin.es\/index.php?rest_route=\/wp\/v2\/users\/6"}],"replies":[{"embeddable":true,"href":"https:\/\/www.ceipmaestrorafaelbravomartin.es\/index.php?rest_route=%2Fwp%2Fv2%2Fcomments&post=3270"}],"version-history":[{"count":3,"href":"https:\/\/www.ceipmaestrorafaelbravomartin.es\/index.php?rest_route=\/wp\/v2\/posts\/3270\/revisions"}],"predecessor-version":[{"id":3353,"href":"https:\/\/www.ceipmaestrorafaelbravomartin.es\/index.php?rest_route=\/wp\/v2\/posts\/3270\/revisions\/3353"}],"wp:attachment":[{"href":"https:\/\/www.ceipmaestrorafaelbravomartin.es\/index.php?rest_route=%2Fwp%2Fv2%2Fmedia&parent=3270"}],"wp:term":[{"taxonomy":"category","embeddable":true,"href":"https:\/\/www.ceipmaestrorafaelbravomartin.es\/index.php?rest_route=%2Fwp%2Fv2%2Fcategories&post=3270"},{"taxonomy":"post_tag","embeddable":true,"href":"https:\/\/www.ceipmaestrorafaelbravomartin.es\/index.php?rest_route=%2Fwp%2Fv2%2Ftags&post=3270"}],"curies":[{"name":"wp","href":"https:\/\/api.w.org\/{rel}","templated":true}]}}