{"id":34,"date":"2010-10-18T08:59:15","date_gmt":"2010-10-18T06:59:15","guid":{"rendered":"http:\/\/blogasuncion.es\/?p=34"},"modified":"2014-10-12T20:21:51","modified_gmt":"2014-10-12T18:21:51","slug":"biblioteca","status":"publish","type":"post","link":"https:\/\/www.ceipmaestrorafaelbravomartin.es\/?p=34","title":{"rendered":"Biblioteca Escolar"},"content":{"rendered":"<p>El colegio p\u00fablico Nuestra Se\u00f1ora de Asunci\u00f3n de Alcal\u00e1 del R\u00edo dispone de una magnifica biblioteca de centro, instalada en una sala de la segunda planta , dicha sala est\u00e1 habilitada con 9 mesas y unas 40 sillas para la lectura y el estudio, 5 estanter\u00edas grandes\u00a0 de madera de 6 estantes cada una, donde se encuentran todos los fondos de la biblioteca que son\u00a0 de m\u00e1s mil libros. de tem\u00e1tica variada y rica, as\u00ed hay libros para lectores y lectoras de 6 a 12 a\u00f1os,\u00a0 casi todos son muy actuales y muy v\u00e1lidos.<\/p>\n<p>Los libros est\u00e1n organizados por el sistema abies, y\u00a0 a su vez en el ordenador de la sala, est\u00e1n informatizado en dicho programa.<br \/>C\u00f3mo es natural cada libro, est\u00e1 registrado con un n\u00famero o signatura, y un n\u00famero de registro, que se encuentran en en el lomo y en en interior en la primera p\u00e1gina.<br \/>La b\u00fasqueda de los vol\u00famenes resulta sencilla y pr\u00e1ctica.<br \/>Cada alumno y cada alumna del centro dispone de un n\u00famero de usuario o usuaria para poder acceder en las horas habilitadas al servicio de pr\u00e9stamo y devoluciones<\/p>\n<p>Intentamos en todo lo posible estimular la lectura y el amor por la literatura, como medio id\u00f3neo para promover la sabidur\u00eda, la bondad, la solidaridad, la creatividad y el juicio cr\u00edtico , virtudes que relucen como el sol, y cuya falta resulta evidentemente un lastre para la adecuada educaci\u00f3n de las ni\u00f1as y ni\u00f1os de este centro y por ende toda la comunidad educativa.<\/p>\n<p>Es dif\u00edcil competir con los medios audiovisuales, pero estamos en la certeza de que nada es incompatible con cualquier otra forma de ense\u00f1anza, por tanto intentaremos hacer lo mas atractiva posible la lectura y la utilizaci\u00f3n de la biblioteca , para ello pedimos\u00a0 la ayuda y comprensi\u00f3n de todas y todos.<\/p>\n<p>Buen viaje por el mundo de sabidur\u00eda, que tantos y tantas nos han dejado para nuestro deleite.<\/p>\n<p>Y recuerda, lee, y escribe, en la comunicaci\u00f3n est\u00e1 el alma de la vida.<\/p>\n<p>Salud y felicidad para todas las personas.<\/p>\n<div align=\"right\">Vicente Garc\u00eda Alexandre<\/p>\n<p>Coordinador de la Biblioteca.<\/p><\/div>\n","protected":false},"excerpt":{"rendered":"<p>El colegio p\u00fablico Nuestra Se\u00f1ora de Asunci\u00f3n de Alcal\u00e1 del R\u00edo dispone de una magnifica biblioteca de centro, instalada en una sala de la segunda planta , dicha sala est\u00e1 habilitada con 9 mesas y unas 40 sillas para la lectura y el estudio, 5 estanter\u00edas grandes\u00a0 de madera de [&hellip;]<\/p>\n","protected":false},"author":4,"featured_media":0,"comment_status":"closed","ping_status":"open","sticky":false,"template":"","format":"standard","meta":{"jetpack_post_was_ever_published":false,"_jetpack_newsletter_access":"","_jetpack_dont_email_post_to_subs":false,"_jetpack_newsletter_tier_id":0,"_jetpack_memberships_contains_paywalled_content":false,"_jetpack_memberships_contains_paid_content":false,"footnotes":""},"categories":[23],"tags":[50,51],"class_list":["post-34","post","type-post","status-publish","format-standard","hentry","category-planes-y-programas","tag-planes","tag-programas"],"jetpack_featured_media_url":"","jetpack_sharing_enabled":true,"jetpack_shortlink":"https:\/\/wp.me\/p9VlHp-y","jetpack-related-posts":[{"id":1830,"url":"https:\/\/www.ceipmaestrorafaelbravomartin.es\/?p=1830","url_meta":{"origin":34,"position":0},"title":"Coeducaci\u00f3n.","author":"CEIP Maestro Rafael Bravo Mart\u00edn","date":"18 abril, 2018","format":false,"excerpt":"Ahora que se acerca el d\u00eda del libro (23 de abril) y para lograr uno de nuestros objetivos principales: la transmisi\u00f3n de valores, actitudes y modelos de referencia personales y colectivos, que contribuyan a la tan ansiada igualdad, desde\u00a0coeducaci\u00f3n\u00a0queremos contribuir a que ni\u00f1os\/as accedan a un tipo de literatura que\u2026","rel":"","context":"En \u00abCoeducaci\u00f3n\u00bb","block_context":{"text":"Coeducaci\u00f3n","link":"https:\/\/www.ceipmaestrorafaelbravomartin.es\/?cat=114"},"img":{"alt_text":"","src":"","width":0,"height":0},"classes":[]},{"id":10,"url":"https:\/\/www.ceipmaestrorafaelbravomartin.es\/?p=10","url_meta":{"origin":34,"position":1},"title":"Instalaciones","author":"CEIP Maestro Rafael Bravo Mart\u00edn","date":"13 octubre, 2010","format":false,"excerpt":"Nuestro colegio est\u00e1 formado por tres edificios: El primer edificio cuenta con tres plantas donde se ubican las aulas de Educaci\u00f3n Primaria: Ciclo 1\u00ba en planta baja.Ciclo 2\u00ba en planta primera.Ciclo 3\u00ba en la segunda planta. En el segundo edificio se ubica: Infantil (dos aulas de cada nivel).Dos aulas de\u2026","rel":"","context":"En \u00abEl centro\u00bb","block_context":{"text":"El centro","link":"https:\/\/www.ceipmaestrorafaelbravomartin.es\/?cat=10"},"img":{"alt_text":"","src":"","width":0,"height":0},"classes":[]},{"id":36,"url":"https:\/\/www.ceipmaestrorafaelbravomartin.es\/?p=36","url_meta":{"origin":34,"position":2},"title":"Plan biling\u00fce","author":"CEIP Maestro Rafael Bravo Mart\u00edn","date":"18 octubre, 2010","format":false,"excerpt":"\u00bfPOR QU\u00c9 SOMOS CENTRO BILING\u00dcE?La sociedad actual demanda la formaci\u00f3n pluriling\u00fce y multicultural, es decir, dominio de varios idiomas y conocimiento de distintas culturas. Esto no s\u00f3lo enriquece a nivel personal sino que favorece la\u00a0 inserci\u00f3n en la vida laboral y facilita la convivencia de distintas culturas en un mismo\u2026","rel":"","context":"En \u00abPlanes y programas\u00bb","block_context":{"text":"Planes y programas","link":"https:\/\/www.ceipmaestrorafaelbravomartin.es\/?cat=23"},"img":{"alt_text":"","src":"","width":0,"height":0},"classes":[]},{"id":283,"url":"https:\/\/www.ceipmaestrorafaelbravomartin.es\/?p=283","url_meta":{"origin":34,"position":3},"title":"1\u00aa tirada del peri\u00f3dico &#8211;  2012-13","author":"CEIP Maestro Rafael Bravo Mart\u00edn","date":"15 enero, 2013","format":false,"excerpt":"TALLER DE PERI\u00d3DICO Otro a\u00f1o mas nos disponemos a sacar el peri\u00f3dico del colegio Asunci\u00f3n. Por lo tanto animamos a todo el alumnado, profesorado, padres y madres, a participar en esta edici\u00f3n de \u201c Ventana Escolar\u201d. Os recordamos la direcci\u00f3n de correo electr\u00f3nico: periodicoasuncion@gmail.com -Se admitir\u00e1n trabajos tanto a mano\u2026","rel":"","context":"En \u00abInformaci\u00f3n\u00bb","block_context":{"text":"Informaci\u00f3n","link":"https:\/\/www.ceipmaestrorafaelbravomartin.es\/?cat=17"},"img":{"alt_text":"","src":"","width":0,"height":0},"classes":[]},{"id":29,"url":"https:\/\/www.ceipmaestrorafaelbravomartin.es\/?p=29","url_meta":{"origin":34,"position":4},"title":"Escuelas Deportivas","author":"CEIP Maestro Rafael Bravo Mart\u00edn","date":"15 octubre, 2010","format":false,"excerpt":"Escuelas deportivas es un programa totalmente subvencionado por la Consejer\u00eda de Educaci\u00f3n y su objetivo es regular todas las actividades fisico-deportivas que se realicen por las tarde en los centros escolares. Por lo tanto todas las actividades ser\u00e1n totalmente gratuitas.Adem\u00e1s estas actividades se contemplan como un complemento ideal para las\u2026","rel":"","context":"En \u00abPlanes y programas\u00bb","block_context":{"text":"Planes y programas","link":"https:\/\/www.ceipmaestrorafaelbravomartin.es\/?cat=23"},"img":{"alt_text":"Escuelas deportiva","src":"https:\/\/i0.wp.com\/blogasuncion.es\/wp-content\/uploads\/2010\/10\/deporteescuela-281x300.png?resize=350%2C200","width":350,"height":200},"classes":[]},{"id":25,"url":"https:\/\/www.ceipmaestrorafaelbravomartin.es\/?p=25","url_meta":{"origin":34,"position":5},"title":"Consejos para padres y madres.","author":"CEIP Maestro Rafael Bravo Mart\u00edn","date":"14 octubre, 2010","format":false,"excerpt":"\u00a0Normas sobre lecturas para padres y madres:","rel":"","context":"En \u00abInformaci\u00f3n\u00bb","block_context":{"text":"Informaci\u00f3n","link":"https:\/\/www.ceipmaestrorafaelbravomartin.es\/?cat=20"},"img":{"alt_text":"","src":"","width":0,"height":0},"classes":[]}],"_links":{"self":[{"href":"https:\/\/www.ceipmaestrorafaelbravomartin.es\/index.php?rest_route=\/wp\/v2\/posts\/34","targetHints":{"allow":["GET"]}}],"collection":[{"href":"https:\/\/www.ceipmaestrorafaelbravomartin.es\/index.php?rest_route=\/wp\/v2\/posts"}],"about":[{"href":"https:\/\/www.ceipmaestrorafaelbravomartin.es\/index.php?rest_route=\/wp\/v2\/types\/post"}],"author":[{"embeddable":true,"href":"https:\/\/www.ceipmaestrorafaelbravomartin.es\/index.php?rest_route=\/wp\/v2\/users\/4"}],"replies":[{"embeddable":true,"href":"https:\/\/www.ceipmaestrorafaelbravomartin.es\/index.php?rest_route=%2Fwp%2Fv2%2Fcomments&post=34"}],"version-history":[{"count":1,"href":"https:\/\/www.ceipmaestrorafaelbravomartin.es\/index.php?rest_route=\/wp\/v2\/posts\/34\/revisions"}],"predecessor-version":[{"id":981,"href":"https:\/\/www.ceipmaestrorafaelbravomartin.es\/index.php?rest_route=\/wp\/v2\/posts\/34\/revisions\/981"}],"wp:attachment":[{"href":"https:\/\/www.ceipmaestrorafaelbravomartin.es\/index.php?rest_route=%2Fwp%2Fv2%2Fmedia&parent=34"}],"wp:term":[{"taxonomy":"category","embeddable":true,"href":"https:\/\/www.ceipmaestrorafaelbravomartin.es\/index.php?rest_route=%2Fwp%2Fv2%2Fcategories&post=34"},{"taxonomy":"post_tag","embeddable":true,"href":"https:\/\/www.ceipmaestrorafaelbravomartin.es\/index.php?rest_route=%2Fwp%2Fv2%2Ftags&post=34"}],"curies":[{"name":"wp","href":"https:\/\/api.w.org\/{rel}","templated":true}]}}