{"id":35,"date":"2010-10-18T09:13:53","date_gmt":"2010-10-18T07:13:53","guid":{"rendered":"http:\/\/blogasuncion.es\/?p=35"},"modified":"2013-07-05T13:24:13","modified_gmt":"2013-07-05T11:24:13","slug":"matinal","status":"publish","type":"post","link":"https:\/\/www.ceipmaestrorafaelbravomartin.es\/?p=35","title":{"rendered":"Aula Matinal"},"content":{"rendered":"<p>El C.E.I.P. Ntra. Sra. de la Asunci\u00f3n dispone de aula matinal, la cual est\u00e1 abierta desde las 7:30 h hasta la hora de entrada en el colegio a las 9:00 h.<\/p>\n<p>Para inscribirse deber\u00e1n hacerlo el curso anterior desde el 1 al 8 de junio en la Secretar\u00eda del Centro, entregando la siguiente solicitud cumplimentada.<\/p>\n<p>Descarga: <a href=\"https:\/\/docs.google.com\/fileview?id=0BxMSfothSYKwNTYxY2FiMzktODE5MS00N2NhLWJmMWUtY2MyZTVhODQxNWU2&#038;hl=es\" target=\"_blank\">Solicitud de inscripci\u00f3n en el aula matinal.<\/a><\/p>\n","protected":false},"excerpt":{"rendered":"<p>El C.E.I.P. Ntra. Sra. de la Asunci\u00f3n dispone de aula matinal, la cual est\u00e1 abierta desde las 7:30 h hasta la hora de entrada en el colegio a las 9:00 h. Para inscribirse deber\u00e1n hacerlo el curso anterior desde el 1 al 8 de junio en la Secretar\u00eda del Centro, [&hellip;]<\/p>\n","protected":false},"author":4,"featured_media":0,"comment_status":"closed","ping_status":"open","sticky":false,"template":"","format":"standard","meta":{"jetpack_post_was_ever_published":false,"_jetpack_newsletter_access":"","_jetpack_dont_email_post_to_subs":false,"_jetpack_newsletter_tier_id":0,"_jetpack_memberships_contains_paywalled_content":false,"_jetpack_memberships_contains_paid_content":false,"footnotes":""},"categories":[23],"tags":[50,51],"class_list":["post-35","post","type-post","status-publish","format-standard","hentry","category-planes-y-programas","tag-planes","tag-programas"],"jetpack_featured_media_url":"","jetpack_sharing_enabled":true,"jetpack_shortlink":"https:\/\/wp.me\/s9VlHp-matinal","jetpack-related-posts":[{"id":1463,"url":"https:\/\/www.ceipmaestrorafaelbravomartin.es\/?p=1463","url_meta":{"origin":35,"position":0},"title":"Matriculaci\u00f3n curso 2016-2017","author":"CEIP Maestro Rafael Bravo Mart\u00edn","date":"25 mayo, 2016","format":false,"excerpt":"CURSO 2016-2017 HOJA DE MATRICULACI\u00d3N\u00a0 (que ya ha sido repartida al alumnado) Deber\u00e1 ser entregada al tutor\/a de su hijo\/a antes del Martes, d\u00eda 31 de Mayo. AULA MATINAL El plazo para solicitar plaza en el Aula Matinal es del 1 al 8 de Junio, ambos inclusive. El horario de\u2026","rel":"","context":"En \u00abEl centro\u00bb","block_context":{"text":"El centro","link":"https:\/\/www.ceipmaestrorafaelbravomartin.es\/?cat=10"},"img":{"alt_text":"","src":"","width":0,"height":0},"classes":[]},{"id":3475,"url":"https:\/\/www.ceipmaestrorafaelbravomartin.es\/?p=3475","url_meta":{"origin":35,"position":1},"title":"Bonificaci\u00f3n del precio p\u00fablico\\gratuidad total de los servicios complementarios (aula matinal y comedor)","author":"CEIP Maestro Rafael Bravo Mart\u00edn","date":"4 septiembre, 2024","format":false,"excerpt":"Se encuentra abierto el plazo para la solicitud de bonificaci\u00f3n del aula matinal y del comedor, dicho plazo es del 1 al 9 de septiembre. Las personas interesadas deber\u00e1n rellenar la solicitud en la secretar\u00eda virtual. Para facilitarles la informaci\u00f3n les dejamos el siguiente tutorial: https:\/\/youtu.be\/NVFu4hjwZCI?si=s8ouPIv4oe9c-Zx0","rel":"","context":"En \u00abcomedor\u00bb","block_context":{"text":"comedor","link":"https:\/\/www.ceipmaestrorafaelbravomartin.es\/?cat=129"},"img":{"alt_text":"","src":"https:\/\/i0.wp.com\/img.youtube.com\/vi\/NVFu4hjwZCI\/0.jpg?resize=350%2C200","width":350,"height":200},"classes":[]},{"id":2800,"url":"https:\/\/www.ceipmaestrorafaelbravomartin.es\/?p=2800","url_meta":{"origin":35,"position":2},"title":"Solicitud de bonificaci\u00f3n del aula matinal y del comedor","author":"CEIP Maestro Rafael Bravo Mart\u00edn","date":"1 septiembre, 2020","format":false,"excerpt":"Se ha abierto el plazo para solicitar la bonificaci\u00f3n del aula matinal y del comedor (del 1 al 7 de septiembre), pod\u00e9is solicitar su bonificaci\u00f3n en el siguiente enlace: https:\/\/www.juntadeandalucia.es\/educacion\/secretariavirtual\/accesoTramite\/381\/ Necesitar\u00e9is el c\u00f3digo iAnde que se encuentra en iPasen. Los listados de admitidos en los servicios complementarios est\u00e1n expuestos en\u2026","rel":"","context":"En \u00abInformaci\u00f3n\u00bb","block_context":{"text":"Informaci\u00f3n","link":"https:\/\/www.ceipmaestrorafaelbravomartin.es\/?cat=2"},"img":{"alt_text":"","src":"","width":0,"height":0},"classes":[]},{"id":3381,"url":"https:\/\/www.ceipmaestrorafaelbravomartin.es\/?p=3381","url_meta":{"origin":35,"position":3},"title":"Bonificaci\u00f3n del aula matinal y comedor","author":"CEIP Maestro Rafael Bravo Mart\u00edn","date":"5 septiembre, 2023","format":false,"excerpt":"Los alumnos\/as admitidos en los servicios de aula matinal y comedor, deben presentar la solicitud de gratuidad\/bonificaci\u00f3n del 1 al 7 de septiembre a trav\u00e9s de la Secretar\u00eda Virtual (pincha en el enlace). https:\/\/www.juntadeandalucia.es\/educacion\/secretariavirtual\/accesoTramite\/381\/","rel":"","context":"En \u00abInformaci\u00f3n\u00bb","block_context":{"text":"Informaci\u00f3n","link":"https:\/\/www.ceipmaestrorafaelbravomartin.es\/?cat=20"},"img":{"alt_text":"","src":"","width":0,"height":0},"classes":[]},{"id":146,"url":"https:\/\/www.ceipmaestrorafaelbravomartin.es\/?p=146","url_meta":{"origin":35,"position":4},"title":"Abierto plazo de matriculaci\u00f3n para el curso 2011\/12","author":"CEIP Maestro Rafael Bravo Mart\u00edn","date":"2 marzo, 2011","format":false,"excerpt":"Se informa que durante todo el mes de marzo, hasta el d\u00eda 31 inclusive, \u00a0permanecer\u00e1 abierto el plazo de presentaci\u00f3n de solicitudes de admisi\u00f3n en los centros educativos p\u00fablicos y privados y concertados. Comienza de este modo el proceso de escolarizaci\u00f3n del curso 2011\/12 en el que participan todos los\u2026","rel":"","context":"En \u00abSecretar\u00eda\u00bb","block_context":{"text":"Secretar\u00eda","link":"https:\/\/www.ceipmaestrorafaelbravomartin.es\/?cat=16"},"img":{"alt_text":"","src":"","width":0,"height":0},"classes":[]},{"id":3273,"url":"https:\/\/www.ceipmaestrorafaelbravomartin.es\/?p=3273","url_meta":{"origin":35,"position":5},"title":"Plazos Aula Matinal y Comedor","author":"CEIP Maestro Rafael Bravo Mart\u00edn","date":"14 junio, 2022","format":false,"excerpt":"Estimadas familias, A continuaci\u00f3n pueden ver las fechas a tener en cuenta en lo referente al aula matinal y comedor: 14 de junio: consulta de Listados Provisionales en el siguiente enlace: Secretar\u00eda Virtual de los centros docentes andaluces (juntadeandalucia.es)Del 15 al 28 de junio: plazo de alegaciones.30 de junio: listados\u2026","rel":"","context":"En \u00abInformaci\u00f3n\u00bb","block_context":{"text":"Informaci\u00f3n","link":"https:\/\/www.ceipmaestrorafaelbravomartin.es\/?cat=20"},"img":{"alt_text":"","src":"","width":0,"height":0},"classes":[]}],"_links":{"self":[{"href":"https:\/\/www.ceipmaestrorafaelbravomartin.es\/index.php?rest_route=\/wp\/v2\/posts\/35","targetHints":{"allow":["GET"]}}],"collection":[{"href":"https:\/\/www.ceipmaestrorafaelbravomartin.es\/index.php?rest_route=\/wp\/v2\/posts"}],"about":[{"href":"https:\/\/www.ceipmaestrorafaelbravomartin.es\/index.php?rest_route=\/wp\/v2\/types\/post"}],"author":[{"embeddable":true,"href":"https:\/\/www.ceipmaestrorafaelbravomartin.es\/index.php?rest_route=\/wp\/v2\/users\/4"}],"replies":[{"embeddable":true,"href":"https:\/\/www.ceipmaestrorafaelbravomartin.es\/index.php?rest_route=%2Fwp%2Fv2%2Fcomments&post=35"}],"version-history":[{"count":1,"href":"https:\/\/www.ceipmaestrorafaelbravomartin.es\/index.php?rest_route=\/wp\/v2\/posts\/35\/revisions"}],"predecessor-version":[{"id":449,"href":"https:\/\/www.ceipmaestrorafaelbravomartin.es\/index.php?rest_route=\/wp\/v2\/posts\/35\/revisions\/449"}],"wp:attachment":[{"href":"https:\/\/www.ceipmaestrorafaelbravomartin.es\/index.php?rest_route=%2Fwp%2Fv2%2Fmedia&parent=35"}],"wp:term":[{"taxonomy":"category","embeddable":true,"href":"https:\/\/www.ceipmaestrorafaelbravomartin.es\/index.php?rest_route=%2Fwp%2Fv2%2Fcategories&post=35"},{"taxonomy":"post_tag","embeddable":true,"href":"https:\/\/www.ceipmaestrorafaelbravomartin.es\/index.php?rest_route=%2Fwp%2Fv2%2Ftags&post=35"}],"curies":[{"name":"wp","href":"https:\/\/api.w.org\/{rel}","templated":true}]}}