{"id":3551,"date":"2025-09-05T14:06:18","date_gmt":"2025-09-05T12:06:18","guid":{"rendered":"https:\/\/www.ceipmaestrorafaelbravomartin.es\/?p=3551"},"modified":"2025-09-05T14:06:21","modified_gmt":"2025-09-05T12:06:21","slug":"inicio-de-curso-2025-2026","status":"publish","type":"post","link":"https:\/\/www.ceipmaestrorafaelbravomartin.es\/?p=3551","title":{"rendered":"Inicio de curso 2025\/2026"},"content":{"rendered":"\n<p>Estimadas familias,<\/p>\n\n\n\n<p><br>El pr\u00f3ximo mi\u00e9rcoles 10 de septiembre iniciamos el nuevo curso escolar cargado de ilusi\u00f3n y ganas de aprender. La organizaci\u00f3n ser\u00e1 de la siguiente manera:<br>\u25cf De 3 a\u00f1os a 1\u00ba: se realizar\u00e1n reuniones de los padres y madres con los\/las tutores\/as a las horas abajo indicadas.<br>\u25cf De 2\u00ba a 6\u00ba: el alumnado acudir\u00e1 al centro de 12:00 a 14:00.<\/p>\n\n\n\n<p><strong>Hora Grupos<\/strong><br>10:30 Padres y madres de 3 a\u00f1os. Reuni\u00f3n con el tutor\/a.<br>11:00 Padres y madres de 4 a\u00f1os. Reuni\u00f3n con el tutor\/a.<br>11:30 Padres y madres de 5 a\u00f1os. Reuni\u00f3n con el tutor\/a.<br>12:30 Padres y madres de 1\u00ba. Reuni\u00f3n con el tutor\/a.<br>12:00 a 14:00 Alumnado de 2\u00ba a 6\u00ba.<\/p>\n\n\n\n<p>Todas las reuniones se realizar\u00e1n en el aula de su hijo\/a, salvo 3 a\u00f1os que se realizar\u00e1 en el comedor del colegio.<\/p>\n\n\n\n<p><strong>ACCESOS<\/strong><br>\u25cf Infantil: Acceder\u00e1 por la calle Huertecilla. Las puertas se abrir\u00e1n 5 minutos antes de la reuni\u00f3n.<br>\u25cf Primaria:<br>o Padres y madres de 1\u00ba acceder\u00e1n por la entrada principal en calle Huertecilla.<br>o Alumnado de 2\u00ba a 6\u00ba entrar\u00e1n SOLOS e ir\u00e1n directamente a sus aulas.<br>Se ruega a las familias no acceder al centro salvo a las horas de las tutor\u00edas generales.<\/p>\n\n\n\n<p>Nuestra AMPA Asunci\u00f3n proporcionar\u00e1 un servicio de ludoteca a todas aquellas familias que lo necesiten, ya que recomendamos la asistencia sin alumnado a dichas reuniones. Para solicitarlo pueden ponerse en contacto con ellas a trav\u00e9s del correo electr\u00f3nico ampaasuncion@hotmail.com. Asimismo, os informamos que desde el pr\u00f3ximo 15 de septiembre hasta final de mes estar\u00e1n en el vest\u00edbulo del colegio desde las 9.10h para renovar las inscripciones.<\/p>\n\n\n\n<p>Esperamos su asistencia.<\/p>\n\n\n\n<p><br>Les recordamos que los pr\u00f3ximos 9 y 12 de septiembre son festivos en<br>nuestra localidad.<\/p>\n\n\n\n<p><br><strong>\u00a1\u00a1OS DESEAMOS UN BUEN INICIO DE CURSO!!<\/strong><\/p>\n\n\n\n<p><\/p>\n","protected":false},"excerpt":{"rendered":"<p>Estimadas familias, El pr\u00f3ximo mi\u00e9rcoles 10 de septiembre iniciamos el nuevo curso escolar cargado de ilusi\u00f3n y ganas de aprender. La organizaci\u00f3n ser\u00e1 de la siguiente manera:\u25cf De 3 a\u00f1os a 1\u00ba: se realizar\u00e1n reuniones de los padres y madres con los\/las tutores\/as a las horas abajo indicadas.\u25cf De 2\u00ba [&hellip;]<\/p>\n","protected":false},"author":6,"featured_media":0,"comment_status":"closed","ping_status":"closed","sticky":false,"template":"","format":"standard","meta":{"jetpack_post_was_ever_published":false,"_jetpack_newsletter_access":"","_jetpack_dont_email_post_to_subs":false,"_jetpack_newsletter_tier_id":0,"_jetpack_memberships_contains_paywalled_content":false,"_jetpack_memberships_contains_paid_content":false,"footnotes":""},"categories":[2],"tags":[],"class_list":["post-3551","post","type-post","status-publish","format-standard","hentry","category-info"],"jetpack_featured_media_url":"","jetpack_sharing_enabled":true,"jetpack_shortlink":"https:\/\/wp.me\/p9VlHp-Vh","jetpack-related-posts":[{"id":3472,"url":"https:\/\/www.ceipmaestrorafaelbravomartin.es\/?p=3472","url_meta":{"origin":3551,"position":0},"title":"Inicio de curso","author":"CEIP Maestro Rafael Bravo Mart\u00edn","date":"4 septiembre, 2024","format":false,"excerpt":"Estimadas familias, El pr\u00f3ximo martes 10 de septiembre iniciamos el nuevo curso escolar cargado de ilusi\u00f3n y ganas de aprender. La organizaci\u00f3n ser\u00e1 de la siguiente manera:\u25cf De 3 a\u00f1os a 1\u00ba: se realizar\u00e1n reuniones de los padres y madres con los\/las tutores\/as a las horas abajo indicadas.\u25cf De 2\u00ba\u2026","rel":"","context":"En \u00abInformaci\u00f3n\u00bb","block_context":{"text":"Informaci\u00f3n","link":"https:\/\/www.ceipmaestrorafaelbravomartin.es\/?cat=2"},"img":{"alt_text":"","src":"","width":0,"height":0},"classes":[]},{"id":1182,"url":"https:\/\/www.ceipmaestrorafaelbravomartin.es\/?p=1182","url_meta":{"origin":3551,"position":1},"title":"Comenzamos el nuevo curso.","author":"CEIP Maestro Rafael Bravo Mart\u00edn","date":"7 septiembre, 2015","format":false,"excerpt":"El pr\u00f3ximo jueves 10 de septiembre, tendr\u00e1 lugar la Presentaci\u00f3n del curso 2015\/2016. La entrada al centro comenzar\u00e1 con una bienvenida en el patio \"Antonio Mill\u00e1n Ruvira\" a las 12:30 horas. Dicho acto ser\u00e1 realizado por la directora, as\u00ed como por la coordinadora de biling\u00fcismo. A continuaci\u00f3n la presentaci\u00f3n por\u2026","rel":"","context":"En \u00abEventos\u00bb","block_context":{"text":"Eventos","link":"https:\/\/www.ceipmaestrorafaelbravomartin.es\/?cat=103"},"img":{"alt_text":"","src":"","width":0,"height":0},"classes":[]},{"id":20,"url":"https:\/\/www.ceipmaestrorafaelbravomartin.es\/?p=20","url_meta":{"origin":3551,"position":2},"title":"Presentaci\u00f3n del curso 2010\/11","author":"CEIP Maestro Rafael Bravo Mart\u00edn","date":"13 septiembre, 2010","format":false,"excerpt":"En el d\u00eda de hoy, viernes 10 de septiembre de 2010, ha tenido lugar en nuestro Centro la \u00a0presentaci\u00f3n oficial de curso 2010\/11. El equipo directivo, encabezado por el Director del Centro D\u00ba. \u00a0Rafael Bravo Mart\u00edn, se dirigi\u00f3 a todos los asistentes al evento y explic\u00f3 algunas de las novedades\u2026","rel":"","context":"En \u00abPlanes y programas\u00bb","block_context":{"text":"Planes y programas","link":"https:\/\/www.ceipmaestrorafaelbravomartin.es\/?cat=9"},"img":{"alt_text":"","src":"","width":0,"height":0},"classes":[]},{"id":261,"url":"https:\/\/www.ceipmaestrorafaelbravomartin.es\/?p=261","url_meta":{"origin":3551,"position":3},"title":"BIENVENIDA AL CURSO 2012-2013","author":"CEIP Maestro Rafael Bravo Mart\u00edn","date":"5 septiembre, 2012","format":false,"excerpt":"D\u00cdA DE INICIO DEL CURSO 2012\/13: MARTES, 11 DE SEPTIEMBRE BIENVENIDA A \u00a0 TODOS\/AS EN EL PATIO INTERIOR DE ALBERO, A LAS 10:00 H. A CONTINUACI\u00d3N: \u00a0 \u00a0 \u00a0 INFANTIL: REUNI\u00d3N DE PADRES\/MADRES SIN NI\u00d1OS\/AS EN SUS CLASES. \u00a0 PRIMER CICLO DE PRIMARIA: EN SUS RESPECTIVAS AULAS REUNI\u00d3N DE PADRES\/MADRES\u2026","rel":"","context":"En \u00abEl centro\u00bb","block_context":{"text":"El centro","link":"https:\/\/www.ceipmaestrorafaelbravomartin.es\/?cat=10"},"img":{"alt_text":"","src":"","width":0,"height":0},"classes":[]},{"id":148,"url":"https:\/\/www.ceipmaestrorafaelbravomartin.es\/?p=148","url_meta":{"origin":3551,"position":4},"title":"Semana Cultural: Nuestro Centro. Ayer y Hoy","author":"CEIP Maestro Rafael Bravo Mart\u00edn","date":"10 marzo, 2011","format":false,"excerpt":"Lema: Nuestro Centro. Ayer y Hoy. \u00a0 Durante la semana del 21 al 25 de marzo y durante un tiempo, cada curso con su tutor-a realizar\u00e1 una actividad relacionada con le lema de nuestra semana cultural.\u00a0 \u00a0 Actividades: - Limpieza del centro. - Decoraci\u00f3n del centro. - Conocimiento del centro.\u2026","rel":"","context":"En \u00abActividades extraescolares\u00bb","block_context":{"text":"Actividades extraescolares","link":"https:\/\/www.ceipmaestrorafaelbravomartin.es\/?cat=14"},"img":{"alt_text":"","src":"","width":0,"height":0},"classes":[]},{"id":519,"url":"https:\/\/www.ceipmaestrorafaelbravomartin.es\/?p=519","url_meta":{"origin":3551,"position":5},"title":"INICIO DEL CURSO 2013\/14","author":"CEIP Maestro Rafael Bravo Mart\u00edn","date":"4 septiembre, 2013","format":false,"excerpt":"INICIO DEL CURSO 2013\/14: BIENVENIDA EL MARTES, 10 DE SEPTIEMBRE A LAS 10:00 H. EN EL PATIO \u201cANTONIO MILL\u00c1N RUVIRA\u201d EDUCACI\u00d3N INFANTIL : REUNI\u00d3N DE PADRES\/MADRES SIN NI\u00d1OS-AS EN SUS RESPECTIVAS AULAS 1\u00ba Y 2\u00ba: REUNI\u00d3N DE PADRES\/MADRES CON NI\u00d1OS-AS EN SUS RESPECTIVAS AULAS 3\u00ba, 4\u00ba, 5\u00ba Y 6\u00ba: LOS\u2026","rel":"","context":"En \u00abEl centro\u00bb","block_context":{"text":"El centro","link":"https:\/\/www.ceipmaestrorafaelbravomartin.es\/?cat=10"},"img":{"alt_text":"","src":"","width":0,"height":0},"classes":[]}],"_links":{"self":[{"href":"https:\/\/www.ceipmaestrorafaelbravomartin.es\/index.php?rest_route=\/wp\/v2\/posts\/3551","targetHints":{"allow":["GET"]}}],"collection":[{"href":"https:\/\/www.ceipmaestrorafaelbravomartin.es\/index.php?rest_route=\/wp\/v2\/posts"}],"about":[{"href":"https:\/\/www.ceipmaestrorafaelbravomartin.es\/index.php?rest_route=\/wp\/v2\/types\/post"}],"author":[{"embeddable":true,"href":"https:\/\/www.ceipmaestrorafaelbravomartin.es\/index.php?rest_route=\/wp\/v2\/users\/6"}],"replies":[{"embeddable":true,"href":"https:\/\/www.ceipmaestrorafaelbravomartin.es\/index.php?rest_route=%2Fwp%2Fv2%2Fcomments&post=3551"}],"version-history":[{"count":1,"href":"https:\/\/www.ceipmaestrorafaelbravomartin.es\/index.php?rest_route=\/wp\/v2\/posts\/3551\/revisions"}],"predecessor-version":[{"id":3552,"href":"https:\/\/www.ceipmaestrorafaelbravomartin.es\/index.php?rest_route=\/wp\/v2\/posts\/3551\/revisions\/3552"}],"wp:attachment":[{"href":"https:\/\/www.ceipmaestrorafaelbravomartin.es\/index.php?rest_route=%2Fwp%2Fv2%2Fmedia&parent=3551"}],"wp:term":[{"taxonomy":"category","embeddable":true,"href":"https:\/\/www.ceipmaestrorafaelbravomartin.es\/index.php?rest_route=%2Fwp%2Fv2%2Fcategories&post=3551"},{"taxonomy":"post_tag","embeddable":true,"href":"https:\/\/www.ceipmaestrorafaelbravomartin.es\/index.php?rest_route=%2Fwp%2Fv2%2Ftags&post=3551"}],"curies":[{"name":"wp","href":"https:\/\/api.w.org\/{rel}","templated":true}]}}