{"id":44,"date":"2010-10-20T09:40:43","date_gmt":"2010-10-20T07:40:43","guid":{"rendered":"http:\/\/blogasuncion.es\/?p=44"},"modified":"2014-10-12T20:20:38","modified_gmt":"2014-10-12T18:20:38","slug":"vodafone","status":"publish","type":"post","link":"https:\/\/www.ceipmaestrorafaelbravomartin.es\/?p=44","title":{"rendered":"La Consejer\u00eda de Educaci\u00f3n y Vodafone ofertan acceso a Internet"},"content":{"rendered":"<p><a href=\"http:\/\/www.ced.junta-andalucia.es\/nav\/contenido.jsp?pag=\/Contenidos\/GabinetePrensa\/Notas_de_prensa\/2010\/Octubre\/nota_prensa_111010_vodafone\" target=\"_blank\">La Consejer\u00eda de Educaci\u00f3n y la empresa Vodafone <\/a>ofertan a las familias una tarifa de acceso a Internet fuera del horario lectivo, dirigida al alumnado de Primaria y Secundaria, enmarcada en el <a href=\"http:\/\/www.ced.junta-andalucia.es\/nav\/contenido.jsp?pag=\/Contenidos\/TemasFuerza\/nuevosTF\/300909_EscuelaTIC20\/texto_tic\" target=\"_blank\">Plan Escuela TIC 2.0 de Andaluc\u00eda<\/a>.L<span style=\"font-size: 12.96px\" class=\"Apple-style-span\">as familias andaluzas dispondr\u00e1n de una tarifa de acceso a Internet fuera del horario lectivo especialmente dise\u00f1ada para el alumnado de Primaria y Secundaria de la\u00a0<\/span><span style=\"font-size: 12.96px\" class=\"Apple-style-span\"><strong>Escuela TIC 2.0.<\/strong><\/span><\/p>\n<p><span style=\"font-size: 12.96px\" class=\"Apple-style-span\">El consejero de Educaci\u00f3n, Francisco \u00c1lvarez de la Chica, y el director territorial de Vodafone en Andaluc\u00eda y Extremadura, Diego Torrico, han acordado el lanzamiento de \u2018Internet Contigo Deberes\u2019, una tarifa de conexi\u00f3n m\u00f3vil de banda ancha que permitir\u00e1 al alumnado continuar trabajando en red desde sus hogares.<\/span>La tarifa \u2018<strong>Internet Contigo Deberes<\/strong>\u2019 ofrece un horario de navegaci\u00f3n por Internet ent<strong>re las 18.00 y las 21.00 horas<\/strong> desde cualquier lugar con un coste de <strong>9 euros al mes<\/strong>. Adem\u00e1s, incluye un filtro que impide el acceso a contenidos inapropiados para los escolares, garantizando una <strong>navegaci\u00f3n segura. <\/strong><\/p>\n<p>El acceso a Internet se realiza mediante un <a href=\"http:\/\/blogasuncion.es\/wp-content\/uploads\/2010\/10\/9f3ef789ccf24300af0318b3903ca08e_modem_k3520.jpg\" target=\"_blank\">m\u00f3dem USB<\/a> de edici\u00f3n especial, disponible en los puntos venta Vodafone, que las familias podr\u00e1n adquirir presentando el folleto de \u00abInternet Contigo Deberes sellado\u00bb por el centro educativo en el que estudien sus hijas e hijos. La conexi\u00f3n a Internet fuera del aula es uno de los retos de la Escuela TIC 2.0 que, m\u00e1s all\u00e1 de la dotaci\u00f3n de ordenadores port\u00e1tiles al alumnado, pretende hacer part\u00edcipes a las familias del proceso educativo. El ordenador se convierte as\u00ed en una herramienta pedag\u00f3gica que acompa\u00f1a al alumnado no s\u00f3lo durante el horario lectivo sino que tambi\u00e9n se incorpora a su mochila para continuar en casa con sus deberes.<\/p>\n","protected":false},"excerpt":{"rendered":"<p><img loading=\"lazy\" decoding=\"async\" src=\"http:\/\/blogasuncion.es\/wp-content\/uploads\/2010\/10\/consejero.jpg\" border=\"0\" width=\"127\" height=\"85\" \/>Recojo una notica publicada en la web ANDATIC (Asociacion de profesionales de la Educaci\u00f3n con las TIC), de la cual soy colaborador.<\/p>\n","protected":false},"author":4,"featured_media":42,"comment_status":"closed","ping_status":"open","sticky":false,"template":"","format":"standard","meta":{"jetpack_post_was_ever_published":false,"_jetpack_newsletter_access":"","_jetpack_dont_email_post_to_subs":false,"_jetpack_newsletter_tier_id":0,"_jetpack_memberships_contains_paywalled_content":false,"_jetpack_memberships_contains_paid_content":false,"footnotes":""},"categories":[19],"tags":[54,56,55],"class_list":["post-44","post","type-post","status-publish","format-standard","has-post-thumbnail","hentry","category-noticiastic","tag-consejeria","tag-internet","tag-vodafone"],"jetpack_featured_media_url":"https:\/\/www.ceipmaestrorafaelbravomartin.es\/wp-content\/uploads\/2010\/10\/consejero.jpg","jetpack_sharing_enabled":true,"jetpack_shortlink":"https:\/\/wp.me\/s9VlHp-vodafone","jetpack-related-posts":[{"id":33,"url":"https:\/\/www.ceipmaestrorafaelbravomartin.es\/?p=33","url_meta":{"origin":44,"position":0},"title":"Centro TIC","author":"CEIP Maestro Rafael Bravo Mart\u00edn","date":"18 octubre, 2010","format":false,"excerpt":"Nuestra sociedad actual est\u00e1 caracterizada por cambios r\u00e1pidos y profundos, especialmente motivados por el desarrollo de las Nuevas Tecnolog\u00edas de la Informaci\u00f3n y el Conocimiento. La escuela no puede estar ajena a este fen\u00f3meno y tenemos la obligaci\u00f3n de preparar a nuestros alumnos y alumnas para esta sociedad, en la\u2026","rel":"","context":"En \u00abPlanes y programas\u00bb","block_context":{"text":"Planes y programas","link":"https:\/\/www.ceipmaestrorafaelbravomartin.es\/?cat=23"},"img":{"alt_text":"","src":"","width":0,"height":0},"classes":[]},{"id":303,"url":"https:\/\/www.ceipmaestrorafaelbravomartin.es\/?p=303","url_meta":{"origin":44,"position":1},"title":"Proceso de escolarizaci\u00f3n 2013\/2014","author":"CEIP Maestro Rafael Bravo Mart\u00edn","date":"21 febrero, 2013","format":false,"excerpt":"Normativa que regula los criterios y el procedimiento de admisi\u00f3n del alumnado en los centros docentes p\u00fablicos y privados concertados.\u00a0 DECRETO 40\/2011, de 22 de febrero, por el que se regulan los criterios y el procedimiento de admisi\u00f3n del alumnado en los centros docentes p\u00fablicos y privados concertados para cursar\u2026","rel":"","context":"En \u00abEl centro\u00bb","block_context":{"text":"El centro","link":"https:\/\/www.ceipmaestrorafaelbravomartin.es\/?cat=10"},"img":{"alt_text":"","src":"","width":0,"height":0},"classes":[]},{"id":687,"url":"https:\/\/www.ceipmaestrorafaelbravomartin.es\/?p=687","url_meta":{"origin":44,"position":2},"title":"Proceso de escolarizaci\u00f3n 2014\/2015","author":"CEIP Maestro Rafael Bravo Mart\u00edn","date":"4 marzo, 2014","format":false,"excerpt":"Normativa que regula los criterios y el procedimiento de admisi\u00f3n del alumnado en los centros docentes p\u00fablicos y privados concertados.\u00a0 DECRETO 40\/2011, de 22 de febrero, por el que se regulan los criterios y el procedimiento de admisi\u00f3n del alumnado en los centros docentes p\u00fablicos y privados concertados para cursar\u2026","rel":"","context":"En \u00abEl centro\u00bb","block_context":{"text":"El centro","link":"https:\/\/www.ceipmaestrorafaelbravomartin.es\/?cat=10"},"img":{"alt_text":"","src":"","width":0,"height":0},"classes":[]},{"id":136,"url":"https:\/\/www.ceipmaestrorafaelbravomartin.es\/?p=136","url_meta":{"origin":44,"position":3},"title":"Convocator\u00eda de Reuni\u00f3n Informativa a las familias sobre PASEN","author":"CEIP Maestro Rafael Bravo Mart\u00edn","date":"24 enero, 2011","format":false,"excerpt":"Se convoca a los tutores legales del alumnado del Centro a la reuni\u00f3n informativa que tendr\u00e1 lugar el pr\u00f3ximo martes d\u00eda 1 de febrero en el Sal\u00f3n de Usos M\u00faltiples del Centro. El motivo es dar a conocer la plataforma educativa PASEN que durante el presente curso escolar vamos a\u2026","rel":"","context":"En \u00abNoticias TIC\u00bb","block_context":{"text":"Noticias TIC","link":"https:\/\/www.ceipmaestrorafaelbravomartin.es\/?cat=19"},"img":{"alt_text":"","src":"","width":0,"height":0},"classes":[]},{"id":156,"url":"https:\/\/www.ceipmaestrorafaelbravomartin.es\/?p=156","url_meta":{"origin":44,"position":4},"title":"Estrenamos el Aula TIC Musical","author":"CEIP Maestro Rafael Bravo Mart\u00edn","date":"29 abril, 2011","format":false,"excerpt":"Tengo el placer de informarles de la inauguraci\u00f3n de un nuevo espacio virtual para el \u00e1rea de m\u00fasica, en el marco del Plan Escuela TIC 2.0. \u00a0 Se trata de un aula virtual dise\u00f1ada con la plataforma Moodle y que est\u00e1 dirigida al alumnado del 3er ciclo de primaria. Los\u2026","rel":"","context":"En \u00abNoticias TIC\u00bb","block_context":{"text":"Noticias TIC","link":"https:\/\/www.ceipmaestrorafaelbravomartin.es\/?cat=19"},"img":{"alt_text":"","src":"https:\/\/i0.wp.com\/www.ceipmaestrorafaelbravomartin.es\/wp-content\/uploads\/2011\/04\/aulavirtual.jpg?resize=350%2C200&ssl=1","width":350,"height":200,"srcset":"https:\/\/i0.wp.com\/www.ceipmaestrorafaelbravomartin.es\/wp-content\/uploads\/2011\/04\/aulavirtual.jpg?resize=350%2C200&ssl=1 1x, https:\/\/i0.wp.com\/www.ceipmaestrorafaelbravomartin.es\/wp-content\/uploads\/2011\/04\/aulavirtual.jpg?resize=525%2C300&ssl=1 1.5x, https:\/\/i0.wp.com\/www.ceipmaestrorafaelbravomartin.es\/wp-content\/uploads\/2011\/04\/aulavirtual.jpg?resize=700%2C400&ssl=1 2x, https:\/\/i0.wp.com\/www.ceipmaestrorafaelbravomartin.es\/wp-content\/uploads\/2011\/04\/aulavirtual.jpg?resize=1050%2C600&ssl=1 3x, https:\/\/i0.wp.com\/www.ceipmaestrorafaelbravomartin.es\/wp-content\/uploads\/2011\/04\/aulavirtual.jpg?resize=1400%2C800&ssl=1 4x"},"classes":[]},{"id":2212,"url":"https:\/\/www.ceipmaestrorafaelbravomartin.es\/?p=2212","url_meta":{"origin":44,"position":5},"title":"Interrupci\u00f3n de procedimientos","author":"CEIP Maestro Rafael Bravo Mart\u00edn","date":"18 marzo, 2020","format":false,"excerpt":"De acuerdo con lo establecido en la Disposici\u00f3n adicional tercera del Real Decreto 463\/2020, de 14 de marzo, por el que se declara el estado de alarma para la gesti\u00f3n de la situaci\u00f3n de crisis sanitaria ocasionada por el COVID-19, se suspenden t\u00e9rminos y se interrumpen los plazos para la\u2026","rel":"","context":"En \u00abEstado de alarma\u00bb","block_context":{"text":"Estado de alarma","link":"https:\/\/www.ceipmaestrorafaelbravomartin.es\/?cat=122"},"img":{"alt_text":"","src":"","width":0,"height":0},"classes":[]}],"_links":{"self":[{"href":"https:\/\/www.ceipmaestrorafaelbravomartin.es\/index.php?rest_route=\/wp\/v2\/posts\/44","targetHints":{"allow":["GET"]}}],"collection":[{"href":"https:\/\/www.ceipmaestrorafaelbravomartin.es\/index.php?rest_route=\/wp\/v2\/posts"}],"about":[{"href":"https:\/\/www.ceipmaestrorafaelbravomartin.es\/index.php?rest_route=\/wp\/v2\/types\/post"}],"author":[{"embeddable":true,"href":"https:\/\/www.ceipmaestrorafaelbravomartin.es\/index.php?rest_route=\/wp\/v2\/users\/4"}],"replies":[{"embeddable":true,"href":"https:\/\/www.ceipmaestrorafaelbravomartin.es\/index.php?rest_route=%2Fwp%2Fv2%2Fcomments&post=44"}],"version-history":[{"count":1,"href":"https:\/\/www.ceipmaestrorafaelbravomartin.es\/index.php?rest_route=\/wp\/v2\/posts\/44\/revisions"}],"predecessor-version":[{"id":977,"href":"https:\/\/www.ceipmaestrorafaelbravomartin.es\/index.php?rest_route=\/wp\/v2\/posts\/44\/revisions\/977"}],"wp:featuredmedia":[{"embeddable":true,"href":"https:\/\/www.ceipmaestrorafaelbravomartin.es\/index.php?rest_route=\/wp\/v2\/media\/42"}],"wp:attachment":[{"href":"https:\/\/www.ceipmaestrorafaelbravomartin.es\/index.php?rest_route=%2Fwp%2Fv2%2Fmedia&parent=44"}],"wp:term":[{"taxonomy":"category","embeddable":true,"href":"https:\/\/www.ceipmaestrorafaelbravomartin.es\/index.php?rest_route=%2Fwp%2Fv2%2Fcategories&post=44"},{"taxonomy":"post_tag","embeddable":true,"href":"https:\/\/www.ceipmaestrorafaelbravomartin.es\/index.php?rest_route=%2Fwp%2Fv2%2Ftags&post=44"}],"curies":[{"name":"wp","href":"https:\/\/api.w.org\/{rel}","templated":true}]}}